{"id":159613,"date":"2025-10-06T16:00:28","date_gmt":"2025-10-06T16:00:28","guid":{"rendered":"https:\/\/www.europesays.com\/es\/159613\/"},"modified":"2025-10-06T16:00:28","modified_gmt":"2025-10-06T16:00:28","slug":"historico-debut-de-san-jose-en-la-liga-femenina-de-basquet-rivales-y-plantel-completo","status":"publish","type":"post","link":"https:\/\/www.europesays.com\/es\/159613\/","title":{"rendered":"Hist\u00f3rico debut de San Jos\u00e9 en la Liga Femenina de B\u00e1squet: rivales y plantel completo"},"content":{"rendered":"<p>La <strong>Uni\u00f3n Deportiva San Jos\u00e9<\/strong> vivir\u00e1 este fin de semana un hecho hist\u00f3rico: su <strong>debut en la Liga Femenina de B\u00e1squet<\/strong>, m\u00e1xima categor\u00eda del pa\u00eds. El club de Mendoza, que forma parte de la <strong>temporada 2025\/26<\/strong>, marcar\u00e1 un antes y un despu\u00e9s para el b\u00e1squet local de la provincia.<\/p>\n<p>El estreno de San Jos\u00e9 ser\u00e1 el <strong>s\u00e1bado 4 de octubre a las 19<\/strong>, cuando reciba en el <strong>Estadio Mario D\u00edaz<\/strong> a <strong>Gorriones de C\u00f3rdoba<\/strong>. El domingo 5, tambi\u00e9n como local, enfrentar\u00e1 a <strong>Bochas Sport Club<\/strong> desde las <strong>20<\/strong>.<\/p>\n<p>\t\t\t\t\t\t\t\t<a href=\"https:\/\/www.elsol.com.ar\/mendoza\/se-pico-el-pj-de-san-rafael-salio-a-cruzar-las-polemicas-acusaciones-de-hebe-casado-sobre-los-felix\/\" rel=\"bookmark nofollow noopener\" tabindex=\"-1\" aria-hidden=\"true\" target=\"_blank\"><br \/>\n\t\t\t\t\t\t\t\t\t\t\t\t<img loading=\"lazy\" decoding=\"async\" width=\"1200\" height=\"900\" src=\"https:\/\/www.europesays.com\/es\/wp-content\/uploads\/2025\/10\/casado-vs-felix.jpg\" class=\"attachment-newspack-article-block-landscape-large size-newspack-article-block-landscape-large wp-post-image\" alt=\"Se pic\u00f3: el PJ de San Rafael sali\u00f3 a cruzar las pol\u00e9micas acusaciones de Hebe Casado sobre los F\u00e9lix\" data-hero-candidate=\"1\"  \/>\t\t\t\t\t\t\t\t\t\t\t\t<\/a><\/p>\n<p>Mientras el intendente Omar F\u00e9lix y su hermano Emir decidieron llamarse a silencio, los alfiles del peronismo sure\u00f1o salieron a hacer frente a las declaraciones de la vicegobernadora Hebe Casado ante la posibilidad de que se produzcan incidentes cuando visite San\u2026<\/p>\n<p>El <strong>plantel de San Jos\u00e9 <\/strong>est\u00e1 conformado por: Ashia McAlla, Renata Serangeli, Luj\u00e1n S\u00e1nchez y Victoria Garc\u00eda (bases); Millie Burguener, Virginia Peralta, Sol Quiroga, Lourdes Cabral, Sof\u00eda Garc\u00eda, Victoria Zogbe, Olivia Griffa y Zoe Caba\u00f1ez (perimetrales); <strong>Natacha P\u00e9rez (C)<\/strong>, Lorena Da Silva, Gabriela Herrera, Antonella Cavallera, Melanie\u00a0Verdugo (internas).<\/p>\n<p><img loading=\"lazy\" data-recalc-dims=\"1\" decoding=\"async\" width=\"683\" height=\"1024\" src=\"https:\/\/www.europesays.com\/es\/wp-content\/uploads\/2025\/10\/WhatsApp-Image-2025-09-30-at-19.42.54.jpeg\" alt=\"\" class=\"wp-image-2147122\" style=\"width:810px;height:auto\"  \/>Natacha P\u00e9rez, capitana del equipo.<\/p>\n<p>Un torneo con r\u00e9cord de equipos<\/p>\n<p>La temporada 2025\/26 de la <strong>Liga Femenina<\/strong> contar\u00e1 con <strong>18 equipos<\/strong>, la mayor cantidad en la historia del certamen. El campeonato se dividir\u00e1 en <strong>Conferencia Sur<\/strong> y <strong>Conferencia Norte<\/strong>, y tendr\u00e1 una fase regular bajo formato de ida y vuelta hasta el <strong>28 de noviembre<\/strong>.<\/p>\n<p>En la <strong>Conferencia Sur<\/strong> competir\u00e1n Berazategui, El Bigu\u00e1, El Talar, Ferro, Independiente de Neuqu\u00e9n, Lan\u00fas, Obras, Rocamora y Uni\u00f3n Florida.<\/p>\n<p>En la <strong>Conferencia Norte<\/strong>, junto a San Jos\u00e9, estar\u00e1n Bochas, Deportivo Cha\u00f1ares, Gorriones, Hind\u00fa, Instituto, N\u00e1utico Sportivo Avellaneda, Riachuelo y Quimsa.<\/p>\n<p><img loading=\"lazy\" data-recalc-dims=\"1\" decoding=\"async\" width=\"780\" height=\"338\" src=\"https:\/\/www.europesays.com\/es\/wp-content\/uploads\/2025\/10\/image-26.png\" alt=\"\" class=\"wp-image-2147134\"  \/><\/p>\n<p>Lo que se viene <\/p>\n<p>Luego del <strong>Torneo Apertura 2025<\/strong>, la agenda de la Liga Femenina continuar\u00e1 en enero de 2026 con la <strong>Supercopa<\/strong>, que enfrentar\u00e1 a <strong>El Talar<\/strong> (campe\u00f3n del Apertura 24\/25) contra <strong>Ferro Carril Oeste<\/strong> (campe\u00f3n 2025). El ganador ser\u00e1 el representante argentino en la <strong>Liga Sudamericana 2026<\/strong>.<\/p>\n<p>M\u00e1s adelante, se disputar\u00e1 la <strong>Liga Femenina 2026<\/strong>, que mantendr\u00e1 el sistema de conferencias y definir\u00e1 a su campe\u00f3n mediante <strong>playoffs<\/strong>.<\/p>\n<p><strong>La participaci\u00f3n de Uni\u00f3n Deportiva San Jos\u00e9 en la Liga Femenina es un logro sin precedentes para el b\u00e1squet femenino mendocino<\/strong>. Con su debut, la provincia suma presencia en el nivel m\u00e1s alto del deporte nacional.<\/p>\n<p>\n\tM\u00c1S NOTICIAS:<\/p>\n","protected":false},"excerpt":{"rendered":"La Uni\u00f3n Deportiva San Jos\u00e9 vivir\u00e1 este fin de semana un hecho hist\u00f3rico: su debut en la Liga&hellip;\n","protected":false},"author":2,"featured_media":159614,"comment_status":"","ping_status":"","sticky":false,"template":"","format":"standard","meta":{"footnotes":""},"categories":[269],"tags":[299,298,4597,168,25,24,47441,9142,23,167,47442],"class_list":{"0":"post-159613","1":"post","2":"type-post","3":"status-publish","4":"format-standard","5":"has-post-thumbnail","7":"category-baloncesto","8":"tag-baloncesto","9":"tag-basketball","10":"tag-basquet","11":"tag-deportes","12":"tag-es","13":"tag-espana","14":"tag-liga-femenina-nacional","15":"tag-mendoza","16":"tag-spain","17":"tag-sports","18":"tag-union-deportiva-san-jose"},"share_on_mastodon":{"url":"","error":""},"_links":{"self":[{"href":"https:\/\/www.europesays.com\/es\/wp-json\/wp\/v2\/posts\/159613","targetHints":{"allow":["GET"]}}],"collection":[{"href":"https:\/\/www.europesays.com\/es\/wp-json\/wp\/v2\/posts"}],"about":[{"href":"https:\/\/www.europesays.com\/es\/wp-json\/wp\/v2\/types\/post"}],"author":[{"embeddable":true,"href":"https:\/\/www.europesays.com\/es\/wp-json\/wp\/v2\/users\/2"}],"replies":[{"embeddable":true,"href":"https:\/\/www.europesays.com\/es\/wp-json\/wp\/v2\/comments?post=159613"}],"version-history":[{"count":0,"href":"https:\/\/www.europesays.com\/es\/wp-json\/wp\/v2\/posts\/159613\/revisions"}],"wp:featuredmedia":[{"embeddable":true,"href":"https:\/\/www.europesays.com\/es\/wp-json\/wp\/v2\/media\/159614"}],"wp:attachment":[{"href":"https:\/\/www.europesays.com\/es\/wp-json\/wp\/v2\/media?parent=159613"}],"wp:term":[{"taxonomy":"category","embeddable":true,"href":"https:\/\/www.europesays.com\/es\/wp-json\/wp\/v2\/categories?post=159613"},{"taxonomy":"post_tag","embeddable":true,"href":"https:\/\/www.europesays.com\/es\/wp-json\/wp\/v2\/tags?post=159613"}],"curies":[{"name":"wp","href":"https:\/\/api.w.org\/{rel}","templated":true}]}}