{"id":159615,"date":"2025-10-06T16:01:16","date_gmt":"2025-10-06T16:01:16","guid":{"rendered":"https:\/\/www.europesays.com\/es\/159615\/"},"modified":"2025-10-06T16:01:16","modified_gmt":"2025-10-06T16:01:16","slug":"valencia-real-oviedo-el-entrenador-del-valencia-senala-un-jugador-del-oviedo-como-clave-en-la-remontada-sabe-jugar-de-espaldas-y-tiene-mucho-peligro","status":"publish","type":"post","link":"https:\/\/www.europesays.com\/es\/159615\/","title":{"rendered":"VALENCIA &#8211; REAL OVIEDO | El entrenador del Valencia se\u00f1ala un jugador del Oviedo como clave en la remontada: \u00abSabe jugar de espaldas y tiene mucho peligro\u00bb"},"content":{"rendered":"<p class=\"ft-text\">Para Carlos <strong>Corber\u00e1n<\/strong>, entrenador del Valencia, el 1-2 supuso un duro varapalo en una noche, <strong>adem\u00e1s<\/strong>, en la que escuch\u00f3 los pitos de <strong>Mestalla<\/strong>. El t\u00e9cnico explic\u00f3 la derrota asegurando que \u00aben vez ir a m\u00e1s fuimos a menos. Empezamos como deb\u00edamos, y encontramos un gol que nos premia. A partir de ah\u00ed nos sentimos superiores pero lo fuimos perdiendo. Nos han ganado duelos y nos hemos quedado sin saber qu\u00e9 hacer. Lo mejor en la primera parte fue el resultado. Con el ajuste de los cambios mejoramos\u00bb.<\/p>\n<p class=\"ft-text\">Y a\u00f1ade <strong>Corber\u00e1n<\/strong>: \u00abEl penalti pudo cambiar el transcurrir del partido, pero no pudimos aprovecharlo, y ellos estaban vivos despu\u00e9s de esa acci\u00f3n. Metieron a <strong>Rond\u00f3n<\/strong>, que sabe jugar de espaldas y tiene mucho peligro. En el c\u00f3rner del empate hemos perdido la marca, fue un duro golpe an\u00edmico entre el penalti y su gol. Y sin <strong>tiempo <\/strong>para reaccionar, despu\u00e9s de un buen ataque ellos generan una contra y otra acci\u00f3n que es accidentada acaba con el gol del <strong>Oviedo <\/strong>que ya nos deja poca opci\u00f3n al final\u00bb.<\/p>\n<p class=\"ft-text\">Sobre el <strong>penalti <\/strong>fallado, dijo que \u00abel lanzador era <strong>Danjuma<\/strong>, ya que <strong>Pepelu <\/strong>no iniciaba el partido. Cuando hay un cambio y entra un jugador, uno nunca sabe que jugador va a estar en el campo. De inicio, Danjuma era hoy el responsable. Pienso que lo pod\u00eda haber metido y lo ha fallado. <strong>Pepelu <\/strong>tambi\u00e9n lo pod\u00eda haber metido o lo pod\u00eda haber fallado. Lo que s\u00ed que sabemos es que no hemos sido capaces de aprovechar la opci\u00f3n que ten\u00edamos de ventaja\u201d.<\/p>\n<p class=\"ft-text\">Por \u00faltimo valor\u00f3 la primera derrota en su <strong>feudo<\/strong>: \u00abLos pitidos de <strong>Mestalla <\/strong>los compartimos. Lo que m\u00e1s me duele es no haber jugado el partido que este equipo puede jugar. Fruto de no haberlo jugado bien, hemos dado opciones al rival y no hemos sido capaces de encaminarlo. La cr\u00edtica hay que aceptarla porqu\u00e9 ha sido justa\u201d. Y a\u00f1adi\u00f3: \u00ab\u201cNo hemos jugado al nivel que tenemos que jugar. Creo que tenemos que mejorar nuestro nivel competitivo. Hablar de <strong>objetivos <\/strong>por encima de competir los partidos, para m\u00ed no tiene sentido. Lo que tiene sentido es centrarnos en el partido y hoy est\u00e1 claro que no lo hemos <strong>competido <\/strong>o jugado a lo que el equipo es capaz de jugar. Y ah\u00ed el responsable siempre va a ser el entrenador, aunque responsables somos todos, todos los que formamos parte del equipo, los que estamos presentes, los que entrenamos, preparamos partidos, jugamos\u2026 Nos responsabilizamos. Las cosas se mejoran desde la responsabilidad y no desde las excusas\u00bb.<\/p>\n","protected":false},"excerpt":{"rendered":"Para Carlos Corber\u00e1n, entrenador del Valencia, el 1-2 supuso un duro varapalo en una noche, adem\u00e1s, en la&hellip;\n","protected":false},"author":2,"featured_media":159616,"comment_status":"","ping_status":"","sticky":false,"template":"","format":"standard","meta":{"footnotes":""},"categories":[268],"tags":[168,2226,25,24,280,282,378,23081,1796,43940,3302,16555,281,23,167,235],"class_list":{"0":"post-159615","1":"post","2":"type-post","3":"status-publish","4":"format-standard","5":"has-post-thumbnail","7":"category-futbol","8":"tag-deportes","9":"tag-entrenador","10":"tag-es","11":"tag-espana","12":"tag-football","13":"tag-futbol","14":"tag-jugador","15":"tag-mestalla","16":"tag-oviedo","17":"tag-pepelu","18":"tag-real-oviedo","19":"tag-senala","20":"tag-soccer","21":"tag-spain","22":"tag-sports","23":"tag-valencia"},"share_on_mastodon":{"url":"","error":""},"_links":{"self":[{"href":"https:\/\/www.europesays.com\/es\/wp-json\/wp\/v2\/posts\/159615","targetHints":{"allow":["GET"]}}],"collection":[{"href":"https:\/\/www.europesays.com\/es\/wp-json\/wp\/v2\/posts"}],"about":[{"href":"https:\/\/www.europesays.com\/es\/wp-json\/wp\/v2\/types\/post"}],"author":[{"embeddable":true,"href":"https:\/\/www.europesays.com\/es\/wp-json\/wp\/v2\/users\/2"}],"replies":[{"embeddable":true,"href":"https:\/\/www.europesays.com\/es\/wp-json\/wp\/v2\/comments?post=159615"}],"version-history":[{"count":0,"href":"https:\/\/www.europesays.com\/es\/wp-json\/wp\/v2\/posts\/159615\/revisions"}],"wp:featuredmedia":[{"embeddable":true,"href":"https:\/\/www.europesays.com\/es\/wp-json\/wp\/v2\/media\/159616"}],"wp:attachment":[{"href":"https:\/\/www.europesays.com\/es\/wp-json\/wp\/v2\/media?parent=159615"}],"wp:term":[{"taxonomy":"category","embeddable":true,"href":"https:\/\/www.europesays.com\/es\/wp-json\/wp\/v2\/categories?post=159615"},{"taxonomy":"post_tag","embeddable":true,"href":"https:\/\/www.europesays.com\/es\/wp-json\/wp\/v2\/tags?post=159615"}],"curies":[{"name":"wp","href":"https:\/\/api.w.org\/{rel}","templated":true}]}}