{"id":159617,"date":"2025-10-06T16:02:18","date_gmt":"2025-10-06T16:02:18","guid":{"rendered":"https:\/\/www.europesays.com\/es\/159617\/"},"modified":"2025-10-06T16:02:18","modified_gmt":"2025-10-06T16:02:18","slug":"la-boda-blindada-de-stella-banderas-moviles-prohibidos-y-seguridad-extrema-en-valladolid-abc","status":"publish","type":"post","link":"https:\/\/www.europesays.com\/es\/159617\/","title":{"rendered":"La boda blindada de Stella Banderas: m\u00f3viles prohibidos y seguridad extrema en Valladolid &#8211; ABC"},"content":{"rendered":"<ol>\n<li><a href=\"https:\/\/news.google.com\/rss\/articles\/CBMiqgFBVV95cUxNSTZMQlVsODM0NmJMd2hRZ1I2V3VsQ3UzcHdOdXZyU1RfN05ydmdFUkJOUEkybmYyYjFDZ3ZZZDI2NHUxdzdaLWI5OFFHMm52T2prWWpwOW5EaXlKU29LVmRFQzFaQTZ2OTNYTG5ZcGxhZ3k5empRVlg4YTNNNWVSYUo4cUptX0pBQThrRlFOTnVHakU5cFRZS09NVEw1eF9idmlwVXRXZW1wQdIBrwFBVV95cUxNcjhCVjVZendBSkpPUWQxMWdKOVJTUGx4Q1pxRjVRUTc0RTJlenczQm9GZV85bFVtMWltSkp6R05OUW1sV1VJa1BaS3hRTHE3c29lR0Q4YURGLWFUMmo5NjV2RWxDcXJCaEhoM0Jsb2NYdWdRMlhXQ0xBMjFmQklzY3pKeHlnYnRXYmtPMEpXSktYR0xRV2RwSjR5clFSV2tQZVVkS3Bub0JsOGo5eU9R?oc=5\" target=\"_blank\" rel=\"nofollow noopener\">La boda blindada de Stella Banderas: m\u00f3viles prohibidos y seguridad extrema en Valladolid<\/a>&nbsp;&nbsp;ABC<\/li>\n<li><a href=\"https:\/\/news.google.com\/rss\/articles\/CBMiugFBVV95cUxPUndGd1RWbnVIR3Azdm5YVjhHczRvVU5qcXNNako1blo5SXFBQXhNOVFKY05lWFJjMkhfbWlXemR1NmVWdENSb0tPUGx0YUMtdW5MWGg3MVplbHdHaFc4amhpLXFuRXc4VmNiUlNCSVJYT0pWZDVvbUVaZ1daVDdMNjlzdEo1OTU2YkpOWUE0YlNBbURGU1FaZm80bncyV1N2VGNBbWdXVzIxVG1zUWVkQkRONE93QTNqTnc?oc=5\" target=\"_blank\" rel=\"nofollow noopener\">El lugar de Valladolid elegido por la hija de Antonio Banderas para celebrar su boda: d\u00f3nde est\u00e1 y cu\u00e1nto dinero cuesta<\/a>&nbsp;&nbsp;ABC<\/li>\n<li><a href=\"https:\/\/news.google.com\/rss\/articles\/CBMi7gFBVV95cUxNQUVqS2pkV0hBbVlaVGw2NVAzYklrb3lmaGc4TGFjOFJYN2FyWWNhUVZsUWhCa0lBN3E4VmpybzROVHIyY1JVeVp1eXVrYmZTVGdkTS14ZkJSTklldXRSUUpYcEx3UEZGV085bklmZVRWQnFaQ3pkcXJjVFRZNkE1U0tUa0puVnVLUlIxZUJOOFczYklWR0NrQ2J3RFo4dGlveFFQYVZYampjcnhhXzdTdEN0d21tWUR2OEk3d3lXMWNmRGQ3UkpMTEpLSnBfcGNDYVBtYlExQWVPSFIyUHNybnV4aDU1X1huUU8wS0xB?oc=5\" target=\"_blank\" rel=\"nofollow noopener\">Stella Banderas, sobre su boda en tierras castellanas: \u201cSoy muy afortunada de poder casarme en el pa\u00eds que me vio nacer\u201d<\/a>&nbsp;&nbsp;EL PA\u00cdS<\/li>\n<li><a href=\"https:\/\/news.google.com\/rss\/articles\/CBMi_wFBVV95cUxPTFNENjFKLVFQZ0VTbGZBWWxKZGh4bmJaWWlTVHhMT01OazlLYzBhY0hHTndYSnA2dTN6X2Z2bFUwXzNhOUo3Y3pSdkt5cElpcFAxUE1vQlM3UDg0Rk51Mm1lSTRhWFpUeUtlUjVnZ0Z0UjJsNWNDamJ0MUdDcngyQTA0bGlRUmw4TGVkTnkyVmMxWU83YndNUFpQcGZCWEI4OGdDZks1OEFDLUExWEljMXZqRWhwNVBBbzZ6TVhjQ1Vmc0s2d25YbUUzQS1Lb01jZ09nZ09ZbG01V01LMzhWdGFpdHZ6ZjhzQ3N4ZUZCc29uWlZvQXFqU19ZMWx3Mlk?oc=5\" target=\"_blank\" rel=\"nofollow noopener\">Nuevos detalles de la boda de Stella del Carmen: la llegada de los novios, la preboda en Valbuena y todos los preparativos<\/a>&nbsp;&nbsp;Noticias Valladolid &#8211; Tribuna<\/li>\n<li><a href=\"https:\/\/news.google.com\/rss\/articles\/CBMixgFBVV95cUxOMFZPZ2xuYktKLXUwc0RoZUpqaTdsY0t6Q3ZXRDZLN0pSRVB3WkhqRE8yaEJUOWlwUWwyeVBEMWJfSU5pQ3h0aGt3UGtEY2o1czV1VDR4d25ZWnhTUFdhUjloNFdGUlBwYlA3WGtyTDNNcjZZcU9WemE5YnZnLUpUOTNEbzQ0dms4WnlveGgzNGV1OEdnTzB0YWUxZ3FTbjV3TW1MTURJQlB2cWtURm80VzhPdWpldW1sWjM5YkZzVTdONjF6WkE?oc=5\" target=\"_blank\" rel=\"nofollow noopener\">La boda blindada de Stella Banderas: m\u00f3viles prohibidos, seguridad y juegos de despiste<\/a>&nbsp;&nbsp;Vanitatis<\/li>\n<\/ol>\n","protected":false},"excerpt":{"rendered":"La boda blindada de Stella Banderas: m\u00f3viles prohibidos y seguridad extrema en Valladolid&nbsp;&nbsp;ABC El lugar de Valladolid elegido&hellip;\n","protected":false},"author":2,"featured_media":159587,"comment_status":"","ping_status":"","sticky":false,"template":"","format":"standard","meta":{"footnotes":""},"categories":[174],"tags":[255,146,147,25,24,256,23],"class_list":{"0":"post-159617","1":"post","2":"type-post","3":"status-publish","4":"format-standard","5":"has-post-thumbnail","7":"category-famosos","8":"tag-celebrities","9":"tag-entertainment","10":"tag-entretenimiento","11":"tag-es","12":"tag-espana","13":"tag-famosos","14":"tag-spain"},"share_on_mastodon":{"url":"","error":""},"_links":{"self":[{"href":"https:\/\/www.europesays.com\/es\/wp-json\/wp\/v2\/posts\/159617","targetHints":{"allow":["GET"]}}],"collection":[{"href":"https:\/\/www.europesays.com\/es\/wp-json\/wp\/v2\/posts"}],"about":[{"href":"https:\/\/www.europesays.com\/es\/wp-json\/wp\/v2\/types\/post"}],"author":[{"embeddable":true,"href":"https:\/\/www.europesays.com\/es\/wp-json\/wp\/v2\/users\/2"}],"replies":[{"embeddable":true,"href":"https:\/\/www.europesays.com\/es\/wp-json\/wp\/v2\/comments?post=159617"}],"version-history":[{"count":0,"href":"https:\/\/www.europesays.com\/es\/wp-json\/wp\/v2\/posts\/159617\/revisions"}],"wp:featuredmedia":[{"embeddable":true,"href":"https:\/\/www.europesays.com\/es\/wp-json\/wp\/v2\/media\/159587"}],"wp:attachment":[{"href":"https:\/\/www.europesays.com\/es\/wp-json\/wp\/v2\/media?parent=159617"}],"wp:term":[{"taxonomy":"category","embeddable":true,"href":"https:\/\/www.europesays.com\/es\/wp-json\/wp\/v2\/categories?post=159617"},{"taxonomy":"post_tag","embeddable":true,"href":"https:\/\/www.europesays.com\/es\/wp-json\/wp\/v2\/tags?post=159617"}],"curies":[{"name":"wp","href":"https:\/\/api.w.org\/{rel}","templated":true}]}}