{"id":159618,"date":"2025-10-06T16:03:15","date_gmt":"2025-10-06T16:03:15","guid":{"rendered":"https:\/\/www.europesays.com\/es\/159618\/"},"modified":"2025-10-06T16:03:15","modified_gmt":"2025-10-06T16:03:15","slug":"francisco-miguel-recibe-la-visita-de-su-familia-en-la-casares-quiroga","status":"publish","type":"post","link":"https:\/\/www.europesays.com\/es\/159618\/","title":{"rendered":"Francisco Miguel recibe la visita de su familia en la Casares Quiroga"},"content":{"rendered":"<p><img decoding=\"async\" loading=\"lazy\" alt=\"Los familiares de Francisco Miguel, esta ma\u00f1ana, delante de una obra del artista coru\u00f1\u00e9s\" width=\"800\" height=\"600\" src=\"https:\/\/www.europesays.com\/es\/wp-content\/uploads\/2025\/10\/68dbbcece6e61.jpeg\"\/><\/p>\n<p>Los familiares de Francisco Miguel, esta ma\u00f1ana, delante de una obra del artista coru\u00f1\u00e9s<\/p>\n<p>V. Seoane<\/p>\n<p class=\"\">Los familiares del<b> pintor coru\u00f1\u00e9s Francisco Miguel<\/b> que estos d\u00edas visitan a A Coru\u00f1a con motivo del entierro y de los homenajes a su ancestro vivieron esta ma\u00f1ana otro momento especial. Acudieron a la <b>casa-museo Casares Quiroga<\/b>, situada en la calle Panaderas, y dedicada tanto al que fue presidente del consejo de ministros en la II Rep\u00fablica, Santiago Casares Quiroga, como a su hija, la actriz Mar\u00eda Casares.<\/p>\n<p class=\"\">No por casualidad en el bajo del inmueble se expone <a href=\"https:\/\/www.elidealgallego.com\/articulo\/a-coruna\/restitucion-memoria-francisco-miguel-puesta-valor-legado-artistico-5415008\" rel=\"nofollow noopener\" target=\"_blank\">la muestra \u2018Francisco Miguel Fern\u00e1ndez D\u00edaz. 1897-1936\u2019<\/a>, que consta de cuarenta dibujos propiedad del Ayuntamiento de A Coru\u00f1a realizados por el artista asesinado en 1936.<\/p>\n<p class=\"\">El director del \u00e1rea de Cultura, Ux\u00edo Novo Rey, y Carmen Rodeja, presidenta de la Asociaci\u00f3n para la Recuperaci\u00f3n de la Memoria Hist\u00f3rica (ARMH), recibieron a los familiares en la casa-museo. Tambi\u00e9n acudieron al encuentro el poeta carball\u00e9s Miguel Anxo Fern\u00e1n-Vello, que encabez\u00f3 el lunes la comitiva f\u00fanebre que port\u00f3 en San Amaro la caja con los restos mortales de Francisco Miguel, y el artista lucense Ignacio Pardo.<\/p>\n<p class=\"\">Los familiares, procedentes unos de California y otros de M\u00e9xico, fotografiaron varias de las obras y tambi\u00e9n posaron ante ellas. A continuaci\u00f3n, una responsable de la casa-museo les hizo una visita guiada por la instalaci\u00f3n.<\/p>\n<p class=\"\">La muestra, que se abri\u00f3 el pasado 3 de septiembre, se clausura hoy.<\/p>\n","protected":false},"excerpt":{"rendered":"Los familiares de Francisco Miguel, esta ma\u00f1ana, delante de una obra del artista coru\u00f1\u00e9s V. Seoane Los familiares&hellip;\n","protected":false},"author":2,"featured_media":159619,"comment_status":"","ping_status":"","sticky":false,"template":"","format":"standard","meta":{"footnotes":""},"categories":[173],"tags":[229,233,231,230,232,234,146,147,25,24,23],"class_list":{"0":"post-159618","1":"post","2":"type-post","3":"status-publish","4":"format-standard","5":"has-post-thumbnail","7":"category-arte-y-diseno","8":"tag-arte","9":"tag-arte-y-diseno","10":"tag-arts","11":"tag-arts-and-design","12":"tag-design","13":"tag-diseno","14":"tag-entertainment","15":"tag-entretenimiento","16":"tag-es","17":"tag-espana","18":"tag-spain"},"share_on_mastodon":{"url":"","error":""},"_links":{"self":[{"href":"https:\/\/www.europesays.com\/es\/wp-json\/wp\/v2\/posts\/159618","targetHints":{"allow":["GET"]}}],"collection":[{"href":"https:\/\/www.europesays.com\/es\/wp-json\/wp\/v2\/posts"}],"about":[{"href":"https:\/\/www.europesays.com\/es\/wp-json\/wp\/v2\/types\/post"}],"author":[{"embeddable":true,"href":"https:\/\/www.europesays.com\/es\/wp-json\/wp\/v2\/users\/2"}],"replies":[{"embeddable":true,"href":"https:\/\/www.europesays.com\/es\/wp-json\/wp\/v2\/comments?post=159618"}],"version-history":[{"count":0,"href":"https:\/\/www.europesays.com\/es\/wp-json\/wp\/v2\/posts\/159618\/revisions"}],"wp:featuredmedia":[{"embeddable":true,"href":"https:\/\/www.europesays.com\/es\/wp-json\/wp\/v2\/media\/159619"}],"wp:attachment":[{"href":"https:\/\/www.europesays.com\/es\/wp-json\/wp\/v2\/media?parent=159618"}],"wp:term":[{"taxonomy":"category","embeddable":true,"href":"https:\/\/www.europesays.com\/es\/wp-json\/wp\/v2\/categories?post=159618"},{"taxonomy":"post_tag","embeddable":true,"href":"https:\/\/www.europesays.com\/es\/wp-json\/wp\/v2\/tags?post=159618"}],"curies":[{"name":"wp","href":"https:\/\/api.w.org\/{rel}","templated":true}]}}