{"id":159620,"date":"2025-10-06T16:04:15","date_gmt":"2025-10-06T16:04:15","guid":{"rendered":"https:\/\/www.europesays.com\/es\/159620\/"},"modified":"2025-10-06T16:04:15","modified_gmt":"2025-10-06T16:04:15","slug":"mercedes-ron-hay-que-estar-preparado-mentalmente-para-que-la-gente-quiera-modificar-tu-historia","status":"publish","type":"post","link":"https:\/\/www.europesays.com\/es\/159620\/","title":{"rendered":"Mercedes Ron: \u00abHay que estar preparado mentalmente para que la gente quiera modificar tu historia\u00bb"},"content":{"rendered":"<p>La \u00faltima entrega de la trilog\u00eda ver\u00e1 la luz el pr\u00f3ximo 16 de octubre en Prime Video<\/p>\n<p><strong>Del papel a la gran pantalla, todo un \u00e9xito que se ha reflejado en los libros de Mercedes Ron, escritora de la saga \u2018Culpables\u2019. Nick y Noah terminan su historia en una experiencia que lejos de solo triunfar en papel, tambi\u00e9n lo ha hecho en el cine.\u00a0<\/strong><\/p>\n<p><img data-recalc-dims=\"1\" fetchpriority=\"high\" decoding=\"async\" data-attachment-id=\"241969\" data-permalink=\"https:\/\/elgeneracionalpost.com\/cultura\/2025\/1006\/241627\/mercedes-ron-hay-que-estar-preparado-mentalmente-para-que-la-gente-quiera-modificar-tu-historia.html\/attachment\/captura-de-pantalla-2025-10-06-a-las-14-12-49\" data-orig-file=\"https:\/\/i0.wp.com\/elgeneracionalpost.com\/wp-content\/uploads\/2025\/10\/Captura-de-pantalla-2025-10-06-a-las-14.12.49.png?fit=1006%2C1350&amp;ssl=1\" data-orig-size=\"1006,1350\" data-comments-opened=\"0\" data-image-meta=\"{&quot;aperture&quot;:&quot;0&quot;,&quot;credit&quot;:&quot;&quot;,&quot;camera&quot;:&quot;&quot;,&quot;caption&quot;:&quot;&quot;,&quot;created_timestamp&quot;:&quot;0&quot;,&quot;copyright&quot;:&quot;&quot;,&quot;focal_length&quot;:&quot;0&quot;,&quot;iso&quot;:&quot;0&quot;,&quot;shutter_speed&quot;:&quot;0&quot;,&quot;title&quot;:&quot;&quot;,&quot;orientation&quot;:&quot;0&quot;}\" data-image-title=\"CULPA NUESTRA\" data-image-description=\"\" data-image-caption=\"&lt;p&gt;Cartel oficial de \u2018Culpa Nuestra\u2019 | Fuente: Instagram (@primevideoes)&lt;\/p&gt;&#10;\" data-medium-file=\"https:\/\/i0.wp.com\/elgeneracionalpost.com\/wp-content\/uploads\/2025\/10\/Captura-de-pantalla-2025-10-06-a-las-14.12.49.png?fit=224%2C300&amp;ssl=1\" data-large-file=\"https:\/\/i0.wp.com\/elgeneracionalpost.com\/wp-content\/uploads\/2025\/10\/Captura-de-pantalla-2025-10-06-a-las-14.12.49.png?fit=696%2C934&amp;ssl=1\" class=\"size-full wp-image-241969\" src=\"https:\/\/www.europesays.com\/es\/wp-content\/uploads\/2025\/10\/Captura-de-pantalla-2025-10-06-a-las-14.12.49.png\" alt=\"\" width=\"696\" height=\"934\"  \/>Cartel oficial de \u2018Culpa Nuestra\u2019 | Fuente: Prime Video<br \/>\nMercedes Ron: la voz detr\u00e1s del fen\u00f3meno<\/p>\n<p data-start=\"371\" data-end=\"823\">En apenas unos a\u00f1os, <strong data-start=\"392\" data-end=\"408\">Mercedes Ron<\/strong> se ha consolidado como una de las autoras m\u00e1s influyentes del panorama juvenil hispano. Nacida en Buenos Aires y afincada en Sevilla, esta escritora y creadora de historias apasionadas y turbulentas acumula ya <strong data-start=\"619\" data-end=\"646\">diez novelas publicadas<\/strong>, distribuidas en varias sagas que han cautivado a millones de lectores: la <strong>trilog\u00eda Culpables, la bilog\u00eda Enfrentados, la trilog\u00eda D\u00edmelo y la m\u00e1s reciente saga Bali.<\/strong><\/p>\n<p data-start=\"825\" data-end=\"1205\">Su salto a la fama lleg\u00f3 con Culpa m\u00eda, el primer t\u00edtulo de la trilog\u00eda Culpables, nacida en la plataforma Wattpad y convertida m\u00e1s tarde en un fen\u00f3meno editorial global. Los libros de la saga han vendido <strong data-start=\"1034\" data-end=\"1089\">m\u00e1s de tres millones de ejemplares en todo el mundo<\/strong> y se han traducido a m\u00e1s de diez idiomas, consolidando a Ron como <strong>una de las autoras m\u00e1s le\u00eddas de su generaci\u00f3n.<\/strong><\/p>\n<p data-start=\"1207\" data-end=\"1870\">El \u00e9xito literario pronto encontr\u00f3 eco en la pantalla con <a href=\"https:\/\/elgeneracionalpost.com\/cultura\/2022\/0608\/53089\/prime-video-desvela-a-los-protagonistas-de-su-proxima-pelicula-original-culpa-mia.html\" rel=\"nofollow noopener\" target=\"_blank\">Nicole Wallace y Gabriel Guevara<\/a>. <strong data-start=\"1262\" data-end=\"1277\">Prime Video<\/strong> apost\u00f3 por adaptar la trilog\u00eda al formato cinematogr\u00e1fico, con <a href=\"https:\/\/elgeneracionalpost.com\/cultura\/cine\/2023\/0609\/94007\/la-pelicula-culpa-mia-se-estrena-en-prime-video.html\" rel=\"nofollow noopener\" target=\"_blank\">Culpa m\u00eda<\/a> (2023), <a href=\"https:\/\/elgeneracionalpost.com\/cultura\/cine\/2024\/1220\/187109\/culpa-tuya-seguimos-siendo-culpables.html\" rel=\"nofollow noopener\" target=\"_blank\">Culpa tuya<\/a> (2024) y la inminente Culpa nuestra (2025). La primera entrega se convirti\u00f3 en la <strong data-start=\"1496\" data-end=\"1581\">producci\u00f3n original de habla no inglesa m\u00e1s vista en la historia de la plataforma<\/strong>, mientras que la segunda repiti\u00f3 el fen\u00f3meno: se estren\u00f3 en m\u00e1s de <strong data-start=\"1649\" data-end=\"1677\">240 pa\u00edses y territorios<\/strong>, alcanz\u00f3 el <strong data-start=\"1690\" data-end=\"1740\">n\u00famero uno en Prime Video en m\u00e1s de 170 pa\u00edses<\/strong> y se posicion\u00f3 en el <strong data-start=\"1762\" data-end=\"1803\">Top 3 en Estados Unidos y Reino Unido<\/strong>, con el 90 % de sus visualizaciones provenientes del extranjero.<\/p>\n<blockquote class=\"instagram-media\" data-instgrm-captioned=\"\" data-instgrm-permalink=\"https:\/\/www.instagram.com\/reel\/DOazwPSCUkA\/?utm_source=ig_embed&amp;utm_campaign=loading\" data-instgrm-version=\"14\" style=\" background:#FFF; border:0; border-radius:3px; box-shadow:0 0 1px 0 rgba(0,0,0,0.5),0 1px 10px 0 rgba(0,0,0,0.15); margin: 1px; max-width:658px; min-width:326px; padding:0; width:99.375%; width:-webkit-calc(100% - 2px); width:calc(100% - 2px);\">\n<\/blockquote>\n<p data-start=\"1872\" data-end=\"2205\">Ahora, con Culpa nuestra, <strong>Mercedes Ron cierra un ciclo<\/strong> que comenz\u00f3 como un proyecto personal en Internet y que hoy es un fen\u00f3meno global de literatura y cine. Desde su universo narrativo, ha sabido conectar con una audiencia joven y diversa que encuentra en sus personajes una mezcla de pasi\u00f3n, contradicci\u00f3n y madurez emocional.<\/p>\n<p>Quedan entregas\u2026 para rato<\/p>\n<p data-start=\"394\" data-end=\"915\">El fen\u00f3meno Culpables no ha hecho m\u00e1s que abrir la puerta a un universo cada vez m\u00e1s amplio. Con apenas 26 a\u00f1os, <strong data-start=\"509\" data-end=\"525\">Mercedes Ron<\/strong> ha logrado que su literatura rom\u00e1ntica juvenil traspase las pantallas y se convierta en una de las <strong>mayores apuestas de Prime Video en el \u00e1mbito internacional<\/strong>. Tras el \u00e9xito de <a href=\"https:\/\/www.primevideo.com\/-\/es\/region\/eu\/detail\/0KHEMWQIWDCAJWSMRACLWR14OC\/ref=atv_sr_fle_c_sre999aa_1_1_1?sr=1-1&amp;pageTypeIdSource=ASIN&amp;pageTypeId=B0BX9HMJ8M&amp;qid=1759753167568\" rel=\"nofollow noopener\" target=\"_blank\">Culpa m\u00eda<\/a> y <a href=\"https:\/\/www.primevideo.com\/-\/es\/region\/eu\/detail\/0G5EHVLC83CC57Z5DG60LLI69L\/ref=atv_sr_fle_c_srce7a38_1_1_1?sr=1-1&amp;pageTypeIdSource=ASIN&amp;pageTypeId=B0DJ1MC2PH&amp;qid=1759753194222\" rel=\"nofollow noopener\" target=\"_blank\">Culpa tuya<\/a>, la escritora argentina afincada en Espa\u00f1a se prepara para cerrar la trilog\u00eda con <strong><a href=\"https:\/\/www.primevideo.com\/-\/es\/region\/eu\/detail\/0PCRKKG8397FYGEC8X1RH994X0\/ref=atv_sr_fle_c_Tn74RA_1_1_1?sr=1-1&amp;pageTypeIdSource=ASIN&amp;pageTypeId=B0DZG1JJX6&amp;qid=1759753215604\" rel=\"nofollow noopener\" target=\"_blank\">Culpa nuestra<\/a><\/strong>, al mismo tiempo que <strong>ampl\u00eda su presencia en el cat\u00e1logo de adaptaciones audiovisuales.<\/strong><\/p>\n<blockquote class=\"instagram-media\" data-instgrm-captioned=\"\" data-instgrm-permalink=\"https:\/\/www.instagram.com\/reel\/DMfibhGofyY\/?utm_source=ig_embed&amp;utm_campaign=loading\" data-instgrm-version=\"14\" style=\" background:#FFF; border:0; border-radius:3px; box-shadow:0 0 1px 0 rgba(0,0,0,0.5),0 1px 10px 0 rgba(0,0,0,0.15); margin: 1px; max-width:658px; min-width:326px; padding:0; width:99.375%; width:-webkit-calc(100% - 2px); width:calc(100% - 2px);\">\n<\/blockquote>\n<p data-start=\"917\" data-end=\"1474\">Entre sus pr\u00f3ximos estrenos destaca <strong data-start=\"953\" data-end=\"972\">D\u00edmelo Bajito<\/strong>, adaptaci\u00f3n de la primera entrega de su trilog\u00eda D\u00edmelo. Dirigida por Denis Rovira y con guion de Jaime Vaca \u2014uno de los creadores de \u00c9lite\u2014, la pel\u00edcula se rod\u00f3 en Galicia y llegar\u00e1 a Prime Video en <strong data-start=\"1177\" data-end=\"1198\">diciembre de 2025<\/strong>. El reparto est\u00e1 encabezado por Alicia Falc\u00f3 y Fernando Lindez, quienes dar\u00e1n vida a Kamila y Thiago, protagonistas de una<strong> historia marcada por el deseo, los secretos y un tri\u00e1ngulo amoroso<\/strong> que promete conectar con el p\u00fablico juvenil del mismo modo que lo hizo Culpables.<\/p>\n<p><img loading=\"lazy\" data-recalc-dims=\"1\" decoding=\"async\" data-attachment-id=\"241967\" data-permalink=\"https:\/\/elgeneracionalpost.com\/cultura\/2025\/1006\/241627\/mercedes-ron-hay-que-estar-preparado-mentalmente-para-que-la-gente-quiera-modificar-tu-historia.html\/attachment\/captura-de-pantalla-2025-10-06-a-las-14-02-57\" data-orig-file=\"https:\/\/i0.wp.com\/elgeneracionalpost.com\/wp-content\/uploads\/2025\/10\/Captura-de-pantalla-2025-10-06-a-las-14.02.57.png?fit=1014%2C1280&amp;ssl=1\" data-orig-size=\"1014,1280\" data-comments-opened=\"0\" data-image-meta=\"{&quot;aperture&quot;:&quot;0&quot;,&quot;credit&quot;:&quot;&quot;,&quot;camera&quot;:&quot;&quot;,&quot;caption&quot;:&quot;&quot;,&quot;created_timestamp&quot;:&quot;0&quot;,&quot;copyright&quot;:&quot;&quot;,&quot;focal_length&quot;:&quot;0&quot;,&quot;iso&quot;:&quot;0&quot;,&quot;shutter_speed&quot;:&quot;0&quot;,&quot;title&quot;:&quot;&quot;,&quot;orientation&quot;:&quot;0&quot;}\" data-image-title=\"MARFIL Y EBANO\" data-image-description=\"\" data-image-caption=\"&lt;p&gt;Est\u00e9r Exp\u00f3sito (Marfil) y Hugo Diego Garc\u00eda (Sebastian) ser\u00e1n los protagonista de la adaptaci\u00f3n de la bilog\u00eda \u2018Enfrentados\u2019 | Fuente: Instagram (@primevideoes)&lt;\/p&gt;&#10;\" data-medium-file=\"https:\/\/i0.wp.com\/elgeneracionalpost.com\/wp-content\/uploads\/2025\/10\/Captura-de-pantalla-2025-10-06-a-las-14.02.57.png?fit=238%2C300&amp;ssl=1\" data-large-file=\"https:\/\/i0.wp.com\/elgeneracionalpost.com\/wp-content\/uploads\/2025\/10\/Captura-de-pantalla-2025-10-06-a-las-14.02.57.png?fit=696%2C879&amp;ssl=1\" class=\"size-full wp-image-241967\" src=\"https:\/\/www.europesays.com\/es\/wp-content\/uploads\/2025\/10\/Captura-de-pantalla-2025-10-06-a-las-14.02.57.png\" alt=\"\" width=\"696\" height=\"879\"  \/>Est\u00e9r Exp\u00f3sito (Marfil) y Hugo Diego Garc\u00eda (Sebastian) ser\u00e1n los protagonista de la adaptaci\u00f3n de la bilog\u00eda \u2018Enfrentados\u2019 | Fuente: Prime Video<\/p>\n<p data-start=\"1476\" data-end=\"1935\">La plataforma tambi\u00e9n ha confirmado la producci\u00f3n de <strong data-start=\"1529\" data-end=\"1541\">Marfil<\/strong> y <strong data-start=\"1544\" data-end=\"1555\">\u00c9bano<\/strong>, dos pel\u00edculas inspiradas en la bilog\u00eda Enfrentados. Ambas est\u00e1n producidas por Pokeepsie Films \u2014la compa\u00f1\u00eda de \u00c1lex de la Iglesia y Carolina Bang\u2014 y contar\u00e1n con direcci\u00f3n de \u00d3scar Pedraza y guion de Sof\u00eda Cuenca. Con estos proyectos,<strong> Prime Video consolida su alianza con Ron<\/strong>, quien se ha convertido en una de las autoras m\u00e1s adaptadas del panorama literario espa\u00f1ol actual.<\/p>\n<blockquote class=\"instagram-media\" data-instgrm-captioned=\"\" data-instgrm-permalink=\"https:\/\/www.instagram.com\/p\/DOqgtC6EzGz\/?utm_source=ig_embed&amp;utm_campaign=loading\" data-instgrm-version=\"14\" style=\" background:#FFF; border:0; border-radius:3px; box-shadow:0 0 1px 0 rgba(0,0,0,0.5),0 1px 10px 0 rgba(0,0,0,0.15); margin: 1px; max-width:658px; min-width:326px; padding:0; width:99.375%; width:-webkit-calc(100% - 2px); width:calc(100% - 2px);\">\n<\/blockquote>\n<p data-start=\"1937\" data-end=\"2545\">Y la expansi\u00f3n no se queda en el \u00e1mbito hispano. La saga Culpables tambi\u00e9n cuenta con su propia <strong data-start=\"2035\" data-end=\"2056\">versi\u00f3n en ingl\u00e9s<\/strong>, bajo el t\u00edtulo My Fault: London. Protagonizada por Asha Banks y Matthew Broome, esta reinterpretaci\u00f3n brit\u00e1nica de la historia de Noah y Nick ha sido <strong>todo un \u00e9xito en la plataforma<\/strong>, lo que ha llevado a Prime Video a <strong>confirmar dos secuelas: Your Fault: London y Our Fault: London<\/strong>. De este modo, la historia que naci\u00f3 en Wattpad y conquist\u00f3 a millones de lectores da un nuevo salto internacional, consolid\u00e1ndose como una de las<strong> franquicias rom\u00e1nticas m\u00e1s potentes de la actualidad<\/strong>.<\/p>\n<p>Entrevista con Mercedes Ron<\/p>\n<p>Para profundizar m\u00e1s en esta \u00faltima entrega, El Generacional tuvo la oportunidad de hablar con la escritora para responder en exclusiva a unas cuestiones antes del estreno de la pel\u00edcula:<\/p>\n<p><strong>Pregunta: En repetidas ocasiones, una de tus compa\u00f1eras (y amiga) de profesi\u00f3n, Joana Marcus, comentaba a sus fans cada vez que le ped\u00edan una adaptaci\u00f3n de sus novelas, que ella no lo ten\u00eda claro ya que \u00a0tal vez la esencia del libro podr\u00eda perderse en la gran pantalla, \u00bfcompartes esta idea ahora que la saga ha terminado con tanto \u00e9xito?<\/strong><\/p>\n<p><strong>Respuesta: <\/strong>Creo que<strong> hay que saber donde uno se mete cuando deja que alguien adapte un libro<\/strong>. Entiendo perfectamente ese sentimiento, de hecho hay un mont\u00f3n de autores que que no quieren que se adapten sus libros y lo tienen s\u00faper claro.<\/p>\n<p>Es dif\u00edcil porque al final siendo estamos acostumbrados a trabajar solos con nuestra obra y de repente cuando van a adaptarte el libro entra a un equipo muy grande de gente. <strong>Todo el mundo empieza a opinar<\/strong>, quieren hacer cambios\u2026 <strong>hay que estar preparado mentalmente para que la gente quiera modificar tu historia<\/strong>. Yo he tenido mis momentos donde ha sido duro, ha sido un proceso de aprendizaje donde he tenido que aprender a confiar, tambi\u00e9n he tenido la suerte tambi\u00e9n de que me ha tocado un equipo (PrimeVideo) que me escucha y me da a m\u00ed un lugar para dar mi opini\u00f3n y tienen en cuenta lo que yo pienso, tambi\u00e9n lo que piensan las fans. Depende mucho de qui\u00e9n te toque a la hora de adaptar el libro pero <strong>s\u00ed que es un proceso que puede ser muy bueno y tambi\u00e9n puede ser muy malo<\/strong>. S\u00e9 de autoras que no les ha gustado nada experiencia o que la adaptaci\u00f3n no ha sido fiel al libro. As\u00ed que hay que tener todo en cuenta.<\/p>\n<p><strong>P: \u00bfEstas adaptaciones audiovisuales te han dado la posibilidad de cambiar algunas cosas de los libros que ahora tal vez veas y piensas \u00abahora no har\u00eda las cosas as\u00ed\u00bb?<\/strong><\/p>\n<p><strong>R: <\/strong>No me gusta pensar que modificar\u00eda cosas de mis libros, porque <strong>creo que si funcionaron tambi\u00e9n as\u00ed es por algo<\/strong>. S\u00ed que es verdad que el hecho de tener una peli pues abre un abanico de posibilidades. Hay escenas que se han a\u00f1adido y que no son del libro y que son muy guays como el momento final de las carreras en Culpa m\u00eda. Entonces todo lo que sea para mejorar la historia ayuda, yo soy s\u00faper abierta y s<strong>iempre que haya que hacer cambios intento que pues que est\u00e9n justificados<\/strong> y que no sea simplemente por querer cambiar.<\/p>\n<p><strong>P: Uno de los problemas que tuvo la segunda entrega fue esa confusi\u00f3n que hab\u00eda sobre lo que pas\u00f3 entre Michael y Noah. Algunas lectoras hablaban de infidelidad, pero otras lo interpretaron como relaciones no consentidas por parte de ella, \u00bfcrees que esta \u00faltima pel\u00edcula te ha dado la oportunidad de aclarar la situaci\u00f3n?<\/strong><\/p>\n<p><strong>R: <\/strong>S\u00e9 que hay mucha gente que no est\u00e1 de acuerdo. Al final es complicado ver a un personaje que quieres tanto tomar una decisi\u00f3n con la que a lo mejor no est\u00e1s de acuerdo.<\/p>\n<p>El final de culpa tuya estaba hecho para que Noah le fuera infiel a Nick con todas las razones que ten\u00eda. <strong>Siempre tuve claro que Culpa tuya terminaba con una infidelidad y que iba a ser la mujer en este caso la que la comet\u00eda<\/strong>. Ven\u00edamos de un Nick complicado, uno que besaba a Sof\u00eda, que la hac\u00edan creer que hab\u00eda estado con Briar\u2026 o sea es como todo un c\u00edrculo de malentendidos que llevan a los dos personajes a cometer el mayor error de sus vidas y tambi\u00e9n que Noah cometiera el \u00fanico lo \u00fanico que Nick jam\u00e1s le le iba a perdonar: serle infiel. Entonces no pasa nada m\u00e1s, no hay nada en el t\u00e9, nadie le pone nada en el t\u00e9 (que he le\u00eddo como muchas historias eso es lo que sucede). De hecho el personaje de Michael era bueno en el tercer libro, y en un momento final de entrega del manuscrito me arrepent\u00ed y cambi\u00e9 toda la l\u00ednea de argumental de ese personaje y lo modifiqu\u00e9 para que terminara siendo el villano. Entiendo que al final un libro puede interpretarlo la gente como quiera, es lo bonito de leer: que piensen si quieren pensar otra cosa.<\/p>\n<p><strong>P: \u00bfExiste alguna posibilidad de un cuarto libro de la Saga Culpables (Culpa Vuestra)?<\/strong><\/p>\n<p><strong>R: <\/strong>La gente me lo pide mucho y la verdad que <strong>ahora mismo no es una posibilidad<\/strong> que valore seriamente, pero qui\u00e9n sabe si a lo mejor el d\u00eda de ma\u00f1ana pues les doy una oportunidad a alg\u00fan personaje secundario\u2026 nunca digas nunca.<\/p>\n<p><strong>P: La trilog\u00eda Culpables no solo ha permanecido en Espa\u00f1a, sino que tambi\u00e9n ha viajado a Londres. Al final en menos de cuatro a\u00f1os, la mayor\u00eda de tus novelas han conseguido una adaptaci\u00f3n audiovisual, \u00bfc\u00f3mo has vivido este cambio tan ilusionante?<\/strong><\/p>\n<p><strong>R: Es una locura<\/strong>. Ahora estamos aqu\u00ed hablando de que tengo 10 proyectos audiovisuales por delante y lo estoy disfrutando un mont\u00f3n. Adem\u00e1s estoy aprendiendo de este mundo que me encanta. Yo estudi\u00e9 Comunicaci\u00f3n Audiovisual as\u00ed que para m\u00ed tener la oportunidad de vivir esto desde dentro y rodearme de gente que es tan buena en su trabajo me est\u00e1 ayudando y nutriendo un mont\u00f3n. <strong>Ojal\u00e1 sigan adaptando mis libros<\/strong>.<\/p>\n<p><strong>P: Ya por \u00faltimo, \u00bfqu\u00e9 pueden esperar las lectoras y los espectadores de Culpa Nuestra?<\/strong><\/p>\n<p><strong>R:<\/strong> Les dir\u00eda que much\u00edsimas gracias. <strong>Todos estamos hoy aqu\u00ed gracias a la pasi\u00f3n que han mostrado por esta saga<\/strong> y el apoyo incondicional que han dado en RRSS. Espero que sig\u00e1is conmigo muchos a\u00f1os m\u00e1s, porque <strong>vienen historias muy bonitas por delante<\/strong>. Os mando un beso muy grande.<\/p>\n<p>Me gusta esto:<\/p>\n<p>Me gusta Cargando&#8230;<\/p>\n<p><a class=\"sd-link-color\"\/><\/p>\n<p>\n\tRelacionado\n<\/p>\n<p><script async src=\"\/\/www.instagram.com\/embed.js\"><\/script><\/p>\n","protected":false},"excerpt":{"rendered":"La \u00faltima entrega de la trilog\u00eda ver\u00e1 la luz el pr\u00f3ximo 16 de octubre en Prime Video Del&hellip;\n","protected":false},"author":2,"featured_media":159621,"comment_status":"","ping_status":"","sticky":false,"template":"","format":"standard","meta":{"footnotes":""},"categories":[172],"tags":[224,47443,146,147,25,24,40240,225,47444,47445,47446,23],"class_list":{"0":"post-159620","1":"post","2":"type-post","3":"status-publish","4":"format-standard","5":"has-post-thumbnail","7":"category-libros","8":"tag-books","9":"tag-culpa-nuestra","10":"tag-entertainment","11":"tag-entretenimiento","12":"tag-es","13":"tag-espana","14":"tag-gabriel-guevara","15":"tag-libros","16":"tag-mercedes-ron","17":"tag-nicole-wallace","18":"tag-novela-romantica-juvenil","19":"tag-spain"},"share_on_mastodon":{"url":"","error":""},"_links":{"self":[{"href":"https:\/\/www.europesays.com\/es\/wp-json\/wp\/v2\/posts\/159620","targetHints":{"allow":["GET"]}}],"collection":[{"href":"https:\/\/www.europesays.com\/es\/wp-json\/wp\/v2\/posts"}],"about":[{"href":"https:\/\/www.europesays.com\/es\/wp-json\/wp\/v2\/types\/post"}],"author":[{"embeddable":true,"href":"https:\/\/www.europesays.com\/es\/wp-json\/wp\/v2\/users\/2"}],"replies":[{"embeddable":true,"href":"https:\/\/www.europesays.com\/es\/wp-json\/wp\/v2\/comments?post=159620"}],"version-history":[{"count":0,"href":"https:\/\/www.europesays.com\/es\/wp-json\/wp\/v2\/posts\/159620\/revisions"}],"wp:featuredmedia":[{"embeddable":true,"href":"https:\/\/www.europesays.com\/es\/wp-json\/wp\/v2\/media\/159621"}],"wp:attachment":[{"href":"https:\/\/www.europesays.com\/es\/wp-json\/wp\/v2\/media?parent=159620"}],"wp:term":[{"taxonomy":"category","embeddable":true,"href":"https:\/\/www.europesays.com\/es\/wp-json\/wp\/v2\/categories?post=159620"},{"taxonomy":"post_tag","embeddable":true,"href":"https:\/\/www.europesays.com\/es\/wp-json\/wp\/v2\/tags?post=159620"}],"curies":[{"name":"wp","href":"https:\/\/api.w.org\/{rel}","templated":true}]}}