{"id":159626,"date":"2025-10-06T16:10:09","date_gmt":"2025-10-06T16:10:09","guid":{"rendered":"https:\/\/www.europesays.com\/es\/159626\/"},"modified":"2025-10-06T16:10:09","modified_gmt":"2025-10-06T16:10:09","slug":"fina-miralles-premio-nacional-de-artes-plasticas-2025-cultura","status":"publish","type":"post","link":"https:\/\/www.europesays.com\/es\/159626\/","title":{"rendered":"Fina Miralles, premio Nacional de Artes Pl\u00e1sticas 2025 | Cultura"},"content":{"rendered":"<p class=\"\"><a href=\"https:\/\/elpais.com\/espana\/catalunya\/2020-11-07\/arte-vida-y-naturaleza-de-fina-miralles.html\" target=\"_self\" rel=\"nofollow noopener\" title=\"https:\/\/elpais.com\/espana\/catalunya\/2020-11-07\/arte-vida-y-naturaleza-de-fina-miralles.html\">Fina Miralles<\/a> ha sido galardonada con el Premio Nacional de Artes Pl\u00e1sticas 2025, a propuesta del jurado reunido este lunes. El premio, concedido por el Ministerio de Cultura, est\u00e1 dotado con 30.000 euros.<\/p>\n<p>M\u00e1s informaci\u00f3n<\/p>\n<p class=\"\">El jurado ha destacado a la artista por \u201csu rol pionero desde los a\u00f1os setenta en el marco del feminismo y posturas ecologistas tempranas, reivindicando la relaci\u00f3n del ser humano con la naturaleza\u201d. <\/p>\n<p class=\"\">La vida y la obra <a href=\"https:\/\/elpais.com\/espana\/catalunya\/2020-11-10\/la-intuicion-de-fina-miralles.html\" target=\"_self\" rel=\"nofollow noopener\" title=\"https:\/\/elpais.com\/espana\/catalunya\/2020-11-10\/la-intuicion-de-fina-miralles.html\">Fina Miralles<\/a> (Sabadell, 75 a\u00f1os) aborda estos temas como el feminismo, la naturaleza, el poder, el arte, a trav\u00e9s de acciones perform\u00e1ticas protagonizadas siempre por ella misma, con la ayuda de la fotograf\u00eda, la pintura y el video y el collage. Uno de los mejores ejemplos de este legado es la pieza Im\u00e1genes del zoo, las fotograf\u00edas que salieron de su encierro durante tres d\u00edas en una jaula. Era el a\u00f1o 1974 y la artista se meti\u00f3 con un perro, un cordero, un gato y una rana (cada uno en su jaula) en la instalaci\u00f3n que cre\u00f3 para la Sala Vin\u00e7on, por entonces, uno de los pocos espacios de Barcelona que ofrec\u00edan arte contempor\u00e1neo. <\/p>\n<p class=\"\">La obra se complet\u00f3 con un friso de fotograf\u00edas del zoo de Barcelona rodeando la sala. \u201cQuer\u00eda protestar por lo que la gente ve\u00eda normal, pero a m\u00ed me parec\u00eda una barbaridad; que los animales estuvieran en jaulas en malas condiciones. Supongo que habr\u00e1 cambiado. \u00bfHan ido ustedes recientemente\u201d, explic\u00f3 en una entrevista en <a href=\"https:\/\/elpais.com\/espana\/catalunya\/2020-11-07\/arte-vida-y-naturaleza-de-fina-miralles.html\" target=\"_self\" rel=\"nofollow noopener\" title=\"https:\/\/elpais.com\/espana\/catalunya\/2020-11-07\/arte-vida-y-naturaleza-de-fina-miralles.html\">EL PA\u00cdS, en 2020,<\/a> a\u00f1o en el que el Macba le dedic\u00f3 la gran retrospectiva Fina Miralles. Soy todas las que he sido.<\/p>\n<p class=\"\">Para entonces ya se hab\u00eda mudado a Cadaqu\u00e9s, aunque su formaci\u00f3n empez\u00f3 en Barcelona, para pasar despu\u00e9s largas temporadas en Am\u00e9rica Latina, Francia e Italia. <\/p>\n<p class=\"\">Su pr\u00e1ctica art\u00edstica suele vincularse al land art y a las relaciones entre cuerpo y naturaleza. Miralles diluy\u00f3 los l\u00edmites entre tendencias y etiquetas hasta tal punto que en 1973 se convirti\u00f3 en una Mujer-\u00c1rbol cuando se plant\u00f3 en mitad del campo y enterr\u00f3 sus piernas en la tierra.<\/p>\n<p class=\"\">Por eso, el jurado ha se\u00f1alado que \u201csu obra posee una iconicidad muy poderosa que prolonga su vigencia hasta el presente. Lleva cabo una aguda reflexi\u00f3n cr\u00edtica del poder en todos sus aspectos. En los \u00faltimos a\u00f1os ha realizado una profunda reflexi\u00f3n textual en que aborda la experiencia humana adoptando una perspectiva hol\u00edstica\u201d. <\/p>\n<p><img decoding=\"auto\" class=\"_re lazyload a_m-h\" height=\"292\"  width=\"414\"  src=\"https:\/\/www.europesays.com\/es\/wp-content\/uploads\/2025\/10\/G5KFP6WPT5G47OVFDFSX2WU6DM.jpg\" loading=\"lazy\"\/>Fina Miralles, en los a\u00f1os setenta en una de sus obras.<\/p>\n<p class=\"\">Miralles ya hab\u00eda dejado clara su ruptura con el arte tradicional con su primera obra: Natura morta (1972) en la que elabora un paisaje desestructurado en el que coloca en una mesa conchas, agua, hierba, piedras, hojas, tierra y algas que el espectador ha de visualizar como el bodeg\u00f3n de un cuadro.<\/p>\n<p class=\"\">A partir de los a\u00f1os ochenta explora lo mat\u00e9rico a trav\u00e9s del empleo de la pintura y el dibujo. Proyectos como Doble horitzo (1979-1981) muestra la simbiosis entre lo performativo y la pr\u00e1ctica pict\u00f3rica. Un camino que le llevar\u00e1 a una creaci\u00f3n progresivamente m\u00e1s introspectiva. <\/p>\n<p class=\"\">Con el cambio de siglo se retira a Cadaqu\u00e9s, donde seguir\u00e1 trabajando en las conocidas como fotoacciones. Entre sus exposiciones e intervenciones m\u00e1s relevantes destacan De les idees a la vida (Museu de Sabadell, 2001), la Nadala de la Fundaci\u00f3 Joan Mir\u00f3 de Barcelona (2014) Naturaleses naturals 1973-2016 (Museo Arqueol\u00f3gico Nacional, 2016). Todo su archivo lo deposit\u00f3 hace a\u00f1os en el Museo de Arte de Sabadell. <\/p>\n","protected":false},"excerpt":{"rendered":"Fina Miralles ha sido galardonada con el Premio Nacional de Artes Pl\u00e1sticas 2025, a propuesta del jurado reunido&hellip;\n","protected":false},"author":2,"featured_media":159627,"comment_status":"","ping_status":"","sticky":false,"template":"","format":"standard","meta":{"footnotes":""},"categories":[91],"tags":[229,505,209,146,147,25,24,47448,47447,23],"class_list":{"0":"post-159626","1":"post","2":"type-post","3":"status-publish","4":"format-standard","5":"has-post-thumbnail","7":"category-entretenimiento","8":"tag-arte","9":"tag-artistas","10":"tag-cultura","11":"tag-entertainment","12":"tag-entretenimiento","13":"tag-es","14":"tag-espana","15":"tag-fina-miralles","16":"tag-premio-nacional-artes-plasticas","17":"tag-spain"},"share_on_mastodon":{"url":"","error":""},"_links":{"self":[{"href":"https:\/\/www.europesays.com\/es\/wp-json\/wp\/v2\/posts\/159626","targetHints":{"allow":["GET"]}}],"collection":[{"href":"https:\/\/www.europesays.com\/es\/wp-json\/wp\/v2\/posts"}],"about":[{"href":"https:\/\/www.europesays.com\/es\/wp-json\/wp\/v2\/types\/post"}],"author":[{"embeddable":true,"href":"https:\/\/www.europesays.com\/es\/wp-json\/wp\/v2\/users\/2"}],"replies":[{"embeddable":true,"href":"https:\/\/www.europesays.com\/es\/wp-json\/wp\/v2\/comments?post=159626"}],"version-history":[{"count":0,"href":"https:\/\/www.europesays.com\/es\/wp-json\/wp\/v2\/posts\/159626\/revisions"}],"wp:featuredmedia":[{"embeddable":true,"href":"https:\/\/www.europesays.com\/es\/wp-json\/wp\/v2\/media\/159627"}],"wp:attachment":[{"href":"https:\/\/www.europesays.com\/es\/wp-json\/wp\/v2\/media?parent=159626"}],"wp:term":[{"taxonomy":"category","embeddable":true,"href":"https:\/\/www.europesays.com\/es\/wp-json\/wp\/v2\/categories?post=159626"},{"taxonomy":"post_tag","embeddable":true,"href":"https:\/\/www.europesays.com\/es\/wp-json\/wp\/v2\/tags?post=159626"}],"curies":[{"name":"wp","href":"https:\/\/api.w.org\/{rel}","templated":true}]}}