{"id":159639,"date":"2025-10-06T16:17:13","date_gmt":"2025-10-06T16:17:13","guid":{"rendered":"https:\/\/www.europesays.com\/es\/159639\/"},"modified":"2025-10-06T16:17:13","modified_gmt":"2025-10-06T16:17:13","slug":"toros-en-calasparra-calasparra-programa-un-festival-con-toreros-murcianos-como-cierre-de-temporada","status":"publish","type":"post","link":"https:\/\/www.europesays.com\/es\/159639\/","title":{"rendered":"Toros en Calasparra | Calasparra programa un festival con toreros murcianos como cierre de temporada"},"content":{"rendered":"<p class=\"ft-text\">La empresa Chip\u00e9 Producciones, que dirige Pedro P\u00e9rez Chicote, y el Ayuntamiento de <a class=\"ft-link ft-link--decoration\" href=\"https:\/\/www.laopiniondemurcia.es\/tags\/calasparra\/\" rel=\"nofollow noopener\" target=\"_blank\">Calasparra<\/a> <strong>han programado un cierre de temporada especial en esta localidad <\/strong>con la celebraci\u00f3n de un festival protagonizado por toreros murcianos, tres de ellos calasparre\u00f1os.<\/p>\n<p class=\"ft-text\">La cita tendr\u00e1 lugar el pr\u00f3ximo 11 de octubre con un cartel integrado por los matadores de<a class=\"ft-link ft-link--decoration\" href=\"https:\/\/www.laopiniondemurcia.es\/tags\/toros\/\" rel=\"nofollow noopener\" target=\"_blank\"> toros<\/a>\u00a0E<strong>milio Serna,\u00a0Antonio Puerta\u00a0y\u00a0Filiberto\u00a0(de Calasparra) y los novilleros sin picadores calasparre\u00f1os\u00a0Salvador Ruiz \u2018El Marqu\u00e9s\u2019\u00a0y\u00a0Jes\u00fas Montiel.<\/strong><\/p>\n<blockquote class=\"ft-mol-quote ft-mol-quote--basic\" data-aida-cite=\"\"><p>Se lidiar\u00e1n tres novillos del Marqu\u00e9s de Domecq para los matadores de toros y dos de D\u00e1maso Gonz\u00e1lez para los novilleros<\/p><\/blockquote>\n<p class=\"ft-text\">Se lidiar\u00e1n tres novillos del <strong>Marqu\u00e9s de Domecq<\/strong> para los matadores de toros y dos de D\u00e1maso Gonz\u00e1lez para los novilleros.<\/p>\n<p class=\"ft-text\">El festejo dar\u00e1 comienzo a las 17.30.<\/p>\n<p class=\"ft-text\">La venta de estadas estar\u00e1 habilitada a partir del <strong>6 de octubre en el kiosco de La Corredera <\/strong>y el mismo d\u00eda de la corrida el horario de tarde en la plaza de toros. Los precios son econ\u00f3micos, con el tendido general a 25 euros. El tel\u00e9fono de reservas es 618606680.<\/p>\n<p>Encuentro con los toreros<img decoding=\"async\" src=\"https:\/\/www.europesays.com\/es\/wp-content\/uploads\/2025\/10\/c25c6229-b240-45f6-8009-c4356d473784_alta-libre-aspect-ratio_default_0.jpg\" width=\"1200\" height=\"2400\" alt=\"Cartel\" class=\"ft-helper-img-rd\" loading=\"lazy\" hasdataaida=\"true\"\/><\/p>\n<p class=\"ft-helper-fontColor-quaternary ft-helper-fontSize-body-S ft-helper-spacer-t-xxs\">Cartel  \/ La Opini\u00f3n<\/p>\n<p class=\"ft-text\">El pasado martes tuvo lugar un bonito <strong>encuentro de los Toreros anunciados para el pr\u00f3ximo Festival Taurino del 11 de octubre<\/strong>, que pondr\u00e1 el broche de oro a la temporada taurina en Calasparra. El acto fue presidido por la alcaldesa de Calasparra, <strong>Teresa Garc\u00eda,<\/strong> y reuni\u00f3 a aficionados, profesionales del toreo y representantes de la organizaci\u00f3n.<\/p>\n<p class=\"ft-text\">Durante el coloquio, de ambiente distendido, <strong>participaron tres de los toreros acartelados para el festival: Emilio Serna, Antonio Puerta y el joven novillero local Jes\u00fas Montiel<\/strong>. Desde la Mesa de Trabajo intervinieron tambi\u00e9n el presidente de honor del Club Taurino de Calasparra, Paco Garc\u00eda, y Pedro P\u00e9rez \u201cChicote\u201d, en representaci\u00f3n de la empresa organizadora Chipe Producciones.<\/p>\n<p class=\"ft-text\">Para Emilio Serna y Antonio Puerta, <strong>fue un emotivo reencuentro con la localidad, donde rememoraron sus inicios y las inolvidables tardes de feria en la centenaria plaza de toros de La Caverina<\/strong>. Los tres toreros expresaron la ilusi\u00f3n con la que afrontan el compromiso del pr\u00f3ximo 11 de octubre, una cita muy esperada por la afici\u00f3n calasparre\u00f1a.<\/p>\n<blockquote class=\"ft-mol-quote ft-mol-quote--basic\" data-aida-cite=\"\"><p>Los tres toreros expresaron la ilusi\u00f3n con la que afrontan el compromiso del pr\u00f3ximo 11 de octubre, una cita muy esperada por la afici\u00f3n calasparre\u00f1a<\/p><\/blockquote>\n<p class=\"ft-text\">El matador Filiberto, tambi\u00e9n anunciado en el cartel, no pudo asistir al acto,<strong> aunque hizo llegar un emotivo v\u00eddeo en el que agradec\u00eda el apoyo de la afici\u00f3n y manifestaba su entusiasmo por volver a vestirse de luces en su tierra natal<\/strong>. Tampoco pudo estar presente el novillero local Salvador Ruiz \u201cEl Marqu\u00e9s\u201d, debido a compromisos en Ciudad Real, aunque sus abuelos asistieron en su nombre.<\/p>\n<blockquote class=\"ft-mol-quote ft-mol-quote--basic\" data-aida-cite=\"\"><p>Los toreros agradecieron p\u00fablicamente tanto al Ayuntamiento de Calasparra como a la empresa organizadora su firme apuesta por mantener viva la tradici\u00f3n taurina en la localidad<\/p><\/blockquote>\n<p class=\"ft-text\">Los toreros agradecieron p\u00fablicamente tanto al <strong>Ayuntamiento de Calasparra como a la empresa organizadora su firme apuesta por mantener viva la tradici\u00f3n taurina <\/strong>en la localidad.<\/p>\n<p class=\"ft-text\">Cabe destacar que, durante la presente temporada, <strong>doce profesionales murcianos han tenido la oportunidad de actuar en Calasparra<\/strong>, confirmando as\u00ed el compromiso del municipio con la promoci\u00f3n y el fomento de la tauromaquia <a class=\"ft-link ft-link--decoration\" href=\"https:\/\/calasparra.org\" rel=\"nofollow noopener\" target=\"_blank\">regional<\/a>.<\/p>\n","protected":false},"excerpt":{"rendered":"La empresa Chip\u00e9 Producciones, que dirige Pedro P\u00e9rez Chicote, y el Ayuntamiento de Calasparra han programado un cierre&hellip;\n","protected":false},"author":2,"featured_media":159640,"comment_status":"","ping_status":"","sticky":false,"template":"","format":"standard","meta":{"footnotes":""},"categories":[277],"tags":[3437,31011,373,2529,168,25,24,3931,21358,2145,23,167,374,2487,444],"class_list":{"0":"post-159639","1":"post","2":"type-post","3":"status-publish","4":"format-standard","5":"has-post-thumbnail","7":"category-toreo","8":"tag-aficion","9":"tag-antonio-puerta","10":"tag-bullfighting","11":"tag-calasparra","12":"tag-deportes","13":"tag-es","14":"tag-espana","15":"tag-festival","16":"tag-murcianos","17":"tag-programa","18":"tag-spain","19":"tag-sports","20":"tag-toreo","21":"tag-toreros","22":"tag-toros"},"share_on_mastodon":{"url":"","error":""},"_links":{"self":[{"href":"https:\/\/www.europesays.com\/es\/wp-json\/wp\/v2\/posts\/159639","targetHints":{"allow":["GET"]}}],"collection":[{"href":"https:\/\/www.europesays.com\/es\/wp-json\/wp\/v2\/posts"}],"about":[{"href":"https:\/\/www.europesays.com\/es\/wp-json\/wp\/v2\/types\/post"}],"author":[{"embeddable":true,"href":"https:\/\/www.europesays.com\/es\/wp-json\/wp\/v2\/users\/2"}],"replies":[{"embeddable":true,"href":"https:\/\/www.europesays.com\/es\/wp-json\/wp\/v2\/comments?post=159639"}],"version-history":[{"count":0,"href":"https:\/\/www.europesays.com\/es\/wp-json\/wp\/v2\/posts\/159639\/revisions"}],"wp:featuredmedia":[{"embeddable":true,"href":"https:\/\/www.europesays.com\/es\/wp-json\/wp\/v2\/media\/159640"}],"wp:attachment":[{"href":"https:\/\/www.europesays.com\/es\/wp-json\/wp\/v2\/media?parent=159639"}],"wp:term":[{"taxonomy":"category","embeddable":true,"href":"https:\/\/www.europesays.com\/es\/wp-json\/wp\/v2\/categories?post=159639"},{"taxonomy":"post_tag","embeddable":true,"href":"https:\/\/www.europesays.com\/es\/wp-json\/wp\/v2\/tags?post=159639"}],"curies":[{"name":"wp","href":"https:\/\/api.w.org\/{rel}","templated":true}]}}