{"id":159655,"date":"2025-10-06T16:33:10","date_gmt":"2025-10-06T16:33:10","guid":{"rendered":"https:\/\/www.europesays.com\/es\/159655\/"},"modified":"2025-10-06T16:33:10","modified_gmt":"2025-10-06T16:33:10","slug":"una-comida-familiar-de-los-galvez-de-aguirre-acaba-en-desgracia","status":"publish","type":"post","link":"https:\/\/www.europesays.com\/es\/159655\/","title":{"rendered":"una comida familiar de los G\u00e1lvez de Aguirre acaba en desgracia"},"content":{"rendered":"\n<p> <strong>El duque de <\/strong><a href=\"https:\/\/www.elconfidencial.com\/tags\/topics\/valle-salvaje-21486\/\" target=\"_blank\" rel=\"nofollow noopener\"><strong>Valle Salvaje<\/strong><\/a><strong> cree que el ni\u00f1o que Adriana espera es de su primog\u00e9nito, de Julio<\/strong>. Hace algunas semanas, tras ser directamente preguntada por Jos\u00e9 Luis, la Salcedo de la Cruz optaba por mentir al duque para que no descubriera que su hijo, en realidad, es de Rafael, el hermano de Julio. <\/p>\n<p> \u00abPor un lado, ardo en deseos de gritar a los cuatro vientos que ese hijo es nuestro, y que la sola idea de tenerlo nos llena de dicha, de alegr\u00eda, de esperanza, y a quien no le guste, que se aguante. Pero, por otro lado,<strong> si mi padre tiene la certeza de que ese hijo es m\u00edo, el duro golpe que recibir\u00eda le marcar\u00eda de por vida<\/strong>, y no tardar\u00eda en devolv\u00e9rnoslo. No nos lo perdonar\u00eda jam\u00e1s, Adriana\u00bb, le lleg\u00f3 a decir Rafael a Adriana tras acordar no decirle la verdad a Jos\u00e9 Luis. <\/p>\n<p>                Imagen del cap\u00edtulo 270 de &#8216;Valle Salvaje&#8217;. (RTVE)            <\/p>\n<p> Ahora, <strong>Adriana y Rafael se muestran preocupados de que Jos\u00e9 Luis se obsesione con su hijo<\/strong> y quiera criarlo a su manera. \u00abVoy a ayudar a Adriana a criar a ese ni\u00f1o para que crezca fuerte y sano y sepa qui\u00e9n fue su padre: un hombre noble, bueno y justo, alguien de quien sentirse orgulloso\u00bb, le dijo a Rafael. <\/p>\n<p>                Imagen del cap\u00edtulo 270 de &#8216;Valle Salvaje&#8217;. (RTVE)           Avance del cap\u00edtulo 270 (Martes)           <\/p>\n<p> En el cap\u00edtulo de este martes, 7 de octubre, Jos\u00e9 Luis y Adriana llegar\u00e1n a un acuerdo, aunque <strong>la Salcedo sorprender\u00e1 con un nuevo requerimiento <\/strong>que dejar\u00e1 al duque perplejo.  <\/p>\n<p> M\u00e1s tarde, <strong>los G\u00e1lvez de Aguirre se re\u00fanen para\u00a0una comida familiar <\/strong>que, lejos de ser un momento de celebraci\u00f3n, desembocar\u00e1 en desgracia. La intriga est\u00e1 servida y nadie en\u00a0Valle Salvaje\u00a0podr\u00e1 prever el desenlace de esta reuni\u00f3n. <\/p>\n<p> <strong>El duque de <\/strong><a href=\"https:\/\/www.elconfidencial.com\/tags\/topics\/valle-salvaje-21486\/\" target=\"_blank\" rel=\"nofollow noopener\"><strong>Valle Salvaje<\/strong><\/a><strong> cree que el ni\u00f1o que Adriana espera es de su primog\u00e9nito, de Julio<\/strong>. Hace algunas semanas, tras ser directamente preguntada por Jos\u00e9 Luis, la Salcedo de la Cruz optaba por mentir al duque para que no descubriera que su hijo, en realidad, es de Rafael, el hermano de Julio. <\/p>\n","protected":false},"excerpt":{"rendered":"El duque de Valle Salvaje cree que el ni\u00f1o que Adriana espera es de su primog\u00e9nito, de Julio.&hellip;\n","protected":false},"author":2,"featured_media":159656,"comment_status":"","ping_status":"","sticky":false,"template":"","format":"standard","meta":{"footnotes":""},"categories":[91],"tags":[146,147,25,24,23],"class_list":{"0":"post-159655","1":"post","2":"type-post","3":"status-publish","4":"format-standard","5":"has-post-thumbnail","7":"category-entretenimiento","8":"tag-entertainment","9":"tag-entretenimiento","10":"tag-es","11":"tag-espana","12":"tag-spain"},"share_on_mastodon":{"url":"","error":""},"_links":{"self":[{"href":"https:\/\/www.europesays.com\/es\/wp-json\/wp\/v2\/posts\/159655","targetHints":{"allow":["GET"]}}],"collection":[{"href":"https:\/\/www.europesays.com\/es\/wp-json\/wp\/v2\/posts"}],"about":[{"href":"https:\/\/www.europesays.com\/es\/wp-json\/wp\/v2\/types\/post"}],"author":[{"embeddable":true,"href":"https:\/\/www.europesays.com\/es\/wp-json\/wp\/v2\/users\/2"}],"replies":[{"embeddable":true,"href":"https:\/\/www.europesays.com\/es\/wp-json\/wp\/v2\/comments?post=159655"}],"version-history":[{"count":0,"href":"https:\/\/www.europesays.com\/es\/wp-json\/wp\/v2\/posts\/159655\/revisions"}],"wp:featuredmedia":[{"embeddable":true,"href":"https:\/\/www.europesays.com\/es\/wp-json\/wp\/v2\/media\/159656"}],"wp:attachment":[{"href":"https:\/\/www.europesays.com\/es\/wp-json\/wp\/v2\/media?parent=159655"}],"wp:term":[{"taxonomy":"category","embeddable":true,"href":"https:\/\/www.europesays.com\/es\/wp-json\/wp\/v2\/categories?post=159655"},{"taxonomy":"post_tag","embeddable":true,"href":"https:\/\/www.europesays.com\/es\/wp-json\/wp\/v2\/tags?post=159655"}],"curies":[{"name":"wp","href":"https:\/\/api.w.org\/{rel}","templated":true}]}}