{"id":159670,"date":"2025-10-06T16:45:11","date_gmt":"2025-10-06T16:45:11","guid":{"rendered":"https:\/\/www.europesays.com\/es\/159670\/"},"modified":"2025-10-06T16:45:11","modified_gmt":"2025-10-06T16:45:11","slug":"el-saldo-negativo-que-preocupa-en-el-equipo-alpine-de-f1","status":"publish","type":"post","link":"https:\/\/www.europesays.com\/es\/159670\/","title":{"rendered":"El \u00absaldo negativo\u00bb que preocupa en el equipo Alpine de F1"},"content":{"rendered":"<p>Las pr\u00f3ximas seis carreras ser\u00e1n cruciales para <strong>Alpine F1 Team<\/strong> en todos sus niveles, porque deber\u00e1 intentar con el franc\u00e9s <strong>Pierre Gasly<\/strong> y el argentino <strong>Franco Colapinto<\/strong> sumar nuevamente para conseguir mejorar su posici\u00f3n en el <a href=\"https:\/\/campeones.com.ar\/f1-en-singapur-franco-colapinto-supero-otra-desafiante-carrera-con-el-alpine\/\" rel=\"nofollow noopener\" target=\"_blank\"><strong>campeonato de constructores, el cual lo obtuvo McLaren en el GP de Singapur<\/strong><\/a>.<\/p>\n<p><strong>Para el equipo de Enstone la comparaci\u00f3n con respecto a 2024 representa ingreso cercano a los 60 millones de d\u00f3lares, dependiendo del rendimiento comercial de F1 durante los ejercicios 2025 y 2026, atento a que la \u00abtorta\u00bb de reparto se dividir\u00e1 entre 11 escuadras por el ingreso de Cadillac el a\u00f1o venidero, y que afectar\u00eda sus recursos para el nuevo reglamento<\/strong>.<\/p>\n<p><img fetchpriority=\"high\" decoding=\"async\" class=\"size-full wp-image-179476 aligncenter\" src=\"https:\/\/www.europesays.com\/es\/wp-content\/uploads\/2025\/10\/251006-F1-Alpine-Nielsen-Briatore.jpg\" alt=\"\" width=\"642\" height=\"321\"  \/><\/p>\n<p><strong>Steve Nielsen<\/strong>, el reciente designado director general de la escuadra y que vuelve a trabajar con <strong>Flavio Briatore<\/strong> como hace dos d\u00e9cadas lo hicieron en Renault, destac\u00f3: \u00ab<strong>Hay que tener la vista puesta en el futuro, sacrificando el \u00e9xito a corto plazo e invertir en el futuro. Atravesamos esa situaci\u00f3n ahora mismo. Tenemos excelentes instalaciones, pero el producto que pusimos en pista no refleja el esfuerzo que hicimos<\/strong>\u00ab.<\/p>\n<p><strong>Hasta el momento, solo Gasly pudo sumar con 20 puntos para Alpine, objetivo que por el momento le es dif\u00edcil concretar a Colapinto, quien reemplaz\u00f3 a Jack Doohan desde el GP de Emilia Romagna, intenta escalar hasta el top10 del clasificador y aportar m\u00e1s unidades al equipo que se ubica 10\u00b0 en la tabla.<\/strong><\/p>\n<blockquote class=\"wp-embedded-content\" data-secret=\"2uZpGkswT8\">\n<p><a href=\"https:\/\/campeones.com.ar\/steve-nielsen-el-nuevo-director-del-equipo-alpine-destaco-el-trabajo-de-colapinto\/\" rel=\"nofollow noopener\" target=\"_blank\">Steve Nielsen, el nuevo director del equipo Alpine, destac\u00f3 el trabajo de Colapinto<\/a><\/p>\n<\/blockquote>\n<p>Al igual que Alpine F1 Team, en <strong>Williams<\/strong> tambi\u00e9n registr\u00f3 menos ingresos y<strong> cuenta con un d\u00e9ficit de casi 70 millones<\/strong> de d\u00f3lares para la escuder\u00eda que fund\u00f3 <strong>Frank Williams<\/strong> y desde 2020 es parte de Doritol Capital. En tanto, <strong>McLaren ha conseguido incrementar su patrimonio con m\u00e1s de 700 millones<\/strong>, ante los resultados de 2024.<\/p>\n","protected":false},"excerpt":{"rendered":"Las pr\u00f3ximas seis carreras ser\u00e1n cruciales para Alpine F1 Team en todos sus niveles, porque deber\u00e1 intentar con&hellip;\n","protected":false},"author":2,"featured_media":159671,"comment_status":"","ping_status":"","sticky":false,"template":"","format":"standard","meta":{"footnotes":""},"categories":[270],"tags":[14266,16785,168,25,24,306,271,272,1723,1330,23,167,46469],"class_list":{"0":"post-159670","1":"post","2":"type-post","3":"status-publish","4":"format-standard","5":"has-post-thumbnail","7":"category-formula-1","8":"tag-alpine-f1-team","9":"tag-campeonato-mundial-de-formula-1","10":"tag-deportes","11":"tag-es","12":"tag-espana","13":"tag-f1","14":"tag-formula-1","15":"tag-formula1","16":"tag-franco-colapinto","17":"tag-pierre-gasly","18":"tag-spain","19":"tag-sports","20":"tag-steve-nielsen"},"share_on_mastodon":{"url":"","error":""},"_links":{"self":[{"href":"https:\/\/www.europesays.com\/es\/wp-json\/wp\/v2\/posts\/159670","targetHints":{"allow":["GET"]}}],"collection":[{"href":"https:\/\/www.europesays.com\/es\/wp-json\/wp\/v2\/posts"}],"about":[{"href":"https:\/\/www.europesays.com\/es\/wp-json\/wp\/v2\/types\/post"}],"author":[{"embeddable":true,"href":"https:\/\/www.europesays.com\/es\/wp-json\/wp\/v2\/users\/2"}],"replies":[{"embeddable":true,"href":"https:\/\/www.europesays.com\/es\/wp-json\/wp\/v2\/comments?post=159670"}],"version-history":[{"count":0,"href":"https:\/\/www.europesays.com\/es\/wp-json\/wp\/v2\/posts\/159670\/revisions"}],"wp:featuredmedia":[{"embeddable":true,"href":"https:\/\/www.europesays.com\/es\/wp-json\/wp\/v2\/media\/159671"}],"wp:attachment":[{"href":"https:\/\/www.europesays.com\/es\/wp-json\/wp\/v2\/media?parent=159670"}],"wp:term":[{"taxonomy":"category","embeddable":true,"href":"https:\/\/www.europesays.com\/es\/wp-json\/wp\/v2\/categories?post=159670"},{"taxonomy":"post_tag","embeddable":true,"href":"https:\/\/www.europesays.com\/es\/wp-json\/wp\/v2\/tags?post=159670"}],"curies":[{"name":"wp","href":"https:\/\/api.w.org\/{rel}","templated":true}]}}