{"id":159676,"date":"2025-10-06T16:48:28","date_gmt":"2025-10-06T16:48:28","guid":{"rendered":"https:\/\/www.europesays.com\/es\/159676\/"},"modified":"2025-10-06T16:48:28","modified_gmt":"2025-10-06T16:48:28","slug":"flores-para-claudia-cardinale-en-sad-hill","status":"publish","type":"post","link":"https:\/\/www.europesays.com\/es\/159676\/","title":{"rendered":"Flores para Claudia Cardinale en Sad Hill"},"content":{"rendered":"<p><a class=\"v-mdl-ath__fig-a\" href=\"https:\/\/www.elcorreo.com\/autor\/jose-antonio-guerrero-132.html\" title=\"Jos\u00e9 Antonio Guerrero\" rel=\"nofollow noopener\" target=\"_blank\"><br \/>\n<img decoding=\"async\" class=\"v-mdl-ath__img\" src=\"https:\/\/www.europesays.com\/es\/wp-content\/uploads\/2025\/10\/autor-132-foto-2.jpeg\" alt=\"Jos\u00e9 Antonio Guerrero\"\/><br \/>\n<\/a><\/p>\n<p class=\"v-mdl-ath__p v-mdl-ath__p--6\">\nMartes, 30 de septiembre 2025, 00:41<\/p>\n<p>| Actualizado 09:06h.<\/p>\n<p class=\"v-p\">El suizo Stephan Nacht y su esposa japonesa Makiko, con la que lleva 30 a\u00f1os casado, <a href=\"https:\/\/www.elcorreo.com\/culturas\/museo-bueno-feo-malo-calienta-motores-covarrubias-20250319144056-ntrc.html\" target=\"_blank\" data-voc-vtm-id=\"in-text-traffic\" title=\"se engancharon a la magia de Sad Hill\" data-mrf-link=\"www.elcorreo.com\" rel=\"nofollow noopener\">se engancharon a la magia de Sad Hill<\/a> al ver hace unos a\u00f1os el documental de Netflix <a href=\"https:\/\/www.youtube.com\/watch?v=OUU7auBwyI0\" target=\"_blank\" data-voc-vtm-id=\"in-text-traffic\" title=\"&#039;Desenterrando Sad Hill&#039; (2017)\" data-mrf-link=\"www.youtube.com\" rel=\"nofollow noopener\">&#8216;Desenterrando Sad Hill&#8217; (2017)<\/a>, que narra c\u00f3mo un grupo de fans de &#8216;El bueno, el feo y el malo&#8217; (1966) recuper\u00f3 el cementerio donde se rod\u00f3 el cl\u00edmax de la pel\u00edcula, en la comarca burgalesa del Arlanza. \u00abMe pareci\u00f3 incre\u00edble lo que hicieron con la reconstrucci\u00f3n de ese lugar y siempre quise conocerlo\u00bb, afirma Stephan, de 52 a\u00f1os, que tras una prematura prejubilaci\u00f3n como jefe de ventas en Suiza de la multinacional de herramientas Bahco, trata ahora \u00abde disfrutar de los placeres de la vida\u00bb entre San Sebasti\u00e1n, donde reside seis meses al a\u00f1o, y la peque\u00f1a ciudad medieval de Bremgarten, cerca de Z\u00farich, donde pasa los otros seis.<\/p>\n<p class=\"v-p\">El matrimonio desembarc\u00f3 en Sad Hill por primera vez en 2018, cuando a\u00fan viv\u00edan en Suiza. \u00abFue impresionante, era como estar dentro de la propia pel\u00edcula, rodeado de miles de cruces y en mitad de un paisaje bell\u00edsimo\u00bb, recuerda este enamorado de los w\u00e9stern de Sergio Leone.<\/p>\n<p class=\"v-p\"> Luego han vuelto una decena de veces m\u00e1s, y hasta cuentan con su propia sepultura con la inscripci\u00f3n M+S Nacht. \u00abTambi\u00e9n tenemos bastantes amigos con sus tumbas\u00bb, se\u00f1ala Stephan en referencia a los nombres que figuran en las cruces de Sad Hill, y que forman parte de la campa\u00f1a que los promotores de la reconstrucci\u00f3n del cementerio iniciaron hace diez a\u00f1os para recaudar fondos. <\/p>\n<p class=\"v-p\">Aquella iniciativa result\u00f3 un \u00e9xito hasta el punto de que cuando llegaron a las cinco mil tumbas decidieron parar \u00abporque no d\u00e1bamos abasto\u00bb, como recuerda Joseba del Valle, uno de aquellos locos de los &#8216;spaghetti western&#8217; que trabajaron sin descanso hasta recuperar Sad Hill y convertir este territorio de la Espa\u00f1a vaciada en el destino del turismo de cine que es hoy, con miles de visitantes (70.000 al a\u00f1o) llegados de todo el mundo.<\/p>\n<p class=\"v-p\">En sus frecuentes visitas a Sad Hill, los Nacht suelen aprovechar para conocer las joyas monumentales que ofrecen los pueblos del entorno, como Santo Domingo de Silos o Covarrubias, y disfrutar de la espl\u00e9ndida gastronom\u00eda de la zona. Pero una vez traspasan la ic\u00f3nica figura de Clint Eastwood que da la bienvenida al visitante a la entrada del camposanto, la pareja sortea las infinitas filas de cruces hasta localizar sus favoritas, y si est\u00e1n deterioradas por el paso del tiempo, las reparan, repasan la pintura o las clavan para que queden bien asentadas sobre la tierra y no se caigan. <\/p>\n<p class=\"v-p\">El pasado agosto aprovecharon para restaurar <a href=\"https:\/\/www.elcorreo.com\/pantallas\/cine\/muere-claudia-cardinale-musa-cine-italiano-20250923233127-ntrc.html\" data-voc-vtm-id=\"in-text-traffic\" title=\"la tumba de Claudia Cardinale\" rel=\"nofollow noopener\" target=\"_blank\">la tumba de Claudia Cardinale<\/a>, una de las actrices favoritas de los Nacht. \u00abClaudia nos encantaba. En &#8216;Hasta que lleg\u00f3 su hora&#8217;, de Sergio Leone, est\u00e1 soberbia. Era una mujer bell\u00edsima, una gran int\u00e9rprete y por lo que dicen una buen\u00edsima persona\u00bb.<\/p>\n<p>\u00abNos adelantamos a Todos los Santos\u00bb<\/p>\n<p class=\"v-p\">Hace una semana Stephan y Makiko se toparon con la noticia de la muerte de la actriz italiana a los 87 a\u00f1os, y no se lo pensaron dos veces. \u00abNuestro plan era llevar flores a las tumbas de nuestros amigos el 1 de noviembre, cuando los espa\u00f1oles vais a los cementerios, pero Claudia nos ca\u00eda muy bien y adelantamos la visita\u00bb. <\/p>\n<p class=\"v-p\">El pasado viernes se enfundaron sus sombreros, se anudaron el pa\u00f1uelo vaquero al cuello y pusieron rumbo a Sad Hill, donde tras dejar algunas flores en las tumbas de sus colegas, se dirigieron a la de la Cardinale, donde depositaron una maceta con una docena de crisantemos frescos y, como recuerdo, se tomaron una foto. \u00abSu muerte nos ha entristecido. Junto a Clint Eastwood era la \u00faltima grande que quedaba de aquellas pel\u00edculas de Sergio Leone. Pero a pesar de toda la pena, ha vivido 87 a\u00f1os. \u00a1No est\u00e1 mal!\u00bb, exclama Stephan, feliz de ver &#8216;florecer&#8217; de nuevo a Claudia en un escenario de cine.<\/p>\n<p><img decoding=\"async\" loading=\"lazy\" src=\"https:\/\/www.europesays.com\/es\/wp-content\/uploads\/2025\/10\/jose_20250929190909-U87031548557vKk-748x524@RC.jpeg\" class=\"v-a-img\" width=\"748\" height=\"524\" alt=\"Joseba del Valle repasa la cruz de Claudia Cardinale, un d\u00eda despu\u00e9s de que Stephan y Mikiko depositaran las flores.\" data-voc-vtm-id=\"in-text-traffic\"\/><\/p>\n<p>Joseba del Valle repasa la cruz de Claudia Cardinale, un d\u00eda despu\u00e9s de que Stephan y Mikiko depositaran las flores.<\/p>\n<p>R. C.<\/p>\n<p><img loading=\"lazy\" decoding=\"async\" src=\"https:\/\/www.europesays.com\/es\/wp-content\/uploads\/2025\/10\/jose_20250929190030-U82002185442YNE-1920x1344@RC.jpeg\" class=\"v-mdl__img-z\" width=\"1920\" height=\"1344\" alt=\"\"\/><\/p>\n<p class=\"v-p\">Se da la circunstancia de que la actriz italiana, que tambi\u00e9n se puso a las \u00f3rdenes de Visconti y Fellini, fue la primera mujer en tener su propia tumba en Sad Hill. La construy\u00f3 el propio Joseba del Valle el 22 de mayo de 2016 y la levant\u00f3 en un lugar privilegiado, entre la de su padre, Ismael del Valle, que particip\u00f3 como extra en el rodaje de &#8216;El bueno, el feo y el malo&#8217; y otro burgal\u00e9s de pro: F\u00e9lix Rodr\u00edguez de la Fuente. \u00abLos tres est\u00e1n en muy buena compa\u00f1\u00eda\u00bb, bromea Del Valle, que admite su \u00abgrata sorpresa\u00bb tras ver las flores bajo la cruz de Cardinale. \u00abPara nosotros es un ejemplo del alma de Sad Hill, la gran familia a nivel internacional que gira alrededor del proyecto\u00bb, reflexiona.<\/p>\n<p><img decoding=\"async\" loading=\"lazy\" src=\"https:\/\/www.europesays.com\/es\/wp-content\/uploads\/2025\/10\/Laspetro-U30705621840wjM-650x975@RC.jpeg\" class=\"v-a-img\" width=\"650\" height=\"975\" alt=\"Claudia Cardinale rod\u00f3 en 1971 'Las Petroleras' a apenas 20 kil\u00f3metros de Sad Hill, en la provincia de Burgos.\" data-voc-vtm-id=\"in-text-traffic\"\/><\/p>\n<p>Claudia Cardinale rod\u00f3 en 1971 &#8216;Las Petroleras&#8217; a apenas 20 kil\u00f3metros de Sad Hill, en la provincia de Burgos.<\/p>\n<p>R. C.<\/p>\n<p class=\"v-p\">La cruz de la actriz italiana ocupa la fila principal del cementerio, junto a otras con los nombres de Sergio Leone, Ennio Morricone, el tr\u00edo protagonista de la pel\u00edcula, Clint Eastwood, Lee Van Cleef y Eli Wallach; el escen\u00f3grafo y creador de Sad Hill, Carlo Simi (cuyo legado es la base del museo Carlo Simi-Sad Hill, que este oto\u00f1o abrir\u00e1 sus puertas en Covarrubias), o Metallica, la banda heavy que siempre arranca sus conciertos con una escena del filme \u00aby que es la tumba que m\u00e1s veces nos han robado\u00bb, como apunta Del Valle, \u00abunas cinco o seis\u00bb, precisa.<\/p>\n<p class=\"v-p\">El propio Joseba se desplaz\u00f3 este pasado domingo a Sad Hill para completar la inscripci\u00f3n con el a\u00f1o del fallecimiento de Cardinale. Junto a 1938, fecha de su nacimiento, a\u00f1adi\u00f3 \u00abcon mucha pena\u00bb el 2025 de su final. \u00abClaudia rod\u00f3 &#8216;Las Petroleras&#8217; en 1971 a escasos 20 kil\u00f3metros de Sad Hill\u00bb, explica Del Valle, que lleg\u00f3 a conocer en 2018 a la int\u00e9rprete en el desierto de Tabernas en Almer\u00eda, con motivo de los 50 a\u00f1os del rodaje de &#8216;Hasta que lleg\u00f3 su hora&#8217; (1968), con Charles Bronson y Henry Fonda acompa\u00f1ando a \u00abuna espl\u00e9ndida\u00bb Cardinale. <\/p>\n<p class=\"v-p\">\u00abAll\u00ed se recre\u00f3 el rancho Sweetwater de la pel\u00edcula y pudimos entregar a Claudia una foto de su tumba en Sad Hill. Era una mujer cercana y entra\u00f1able y le cog\u00edas afecto enseguida. Cuando pint\u00e9 la primera vez su nombre en la cruz no pod\u00eda imaginar que tambi\u00e9n iba a inscribir su fecha de partida\u00ab, dice entristecido. Del Valle tambi\u00e9n coloc\u00f3 la semana pasada en Sad Hill la cruz de Robert Redford, que no la ten\u00eda. La ha levantado tambi\u00e9n en esa privilegiada primera l\u00ednea de las &#8216;estrellas&#8217; de Sad Hill, muy cerca de la de Cardinale. \u00bbEran dos colosos que merecen estar ah\u00ed\u00ab, apostilla.<\/p>\n<p>Reporta un error<\/p>\n","protected":false},"excerpt":{"rendered":"Martes, 30 de septiembre 2025, 00:41 | Actualizado 09:06h. El suizo Stephan Nacht y su esposa japonesa Makiko,&hellip;\n","protected":false},"author":2,"featured_media":159677,"comment_status":"","ping_status":"","sticky":false,"template":"","format":"standard","meta":{"footnotes":""},"categories":[174],"tags":[47452,255,21673,146,147,25,24,256,9646,14459,37096,23],"class_list":{"0":"post-159676","1":"post","2":"type-post","3":"status-publish","4":"format-standard","5":"has-post-thumbnail","7":"category-famosos","8":"tag-cardinale","9":"tag-celebrities","10":"tag-claudia","11":"tag-entertainment","12":"tag-entretenimiento","13":"tag-es","14":"tag-espana","15":"tag-famosos","16":"tag-flores","17":"tag-hill","18":"tag-sad","19":"tag-spain"},"share_on_mastodon":{"url":"","error":""},"_links":{"self":[{"href":"https:\/\/www.europesays.com\/es\/wp-json\/wp\/v2\/posts\/159676","targetHints":{"allow":["GET"]}}],"collection":[{"href":"https:\/\/www.europesays.com\/es\/wp-json\/wp\/v2\/posts"}],"about":[{"href":"https:\/\/www.europesays.com\/es\/wp-json\/wp\/v2\/types\/post"}],"author":[{"embeddable":true,"href":"https:\/\/www.europesays.com\/es\/wp-json\/wp\/v2\/users\/2"}],"replies":[{"embeddable":true,"href":"https:\/\/www.europesays.com\/es\/wp-json\/wp\/v2\/comments?post=159676"}],"version-history":[{"count":0,"href":"https:\/\/www.europesays.com\/es\/wp-json\/wp\/v2\/posts\/159676\/revisions"}],"wp:featuredmedia":[{"embeddable":true,"href":"https:\/\/www.europesays.com\/es\/wp-json\/wp\/v2\/media\/159677"}],"wp:attachment":[{"href":"https:\/\/www.europesays.com\/es\/wp-json\/wp\/v2\/media?parent=159676"}],"wp:term":[{"taxonomy":"category","embeddable":true,"href":"https:\/\/www.europesays.com\/es\/wp-json\/wp\/v2\/categories?post=159676"},{"taxonomy":"post_tag","embeddable":true,"href":"https:\/\/www.europesays.com\/es\/wp-json\/wp\/v2\/tags?post=159676"}],"curies":[{"name":"wp","href":"https:\/\/api.w.org\/{rel}","templated":true}]}}