{"id":159680,"date":"2025-10-06T16:54:10","date_gmt":"2025-10-06T16:54:10","guid":{"rendered":"https:\/\/www.europesays.com\/es\/159680\/"},"modified":"2025-10-06T16:54:10","modified_gmt":"2025-10-06T16:54:10","slug":"la-uefa-aprueba-de-manera-excepcional-que-el-villarreal-barcelona-se-juegue-en-miami-futbol-deportes","status":"publish","type":"post","link":"https:\/\/www.europesays.com\/es\/159680\/","title":{"rendered":"La UEFA aprueba de manera excepcional que el Villarreal-Barcelona se juegue en Miami | F\u00fatbol | Deportes"},"content":{"rendered":"<p class=\"\">La UEFA permitir\u00e1 que el encuentro entre el Villarreal y el Barcelona de la jornada 17 de la Liga, previsto en diciembre antes del par\u00f3n navide\u00f1o, se juegue fuera de Espa\u00f1a, en Miami, de manera \u201cexcepcional\u201d. <a href=\"https:\/\/elpais.com\/deportes\/futbol\/2025-09-11\/la-uefa-frena-la-celebracion-en-miami-del-villarreal-barcelona-de-la-liga.html\" target=\"_self\" rel=\"nofollow noopener\" title=\"https:\/\/elpais.com\/deportes\/futbol\/2025-09-11\/la-uefa-frena-la-celebracion-en-miami-del-villarreal-barcelona-de-la-liga.html\">Y a rega\u00f1adientes<\/a>. \u201cLos partidos de liga deben jugarse en casa; cualquier otra cosa privar\u00eda de sus derechos a los fieles aficionados que acuden a los partidos y podr\u00eda introducir elementos distorsionadores en las competiciones\u201d, expres\u00f3 Aleksander Ceferin, presidente de la UEFA, al anunciar la decisi\u00f3n en un comunicado del organismo. \u201cAunque es lamentable tener que permitir que estos dos partidos se disputen, esta decisi\u00f3n es excepcional y no deben considerarse un precedente. Nuestro compromiso es claro: proteger la integridad de las ligas nacionales y garantizar que el f\u00fatbol siga arraigado en su entorno local\u201d, continu\u00f3. <\/p>\n<p class=\"\">Despu\u00e9s de la reuni\u00f3n del Comit\u00e9 Ejecutivo celebrado el mes pasado en Tirana, la UEFA realiz\u00f3 nuevas consultas con las partes interesadas por las solicitudes recibidas desde las federaciones nacionales de f\u00fatbol de Espa\u00f1a e Italia (en este caso, para una Mil\u00e1n-Como), explica el organismo europeo. \u201cNuestra consulta confirm\u00f3<a href=\"https:\/\/elpais.com\/deportes\/futbol\/2025-09-10\/david-aganzo-presidente-del-sindicato-afe-si-no-nos-dan-mas-informacion-nos-opondremos-a-jugar-en-miami.html\" target=\"_self\" rel=\"nofollow noopener\" title=\"https:\/\/elpais.com\/deportes\/futbol\/2025-09-10\/david-aganzo-presidente-del-sindicato-afe-si-no-nos-dan-mas-informacion-nos-opondremos-a-jugar-en-miami.html\"> la magnitud de estas preocupaciones<\/a>. Me gustar\u00eda dar las gracias a las 55 federaciones nacionales por su compromiso constructivo y responsable en un tema tan delicado\u201d, a\u00f1adi\u00f3 Ceferin. \u201cDado que el marco normativo pertinente de la FIFA \u2014actualmente en revisi\u00f3n\u2014 no es lo suficientemente claro y detallado, el Comit\u00e9 Ejecutivo de la UEFA ha tomado con reticencia la decisi\u00f3n de aprobar, con car\u00e1cter excepcional, las dos solicitudes que se le han remitido\u201d, prosigue la nota. Con la luz verde por parte de la UEFA, ahora la FIFA, la CONCAF y la Federaci\u00f3n de Estados Unidos deber\u00e1n dar su visto bueno para que el partido se celebre, finalmente, en Miami.<\/p>\n","protected":false},"excerpt":{"rendered":"La UEFA permitir\u00e1 que el encuentro entre el Villarreal y el Barcelona de la jornada 17 de la&hellip;\n","protected":false},"author":2,"featured_media":159681,"comment_status":"","ping_status":"","sticky":false,"template":"","format":"standard","meta":{"footnotes":""},"categories":[93],"tags":[1540,168,1539,25,24,881,282,1538,21373,23,167,9607],"class_list":{"0":"post-159680","1":"post","2":"type-post","3":"status-publish","4":"format-standard","5":"has-post-thumbnail","7":"category-deportes","8":"tag-competiciones","9":"tag-deportes","10":"tag-entrenadores","11":"tag-es","12":"tag-espana","13":"tag-fc-barcelona","14":"tag-futbol","15":"tag-futbolistas","16":"tag-ligas-futbol","17":"tag-spain","18":"tag-sports","19":"tag-villarreal-cf"},"share_on_mastodon":{"url":"","error":""},"_links":{"self":[{"href":"https:\/\/www.europesays.com\/es\/wp-json\/wp\/v2\/posts\/159680","targetHints":{"allow":["GET"]}}],"collection":[{"href":"https:\/\/www.europesays.com\/es\/wp-json\/wp\/v2\/posts"}],"about":[{"href":"https:\/\/www.europesays.com\/es\/wp-json\/wp\/v2\/types\/post"}],"author":[{"embeddable":true,"href":"https:\/\/www.europesays.com\/es\/wp-json\/wp\/v2\/users\/2"}],"replies":[{"embeddable":true,"href":"https:\/\/www.europesays.com\/es\/wp-json\/wp\/v2\/comments?post=159680"}],"version-history":[{"count":0,"href":"https:\/\/www.europesays.com\/es\/wp-json\/wp\/v2\/posts\/159680\/revisions"}],"wp:featuredmedia":[{"embeddable":true,"href":"https:\/\/www.europesays.com\/es\/wp-json\/wp\/v2\/media\/159681"}],"wp:attachment":[{"href":"https:\/\/www.europesays.com\/es\/wp-json\/wp\/v2\/media?parent=159680"}],"wp:term":[{"taxonomy":"category","embeddable":true,"href":"https:\/\/www.europesays.com\/es\/wp-json\/wp\/v2\/categories?post=159680"},{"taxonomy":"post_tag","embeddable":true,"href":"https:\/\/www.europesays.com\/es\/wp-json\/wp\/v2\/tags?post=159680"}],"curies":[{"name":"wp","href":"https:\/\/api.w.org\/{rel}","templated":true}]}}