{"id":159700,"date":"2025-10-06T17:07:16","date_gmt":"2025-10-06T17:07:16","guid":{"rendered":"https:\/\/www.europesays.com\/es\/159700\/"},"modified":"2025-10-06T17:07:16","modified_gmt":"2025-10-06T17:07:16","slug":"el-israel-tendra-nuevo-nombre-sin-cambiar-de-nacionalidad","status":"publish","type":"post","link":"https:\/\/www.europesays.com\/es\/159700\/","title":{"rendered":"El Israel tendr\u00e1 nuevo nombre sin cambiar de nacionalidad"},"content":{"rendered":"<p><strong>Redacci\u00f3n \/ F. Ferrari \/\u00a0 <a href=\"https:\/\/www.ciclo21.com\/whatsapp-telegram-2025\/\" target=\"_blank\" rel=\"noopener nofollow\">Ciclo 21<\/a><\/strong><\/p>\n<p><strong>Lunes 6 octubre<\/strong><\/p>\n<p><a href=\"https:\/\/www.ciclo21.com\/wp-content\/uploads\/2025\/10\/El-equipo-Israel-durante-la-pasada-Vuelta-_c_-Miguel-Oses-_AP_.jpg\" target=\"_blank\" rel=\"noopener nofollow\"><img fetchpriority=\"high\" decoding=\"async\" aria-describedby=\"caption-attachment-449554\" class=\"wp-image-449554 size-large lazy\" src=\"data:image\/svg+xml,%3Csvg%20xmlns=\" http:=\"\" data-src=\"https:\/\/www.europesays.com\/es\/wp-content\/uploads\/2025\/10\/El-equipo-Israel-durante-la-pasada-Vuelta-_c_-Miguel-Oses-_AP_-1024x683.jpg.webp.webp\" alt=\"\" width=\"620\" height=\"414\" data- data-\/><\/a><\/p>\n<p id=\"caption-attachment-449554\" class=\"wp-caption-text\">El-equipo-Israel-durante-la-pasada-Vuelta- (c) Miguel-Oses-_AP_<\/p>\n<p style=\"text-align: justify;\">En la tarde de este lunes, el equipo<strong> Israel-Premier Tech <\/strong>emiti\u00f3 un<strong> comunicado oficial <\/strong>en el que anuncia que<strong> dejar\u00e1 de estar ligado al estado de Israel a partir de la temporada 2026, pero no confirman si la licencia World Tour cambia la actual israelita<\/strong>. Ni el nombre ni la estructura mantendr\u00e1n su v\u00ednculo actual: s<strong>er\u00e1 un proyecto completamente nuevo, cuya identidad definitiva se revelar\u00e1 \u00abpr\u00f3ximamente\u00bb dice un comunicado ambiguo y con muchos interrogantes<\/strong>. La decisi\u00f3n \u00abmarca el fin de las relaciones con Israel y tambi\u00e9n la salida del magnate <strong>Sylvan Adams<\/strong>, hasta ahora m\u00e1ximo responsable del conjunto y figura cercana al primer ministro israel\u00ed, <strong>Benjam\u00edn Netanyahu. <\/strong><strong>Adams dejar\u00e1 de tener participaci\u00f3n activa en la gesti\u00f3n diaria y ya no hablar\u00e1 en nombre del equipo, centr\u00e1ndose en su rol como presidente del Congreso Jud\u00edo Mundial en Israel\u00bb <\/strong>agregan en un frase complicada de asuir porque Adams eeguir\u00e1 estando en la sombra de la pol\u00e9mica formaci\u00f3n.<\/p>\n<p style=\"text-align: justify;\">Aunque el comunicado no hace menci\u00f3n directa a motivos pol\u00edticos, <strong>la decisi\u00f3n llega tras meses de fuerte presi\u00f3n internacional y rechazo generalizado hacia la presencia del equipo en el pelot\u00f3n, en el contexto del conflicto en Gaza<\/strong>, ampliamente condenado por la comunidad internacional. Durante las \u00faltimas semanas, esa tensi\u00f3n se traslad\u00f3 tambi\u00e9n a las carreteras. En <strong>La Vuelta a Espa\u00f1a 2025,<\/strong> la repulsa hacia la participaci\u00f3n del equipo israel\u00ed fue tan intensa que varias etapas se vieron afectadas: en Bilbao y en Galicia hubo interrupciones parciales, y en Madrid, miles de manifestantes bloquearon el circuito final, impidiendo el paso del pelot\u00f3n por las calles de la capital. En respuesta, el equipo decidi\u00f3 retirar el nombre del pa\u00eds del maillot durante la carrera, aunque s\u00ed complet\u00f3 la ronda espa\u00f1ola.<\/p>\n<p style=\"text-align: justify;\"><strong>Un proyecto que cambia de piel<\/strong><\/p>\n<p style=\"text-align: justify;\">El comunicado recuerda que hace once a\u00f1os se fund\u00f3 el equipo Cycling Academy con la visi\u00f3n de fomentar el talento joven proveniente de pa\u00edses no tradicionales en el ciclismo, incluido Israel, ofreciendo a los corredores un camino claro hacia el profesionalismo. En este tiempo, la estructura \u2014que adopt\u00f3 el nombre de Israel-Premier Tech hace cuatro a\u00f1os\u2014 ha vivido los altibajos propios del deporte profesional: desde la alegr\u00eda de ver a sus ciclistas ganar etapas en el Tour de Francia, hasta el duro descenso y la posterior lucha por regresar al WorldTour. <strong>\u00abEs, y siempre ha sido, un proyecto deportivo\u00bb<\/strong>, subraya el texto.<\/p>\n<p style=\"text-align: justify;\">El equipo destaca -en otro intento de blanqueamiento de su imagen- que se enorgullece tanto de sus logros en la carretera como de la cultura interna que ha construido, una base que le permiti\u00f3 superar los desaf\u00edos de los \u00faltimos meses. <strong>\u00abCon un compromiso inquebrantable hacia nuestros corredores, el personal y nuestros socios, se ha tomado la decisi\u00f3n de renombrar y reestructurar el equipo, alej\u00e1ndose de su identidad israel\u00ed actual. En el deporte, el progreso a menudo requiere sacrificios, y este paso es esencial para asegurar el futuro del equipo\u00bb<\/strong>, explica el comunicado. Aunque a\u00fan no se ha revelado el nuevo nombre ni los patrocinadores que acompa\u00f1ar\u00e1n al proyecto, la estructura asegura que se mantendr\u00e1 fiel a su promesa fundacional: desarrollar talento ciclista de todo el mundo.<\/p>\n<p style=\"text-align: justify;\">El mensaje concluye con un agradecimiento a los aficionados: \u00abGracias por su apoyo inquebrantable a lo largo de los a\u00f1os, y especialmente durante estas \u00faltimas semanas. Esperamos seguir recorriendo este camino juntos\u00bb.\u00a0El anuncio marca el inicio de una nueva etapa con un nuevo \u00abnaming partner\u00bb que asegurar\u00e1 su supervivencia deportiva y econ\u00f3mica en el pelot\u00f3n internacional. <strong>Sylvan Adams \u00abdejar\u00e1 de participar en el d\u00eda a d\u00eda\u00bb de la formaci\u00f3n pero sigue ligado a la misma<\/strong> con lo que ello significa que los lazos con el gobierno de Benjam\u00edn Netayanhu seguir\u00e1n latentes en lo que se presume una mera moficaci\u00f3n est\u00e9tica bajo <strong>un movimiento \u00abgattopardista\u00bb: cambiar todo para que nada cambie.<\/strong><\/p>\n<p><strong>Jueves 2 octubre<\/strong><\/p>\n<p style=\"text-align: justify;\" data-start=\"0\" data-end=\"588\">El equipo <strong data-start=\"10\" data-end=\"35\">Israel \u2013 Premier Tech<\/strong> vuelve a estar en el centro de la pol\u00e9mica tras ser excluido del <strong data-start=\"101\" data-end=\"126\">Giro dell\u2019Emilia 2025<\/strong>, una decisi\u00f3n tomada por la organizaci\u00f3n siguiendo la recomendaci\u00f3n del ayuntamiento de Bolonia ante el temor a posibles bloqueos y protestas por su presencia. La medida llega tras los incidentes registrados en la pasada <strong data-start=\"348\" data-end=\"367\">Vuelta a Espa\u00f1a<\/strong>, donde manifestantes pro-Palestina interrumpieron varias etapas, incluida la contrarreloj por equipos de Figueres, la llegada a Mos \u2014que no pudo completarse\u2014, la etapa de la Bola del Mundo y la jornada final en Madrid.<\/p>\n<p style=\"text-align: justify;\" data-start=\"590\" data-end=\"1072\" data-is-last-node=\"\" data-is-only-node=\"\">En declaraciones a Cyclingnews, la escuadra israel\u00ed calific\u00f3 de \u201cextremadamente lamentable que las amenazas de violencia hayan alterado el ciclismo\u201d, lamentando la falta de garant\u00edas para competir pese a haberse ganado la invitaci\u00f3n por m\u00e9ritos deportivos como uno de los mejores equipos <strong data-start=\"880\" data-end=\"895\">UCI ProTeam<\/strong>. Pese a su exclusi\u00f3n, el conjunto dese\u00f3 \u201cmucho \u00e9xito\u201d a los organizadores del Giro dell\u2019Emilia, subrayando que el deporte no deber\u00eda verse condicionado por conflictos externos.<\/p>\n<p><strong>S\u00e1bado 27 septiembre<\/strong><\/p>\n<p style=\"text-align: justify;\">Barcelona se prepara para ser la ciudad de salida del Tour de Francia en 2026, pero el esperado anuncio deportivo ha quedado en segundo plano. <strong>El pleno municipal aprob\u00f3 una moci\u00f3n que exige impedir la participaci\u00f3n de equipos vinculados al Estado de Israel,<\/strong> lo que apunta directamente a la formaci\u00f3n Israel\u2013Premier Tech y reaviva un debate que ya viene marcando la agenda ciclista internacional. La propuesta sali\u00f3 adelante con los votos de PSC, Barcelona en Com\u00fa y Esquerra Republicana, mientras que PP y Vox se opusieron y Junts se abstuvo. El alcalde Jaume Collboni asegur\u00f3 que trasladar\u00e1 esta posici\u00f3n a los organizadores franceses, insistiendo en que <strong>Barcelona \u00abno quiere ser escenario para la representaci\u00f3n del equipo israel\u00ed\u00bb<\/strong>.<\/p>\n<p style=\"text-align: justify;\">El concejal de Deportes, David Escud\u00e9, justific\u00f3 la medida compar\u00e1ndola con la exclusi\u00f3n de Rusia de competiciones internacionales tras la invasi\u00f3n de Ucrania. Seg\u00fan explic\u00f3, <strong>la intenci\u00f3n es evitar que la ciudad se convierta en \u00abaltavoz\u00bb de un Estado cuestionado por su papel en el conflicto palestino<\/strong>. La pol\u00e9mica estalla a las puertas de un acontecimiento hist\u00f3rico: ser\u00e1 apenas la tercera ocasi\u00f3n en la que la Grande Boucle arranque desde suelo espa\u00f1ol, tras San Sebasti\u00e1n en 1992 y Bilbao en 2023. Desde la oposici\u00f3n, <strong>PP y Vox acusan al gobierno municipal de \u00abutilizar el Tour como plataforma pol\u00edtica\u00bb<\/strong> y de empa\u00f1ar la oportunidad de proyecci\u00f3n internacional que supone acoger la salida de la ronda francesa.<\/p>\n<p style=\"text-align: justify;\">No obstante,<strong> la moci\u00f3n choca con un l\u00edmite claro: la normativa de la Uni\u00f3n Ciclista Internacional. Solo el organismo con sede en Aigle tiene potestad para vetar la inscripci\u00f3n de un equipo, de modo que ni los organizadores ni las autoridades locales pueden imponer de manera unilateral una exclusi\u00f3n<\/strong>.\u00a0El pulso de Barcelona se suma al de Gran Canaria, que ya advirti\u00f3 que renunciar\u00e1 a la llegada de la Vuelta a Espa\u00f1a en 2026 si Israel\u2013Premier Tech mantiene su presencia. Una muestra de c\u00f3mo el ciclismo, en v\u00edsperas de uno de sus mayores espect\u00e1culos, vuelve a convertirse en escenario de tensiones pol\u00edticas internacionales.<\/p>\n<p><strong>Mi\u00e9rcoles 24 septiembre<\/strong><\/p>\n<p style=\"text-align: justify;\">La presi\u00f3n sobre Israel\u2013Premier Tech sigue aumentando. Tras la reciente petici\u00f3n de Factor Bikes, tambi\u00e9n el principal patrocinador del conjunto, <strong>la marca canadiense Premier Tech, ha reclamado que la palabra Israel desaparezca del nombre de la formaci\u00f3n dirigida por Sylvan Adams. \u00abLa situaci\u00f3n actual respecto al nombre del equipo ya no es sostenible para alcanzar los objetivos que motivan nuestra presencia en el ciclismo\u00bb<\/strong>, explic\u00f3 la empresa, que condiciona su continuidad en el proyecto a que la escuadra \u00abevolucione hacia un nuevo nombre que excluya la palabra Israel, adoptando una nueva identidad y una nueva imagen de marca\u00bb. Premier Tech, que desembarc\u00f3 en el ciclismo primero junto a Astana antes de asociarse con el multimillonario israelo-canadiense, hace alusi\u00f3n a un contexto <strong>\u00abprofundamente cambiado desde nuestra llegada al WorldTour en 2017\u00bb<\/strong>.\u00a0<\/p>\n<p style=\"text-align: justify;\">Las protestas vividas durante la \u00faltima Vuelta a Espa\u00f1a fueron el punto m\u00e1s alto de la tensi\u00f3n, pero tambi\u00e9n han dejado consecuencias inmediatas. Pocos d\u00edas despu\u00e9s de la conclusi\u00f3n de la carrera, los organizadores de O Gran Cami\u00f1o comunicaron que el equipo no ser\u00e1 invitado a la edici\u00f3n 2026, convirti\u00e9ndose en la primera exclusi\u00f3n oficial por motivos pol\u00edticos. La situaci\u00f3n se complica todav\u00eda m\u00e1s: <strong>el presidente del Cabildo Insular de Gran Canaria advirti\u00f3 que, si el conjunto toma la salida de la Vuelta en 2026 -algo seguro al recuperar la licencia WorldTour-, la regi\u00f3n dejar\u00e1 de albergar la carrera espa\u00f1ola<\/strong>.<\/p>\n<p><strong>Jueves 18 septiembre<\/strong><\/p>\n<p style=\"text-align: justify;\"><strong>El Israel\u2013Premier Tech no estar\u00e1 en la l\u00ednea de salida de la pr\u00f3xima edici\u00f3n de O Gran Cami\u00f1o<\/strong>, la principal prueba ciclista por etapas de Galicia. As\u00ed lo confirm\u00f3 el organizador, el exciclista Ezequiel Mosquera, quien justific\u00f3 la decisi\u00f3n en la necesidad de \u00abproteger la competici\u00f3n\u00bb tras los incidentes vividos recientemente en la Vuelta a Espa\u00f1a.<\/p>\n<p style=\"text-align: justify;\">La ronda gallega, que debut\u00f3 en 2022, <a href=\"https:\/\/www.ciclo21.com\/5a-o-gran-camino-2025-cort-gee\" target=\"_blank\" rel=\"noopener nofollow\">ya cont\u00f3 con el conjunto israel\u00ed en su estreno y lo vio coronarse este mismo a\u00f1o con la victoria del canadiense Derek Gee<\/a>, quien abandon\u00f3 el equipo en agosto. Sin embargo, las crecientes protestas propalestinas contra la presencia de la formaci\u00f3n, que en la pasada Vuelta obligaron incluso a cancelar la \u00faltima etapa en Madrid, han sido determinantes para excluir a la escuadra.\u00a0<strong>\u00abNo es una situaci\u00f3n f\u00e1cil para nadie\u00bb, reconoci\u00f3 Mosquera, que calific\u00f3 lo vivido en la Vuelta como \u00abuna situaci\u00f3n de m\u00e1xima tensi\u00f3n\u00bb para corredores, directores y organizadores<\/strong>. A diferencia de la ronda espa\u00f1ola, O Gran Cami\u00f1o no pertenece al World Tour, por lo que no est\u00e1 obligado a invitar al Israel\u2013Premier Tech.<\/p>\n<p style=\"text-align: justify;\">El organizador insisti\u00f3 en que el objetivo principal de la carrera es la promoci\u00f3n tur\u00edstica y patrimonial de Galicia, ligada al trazado de los caminos de Santiago. Tambi\u00e9n subray\u00f3 que la prueba busca consolidarse con un ascenso de categor\u00eda de la UCI, lo que implicar\u00eda un cambio de fechas y la posibilidad de atraer equipos de mayor nivel.\u00a0<strong>\u00abQueremos seguir protegiendo lo que tenemos, estamos orgullosos de lo que hemos construido en apenas cuatro a\u00f1os\u00bb<\/strong>, sentenci\u00f3 Mosquera.<\/p>\n<p><a href=\"https:\/\/www.europesays.com\/es\/wp-content\/uploads\/2025\/10\/Derek-Gee-cuando-se-corono-ganador-de-O-Gran-Camino-esta-temporada-c-EFE.webp.webp\" target=\"_blank\" rel=\"noopener\"><img loading=\"lazy\" decoding=\"async\" aria-describedby=\"caption-attachment-447676\" class=\"wp-image-447676 size-full lazy\" src=\"data:image\/svg+xml,%3Csvg%20xmlns=\" http:=\"\" data-src=\"https:\/\/www.europesays.com\/es\/wp-content\/uploads\/2025\/10\/Derek-Gee-cuando-se-corono-ganador-de-O-Gran-Camino-esta-temporada-c-EFE.webp.webp\" alt=\"\" width=\"1279\" height=\"720\" data- data-\/><\/a><\/p>\n<p id=\"caption-attachment-447676\" class=\"wp-caption-text\">Derek Gee cuando se coron\u00f3 ganador de O Gran Cami\u00f1o esta temporada (c) EFE<\/p>\n<p><strong>Mi\u00e9rcoles 17 septiembre<\/strong><\/p>\n<p style=\"text-align: justify;\"><strong>La Asociaci\u00f3n de Ciclistas Profesionales de Espa\u00f1a (ACP) ha manifestado su \u00abprofunda preocupaci\u00f3n y rechazo\u00bb ante los incidentes registrados durante diversas etapas de la Vuelta a Espa\u00f1a<\/strong>, en los que protestas sociales derivaron en comportamientos violentos que pusieron en riesgo la seguridad del pelot\u00f3n.<\/p>\n<p style=\"text-align: justify;\"><strong>El organismo denunci\u00f3<\/strong> <strong>la invasi\u00f3n de la calzada por parte de manifestantes, lo que lleg\u00f3 a provocar ca\u00eddas, as\u00ed como el lanzamiento de chinchetas y cristales en la carretera<\/strong>. Tambi\u00e9n se reportaron insultos, escupitajos y l\u00edquidos arrojados directamente contra los corredores. \u00abEstos hechos, adem\u00e1s de inaceptables, son incompatibles con los valores del deporte y ponen en peligro la salud y el trabajo de los ciclistas profesionales\u00bb, se\u00f1al\u00f3 la ACP en una nota de prensa.<\/p>\n<p style=\"text-align: justify;\">La asociaci\u00f3n quiso dejar claro su <strong>desacuerdo con el genocidio en Gaza<\/strong>, subrayando al mismo tiempo que <strong>\u00abel derecho a la manifestaci\u00f3n pac\u00edfica, parte esencial de toda sociedad democr\u00e1tica, nunca puede ejercerse comprometiendo la seguridad ni la integridad f\u00edsica de los ciclistas\u00bb<\/strong>. Finalmente, la ACP elogi\u00f3 la actitud del pelot\u00f3n: \u00abPese a estas dif\u00edciles circunstancias, los corredores han seguido compitiendo con gran responsabilidad, engrandeciendo el valor de La Vuelta como uno de los grandes eventos deportivos internacionales que debemos proteger y apoyar entre todos\u00bb, concluye el sindicato destacando la profesionalidad, compromiso y unidad de los corredores.<\/p>\n<p><a href=\"https:\/\/www.ciclo21.com\/wp-content\/uploads\/2025\/09\/Comunicado-ACP-La-Vuelta-1609_page-0001.jpg\" target=\"_blank\" rel=\"noopener nofollow\"><img loading=\"lazy\" decoding=\"async\" aria-describedby=\"caption-attachment-447619\" class=\"wp-image-447619 size-full lazy\" src=\"data:image\/svg+xml,%3Csvg%20xmlns=\" http:=\"\" data-src=\"https:\/\/www.europesays.com\/es\/wp-content\/uploads\/2025\/10\/Comunicado-ACP-La-Vuelta-1609_page-0001.jpg.webp.webp\" alt=\"\" width=\"1275\" height=\"1650\" data- data-\/><\/a><\/p>\n<p id=\"caption-attachment-447619\" class=\"wp-caption-text\">Comunicado de la Asociaci\u00f3n de Ciclistas Profesionales<\/p>\n<p style=\"text-align: justify;\"><strong>Martes 16 septiembre<\/strong><\/p>\n<p><a href=\"https:\/\/www.ciclo21.com\/wp-content\/uploads\/2025\/09\/csd-logo-2025.jpg\" rel=\"nofollow noopener\" target=\"_blank\"><img loading=\"lazy\" decoding=\"async\" aria-describedby=\"caption-attachment-447409\" class=\"size-full wp-image-447409 lazy\" src=\"data:image\/svg+xml,%3Csvg%20xmlns=\" http:=\"\" data-src=\"https:\/\/www.europesays.com\/es\/wp-content\/uploads\/2025\/10\/csd-logo-2025.jpg.webp.webp\" alt=\"\" width=\"978\" height=\"442\" data- data-\/><\/a><\/p>\n<p id=\"caption-attachment-447409\" class=\"wp-caption-text\">Logotipo oficial \u00a9 CSD<\/p>\n<p style=\"text-align: justify;\">El Consejo Superior de Deportes (CSD), dependiente del Gobierno de Espa\u00f1a, ha respondido el duro comunicado de la Uni\u00f3n Ciclista Internacional (UCI) con una carta firmada por su presidente <strong>Jos\u00e9 Manuel Rodr\u00edguez Uribes a su hom\u00f3logo <\/strong>David Lappartient<\/p>\n<p style=\"text-align: justify;\">En la misiva, el CSD afirma que est\u00e1n\u00a0<strong>\u00abmuy orgullosos de la grandeza del pueblo espa\u00f1ol y de su sensibilidad frente a situaciones profundamente inaceptables e intolerables\u00bb. y recalca que <\/strong>en Espa\u00f1a, como en todas las sociedades democr\u00e1ticas, el derecho de manifestaci\u00f3n, libre y pac\u00edfico, <strong>es un derecho fundamental,\u00a0<\/strong>consagrado en nuestra Constituci\u00f3n de 1978. Si adem\u00e1s la causa es una causa justa y noble en defensa de los Derechos Humanos,\u00a0<strong>esa expresi\u00f3n libre y pac\u00edfica adquiere la condici\u00f3n de obligaci\u00f3n moral<\/strong>\u00ab.<\/p>\n<p style=\"text-align: justify;\">Tambi\u00e9n critica al m\u00e1ximo organismo ciclista que \u00absorprende constatar que en su comunicado <strong>no se realiza en ning\u00fan\u00a0momento una petici\u00f3n expresa al Gobierno de Netanyahu instando a que pare la masacre<\/strong> y la barbarie que est\u00e1 sufriendo el pueblo de Palestina. Una realidad que deber\u00eda interpelar a actuar con la misma contundencia que en el a\u00f1o 2022 ante la invasi\u00f3n de Rusia a Ucrania\u00bb<\/p>\n<p style=\"text-align: justify;\"><strong>Comunicado completo del CSD<\/strong><\/p>\n<p style=\"text-align: justify;\">Estimado Sr. <strong>David Lappartient,<\/strong><\/p>\n<p style=\"text-align: justify;\">Hemos conocido, con profundo malestar y sorpresa, su <strong>declaraci\u00f3n acerca de La Vuelta\u00a0Ciclista a Espa\u00f1a 2025<\/strong>. En Espa\u00f1a, como en todas las sociedades democr\u00e1ticas, el derecho de manifestaci\u00f3n, libre y pac\u00edfico, es un derecho fundamental, consagrado en nuestra Constituci\u00f3n de\u00a01978. Si adem\u00e1s la causa es una causa justa y noble en defensa de los Derechos Humanos, esa\u00a0expresi\u00f3n libre y pac\u00edfica adquiere la condici\u00f3n de obligaci\u00f3n moral. Por eso, como dijo el\u00a0presidente del Gobierno ayer, desde el Consejo Superior de Deportes (CSD) estamos muy\u00a0orgullosos de la <strong>grandeza del pueblo espa\u00f1ol y de su sensibilidad<\/strong> frente a situaciones\u00a0profundamente inaceptables e intolerables.<\/p>\n<p style=\"text-align: justify;\">Desde la m\u00e1s profunda admiraci\u00f3n y respeto por nuestros deportistas y trasladando, como\u00a0siempre hemos hecho, nuestro <strong>rechazo ante cualquier tipo de actitud violenta<\/strong>, creemos que el\u00a0deporte no puede ser una isla indiferente a lo que sucede en el mundo ni mucho menos\u00a0permanecer ajeno a las graves violaciones de los Derechos Humanos.<\/p>\n<p style=\"text-align: justify;\"><strong>No hay paz sin justicia y \u201cblanquear\u201d a trav\u00e9s del deporte un genocidio<\/strong> como el que se est\u00e1\u00a0cometiendo en Gaza, con miles de muertos, ni\u00f1os y ni\u00f1as inocentes y una hambruna ya declarada\u00a0por Naciones Unidas, esto s\u00ed es una posici\u00f3n pol\u00edtica que contraviene la Carta Ol\u00edmpica y los\u00a0valores m\u00e1s b\u00e1sicos del deporte.<\/p>\n<p style=\"text-align: justify;\">En este sentido, sorprende constatar que en su comunicado <strong>no se realiza en ning\u00fan\u00a0momento una petici\u00f3n expresa al Gobierno de Netanyahu instando a que pare la masacre<\/strong> y la\u00a0barbarie que est\u00e1 sufriendo el pueblo de Palestina. Una realidad que deber\u00eda interpelar a actuar\u00a0con la misma contundencia que en el a\u00f1o 2022 ante la invasi\u00f3n de Rusia a Ucrania.<\/p>\n<p style=\"text-align: justify;\">Leo en su declaraci\u00f3n p\u00fablica que incluso cuestiona nuestra capacidad organizativa como\u00a0pa\u00eds, cuando usted sabe perfectamente que <strong>en Espa\u00f1a hacemos bien las cosas, con \u00e9xito y\u00a0seguridad<\/strong>. Los numerosos eventos internacionales que ya hemos albergado y que seguiremos\u00a0organizando dan muestras m\u00e1s que suficientes del buen hacer del pueblo espa\u00f1ol.<\/p>\n<p style=\"text-align: justify;\">El reciente <a href=\"https:\/\/www.ciclo21.com\/europeo-descenso-mtb-2025-la-molina-chapelet-baumann\/\" target=\"_blank\" rel=\"noopener nofollow\"><strong>Europeo de descenso de ciclismo en La Molina<\/strong><\/a>, la Copa Libertadores de 2018, los Grandes Premios de automovilismo y motociclismo, la eliminatoria de Copa Davis de ayer contra Dinamarca o el pr\u00f3ximo Mundial 2030 con Portugal y Marruecos, as\u00ed como tantos otros ejemplos de buen hacer, serio y eficaz, prueban nuestra enorme capacidad organizadora, conocida en toda Europa y en el mundo.<\/p>\n<p style=\"text-align: justify;\">Sin duda, el di\u00e1logo y el entendimiento, el deporte como puente de comunicaci\u00f3n de las\u00a0naciones que favorece la uni\u00f3n y no la divisi\u00f3n, es un prop\u00f3sito que compartimos. Pero no olvide\u00a0que, como dec\u00eda Kant, <strong>\u201cla paz sin justicia es la paz de los cementerios\u201d.<\/strong><\/p>\n<p><strong>El COI defiende la presencia de Israel en el deporte internacional<\/strong><\/p>\n<p style=\"text-align: justify;\"><strong>El Comit\u00e9 Ol\u00edmpico Internacional (COI) ha reiterado este martes que Israel cumple con la Carta Ol\u00edmpica y ha defendido su presencia en las competiciones deportivas internacionales<\/strong>, en respuesta a las peticiones \u2014entre ellas la del presidente espa\u00f1ol Pedro S\u00e1nchez\u2014 de que el pa\u00eds sea apartado por la ofensiva en Gaza. <strong>\u00abTanto el comit\u00e9 ol\u00edmpico nacional de Israel como el de Palestina est\u00e1n reconocidos por el COI y tienen los mismos derechos. Ambos cumplen con la Carta Ol\u00edmpica y seguimos trabajando con ellos para intentar mitigar el impacto del actual conflicto en los atletas\u00bb<\/strong>, subray\u00f3 la organizaci\u00f3n en un comunicado remitido a EFE.<\/p>\n<p style=\"text-align: justify;\">El organismo con sede en Lausana destac\u00f3 que, <strong>durante los Juegos Ol\u00edmpicos de Par\u00eds 2024, \u00ablos equipos de ambas delegaciones convivieron pac\u00edficamente bajo un mismo techo, en la Villa Ol\u00edmpica\u00bb<\/strong>, una imagen que el COI utiliza como ejemplo de la neutralidad que busca preservar. La posici\u00f3n del COI contrasta con la de S\u00e1nchez, que la pasada semana reclam\u00f3 que \u00abni Rusia ni Israel\u00bb tengan presencia en las competiciones deportivas internacionales \u00abhasta que no cese la barbarie\u00bb.<\/p>\n<p style=\"text-align: justify;\">El COI recuerda, adem\u00e1s, que fue pionero en el reconocimiento de Palestina, cuyos atletas participan en los Juegos desde Atlanta 1996 sin faltar a ninguna edici\u00f3n, aunque todav\u00eda no han conquistado medallas.\u00a0<strong>Mientras mantiene la puerta abierta tanto a Israel como a Palestina, el COI sostiene sus sanciones a Rusia y Bielorrusia<\/strong>. En Par\u00eds 2024 sus deportistas compitieron bajo bandera neutral (AIN, atletas individuales neutrales), sanci\u00f3n derivada tanto de la invasi\u00f3n de Ucrania como de los esc\u00e1ndalos de dopaje que salpican al deporte ruso.<\/p>\n<p><a href=\"https:\/\/www.ciclo21.com\/wp-content\/uploads\/2025\/09\/La-presidenta-del-COI-Kirsty-Coventry-c-Reuters.jpg\" target=\"_blank\" rel=\"noopener nofollow\"><img loading=\"lazy\" decoding=\"async\" aria-describedby=\"caption-attachment-447451\" class=\"wp-image-447451 size-full lazy\" src=\"data:image\/svg+xml,%3Csvg%20xmlns=\" http:=\"\" data-src=\"https:\/\/www.europesays.com\/es\/wp-content\/uploads\/2025\/10\/La-presidenta-del-COI-Kirsty-Coventry-c-Reuters.jpg.webp.webp\" alt=\"\" width=\"1200\" height=\"675\" data- data-\/><\/a><\/p>\n<p id=\"caption-attachment-447451\" class=\"wp-caption-text\">La presidenta del COI, Kirsty Coventry (c) Reuters<\/p>\n<p style=\"text-align: justify;\"><strong>Barcelona no quiere equipos de Israel en la salida del Tour de Francia 2026<\/strong><\/p>\n<p style=\"text-align: justify;\">El Ayuntamiento de Barcelona ha marcado posici\u00f3n de cara al pr\u00f3ximo verano. <strong>El concejal de Deportes, David Escud\u00e9, asegur\u00f3 en declaraciones a Betev\u00e9 que la ciudad \u00abno quiere equipos con bandera de Israel ni en la Grand D\u00e9part ni en ninguna otra competici\u00f3n deportiva\u00bb<\/strong>\u00a0que se celebre en la capital catalana.<\/p>\n<p style=\"text-align: justify;\"><strong>La salida del Tour de Francia 2026 est\u00e1 confirmada desde Barcelona, pero Escud\u00e9 pidi\u00f3 que los organismos internacionales act\u00faen con Israel igual que lo hicieron con Rusia<\/strong>, vetada en el deporte tras la invasi\u00f3n de Ucrania. \u00abPor supuesto que habr\u00e1 salida del Tour desde Barcelona \u2014matiz\u00f3 el edil\u2014, pero <strong>no podemos mirar a otro lado<\/strong>. Pedimos que se proceda de la misma manera tambi\u00e9n en este caso\u00bb.<\/p>\n<p style=\"text-align: justify;\">La postura municipal llega despu\u00e9s de las multitudinarias protestas pro-palestinas durante la Vuelta a Espa\u00f1a, que acabaron derivando en la suspensi\u00f3n de la etapa final en Madrid. <strong>Las manifestaciones, especialmente visibles en el Paseo de la Castellana, denunciaron la presencia en carrera del Israel\u2013Premier Tech<\/strong>, equipo cuyo propietario, Sylvan Adams, ha respaldado p\u00fablicamente la pol\u00edtica del Gobierno de Netanyahu en Gaza.<\/p>\n<p style=\"text-align: justify;\"><strong>Barcelona se suma as\u00ed a la posici\u00f3n ya expresada por el cabildo de Gran Canaria<\/strong>, que recientemente renunci\u00f3 a acoger una etapa de la pr\u00f3xima Vuelta si la escuadra israel\u00ed sigue formando parte del pelot\u00f3n. La presi\u00f3n pol\u00edtica y social se intensifica, mientras <strong>la pelota pasa ahora a las manos de la UCI y del propio Tour de Francia<\/strong>, que deber\u00e1n decidir c\u00f3mo gestionar la presencia del equipo israel\u00ed en un calendario internacional cada vez m\u00e1s condicionado por el conflicto.<\/p>\n<p><strong>Lunes 15 septiembre<\/strong><\/p>\n<p><strong>Rueda de prensa de Javier Guill\u00e9n<\/strong><\/p>\n<p data-start=\"81\" data-end=\"410\"><strong>Pedro S\u00e1nchez aboga porque Israel no participe en competiciones internacionales<\/strong><\/p>\n<p style=\"text-align: justify;\" data-start=\"0\" data-end=\"432\">El presidente del Gobierno, <strong data-start=\"28\" data-end=\"45\">Pedro S\u00e1nchez<\/strong>, ha defendido este lunes que <strong data-start=\"75\" data-end=\"183\">\u201chasta que no cese la barbarie, ni Rusia ni Israel deben estar en ninguna competici\u00f3n internacional m\u00e1s\u201d<\/strong>, tras la suspensi\u00f3n el pasado domingo en Madrid de la etapa final de la <strong data-start=\"256\" data-end=\"275\">Vuelta a Espa\u00f1a<\/strong> por las protestas contra la invasi\u00f3n israel\u00ed de la <strong data-start=\"327\" data-end=\"345\">Franja de Gaza<\/strong>, un episodio que ha reavivado la tensi\u00f3n pol\u00edtica entre el Ejecutivo y las derechas.<\/p>\n<p style=\"text-align: justify;\" data-start=\"434\" data-end=\"1232\">En su intervenci\u00f3n ante la reuni\u00f3n de la <strong data-start=\"475\" data-end=\"508\">interparlamentaria socialista<\/strong> en el Congreso, S\u00e1nchez subray\u00f3 que <strong data-start=\"545\" data-end=\"582\">\u201crechazamos siempre la violencia\u201d<\/strong> y expres\u00f3 su <strong data-start=\"596\" data-end=\"631\">\u201cprofunda admiraci\u00f3n y respeto\u201d<\/strong> por los ciclistas de la Vuelta, cuya \u00faltima etapa se vio interrumpida. Al mismo tiempo, defendi\u00f3 la movilizaci\u00f3n pac\u00edfica de la <strong data-start=\"760\" data-end=\"787\">sociedad civil espa\u00f1ola<\/strong> contra lo que considera injusticias internacionales y reivindic\u00f3 que el debate sobre la participaci\u00f3n de <strong data-start=\"893\" data-end=\"947\">Israel en competiciones deportivas internacionales<\/strong> deber\u00eda extenderse m\u00e1s all\u00e1 de Espa\u00f1a, recordando la expulsi\u00f3n de <strong data-start=\"1014\" data-end=\"1023\">Rusia<\/strong> tras la invasi\u00f3n de Ucrania. <strong data-start=\"1053\" data-end=\"1179\">\u201cLas organizaciones deportivas deben plantearse si es \u00e9tico que Israel siga participando en competiciones internacionales\u201d<\/strong>, afirm\u00f3, entre aplausos de su grupo parlamentario.<\/p>\n<p style=\"text-align: justify;\" data-start=\"1234\" data-end=\"1817\" data-is-last-node=\"\" data-is-only-node=\"\">S\u00e1nchez insisti\u00f3 en que su postura cuenta con el respaldo de <strong data-start=\"1295\" data-end=\"1360\">\u201cuna inmensa mayor\u00eda de la ciudadan\u00eda, da igual a qui\u00e9n vote\u201d<\/strong>, en defensa de los <strong data-start=\"1380\" data-end=\"1400\">derechos humanos<\/strong> y del <strong data-start=\"1407\" data-end=\"1432\">derecho internacional<\/strong>. En este arranque de curso pol\u00edtico, el presidente ha encontrado en la <strong data-start=\"1504\" data-end=\"1523\">causa palestina<\/strong> una herramienta para <strong data-start=\"1545\" data-end=\"1569\">marcar perfil propio<\/strong>, reforzar la <strong data-start=\"1583\" data-end=\"1621\">agenda de su Gobierno de coalici\u00f3n<\/strong> y cohesionar la <strong data-start=\"1638\" data-end=\"1663\">mayor\u00eda parlamentaria<\/strong>, al tiempo que enfrenta la presi\u00f3n del <strong data-start=\"1703\" data-end=\"1722\">Partido Popular<\/strong> y el crecimiento de <strong data-start=\"1743\" data-end=\"1750\">Vox<\/strong>, en medio de los <strong data-start=\"1768\" data-end=\"1796\">esc\u00e1ndalos de corrupci\u00f3n<\/strong> que afectan al PSOE.<\/p>\n<p data-start=\"1234\" data-end=\"1817\" data-is-last-node=\"\" data-is-only-node=\"\"><strong>Comunicado de la Uni\u00f3n Ciclista Internacional<\/strong><\/p>\n<p class=\"\" style=\"text-align: justify;\">\u00abLa Uni\u00f3n Ciclista Internacional (UCI) expresa su total desaprobaci\u00f3n y profunda preocupaci\u00f3n por los acontecimientos que han marcado la edici\u00f3n de 2025 de La Vuelta Ciclista a Espa\u00f1a, en particular por la abrupta interrupci\u00f3n de la \u00faltima etapa disputada ayer en Madrid, consecuencia directa de una serie de incidentes vinculados a manifestaciones a favor de Palestina.<\/p>\n<p class=\"\" style=\"text-align: justify;\">Desde la llegada de la carrera al territorio espa\u00f1ol, <b>la Vuelta se ha visto perturbada casi a diario por acciones de car\u00e1cter militante: <\/b>intrusiones de individuos en el pelot\u00f3n, lanzamiento de orina y puesta en peligro de los corredores, atentando contra su integridad f\u00edsica, ya que algunos sufrieron ca\u00eddas, lesiones <b>y se vieron obligados a abandonar la prueba. <\/b>Ante estos incidentes, los organizadores de la carrera reaccionaron con rapidez y serenidad, implementando medidas de emergencia para garantizar la continuidad de la prueba.<\/p>\n<p class=\"\" style=\"text-align: justify;\"><b>Han actuado con una profesionalidad ejemplar, respetando la autonom\u00eda y la independencia del deporte.<\/b> Los actos reiterados que afectaron a un n\u00famero considerable de etapas constituyen una grave violaci\u00f3n de la Carta Ol\u00edmpica y de los principios fundamentales del deporte. Lamentamos asimismo que el presidente del Gobierno espa\u00f1ol y su equipo hayan respaldado acciones realizadas en el marco de una competici\u00f3n deportiva que pueden obstaculizar su buen desarrollo y que, en algunos casos, hayan expresado su admiraci\u00f3n hacia los manifestantes.<\/p>\n<p class=\"\" style=\"text-align: justify;\">Esta postura contradice totalmente los valores ol\u00edmpicos de uni\u00f3n, <b>respeto mutuo y paz<\/b>. Adem\u00e1s, pone en tela de juicio la capacidad de Espa\u00f1a para acoger grandes eventos deportivos internacionales garantizando su buen desarrollo en condiciones de seguridad y de conformidad con los principios de la Carta Ol\u00edmpica.<b> La UCI condena de manera firme la instrumentalizaci\u00f3n del deporte con fines pol\u00edticos en general, <\/b>y en particular por parte de un gobierno. El deporte debe seguir siendo aut\u00f3nomo para cumplir su papel como herramienta al servicio de la paz. Resulta inaceptable y contraproducente que nuestro deporte se desv\u00ede de su misi\u00f3n universal.<\/p>\n<p class=\"\" style=\"text-align: justify;\">Adem\u00e1s,<b> existen plataformas espec\u00edficas que permiten a los Estados debatir sus divergencias<\/b>. Ante la proximidad de nuestro Congreso anual, que se celebrar\u00e1 la semana pr\u00f3xima, en el que participar\u00e1n representantes de las federaciones nacionales palestina, israel\u00ed, rusa y ucraniana, reafirmamos nuestro constante llamamiento al di\u00e1logo y a la paz. El deporte debe unir, nunca dividir. <b>Por \u00faltimo, aplaudimos la labor ejemplar de las fuerzas del orden espa\u00f1olas en La Vuelta<\/b>, que han actuado con profesionalidad en unas condiciones de extremada tensi\u00f3n\u00bb.<\/p>\n<p data-start=\"81\" data-end=\"410\"><a href=\"https:\/\/www.ciclo21.com\/20a-vuelta-espana-2025-directo-tv\/\" target=\"_blank\" rel=\"noopener nofollow\"><strong>Domingo 14 septiembre. 21\u00aa etapa<\/strong><\/a><\/p>\n<p style=\"text-align: justify;\" data-start=\"70\" data-end=\"361\">El ministro de Asuntos Exteriores de Israel, Gideon Saar, ha criticado duramente al presidente del Gobierno, Pedro S\u00e1nchez, al que acusa de \u201canimar\u201d a los manifestantes propalestinos antes de la cancelaci\u00f3n de la \u00faltima etapa de La Vuelta, un hecho que califica de \u201cverg\u00fcenza\u201d para Espa\u00f1a.<\/p>\n<p style=\"text-align: justify;\" data-start=\"363\" data-end=\"849\">En un mensaje publicado en la red social X, Saar afirm\u00f3 que \u201chace unos d\u00edas, el presidente del Gobierno espa\u00f1ol lament\u00f3 no tener una bomba at\u00f3mica para detener a Israel. Hoy, anim\u00f3 a los manifestantes a salir a la calle\u201d. Seg\u00fan el jefe de la diplomacia israel\u00ed, \u201cla turba propalestina escuch\u00f3 los mensajes incitadores y atac\u00f3 La Vuelta ciclista. Se ha cancelado el evento deportivo que siempre hab\u00eda sido motivo de orgullo para Espa\u00f1a. S\u00e1nchez y su Gobierno: \u00a1verg\u00fcenza para Espa\u00f1a!\u201d.<\/p>\n<p style=\"text-align: justify;\" data-start=\"851\" data-end=\"1135\">La \u00faltima etapa de la ronda espa\u00f1ola, que deb\u00eda concluir en Madrid, fue suspendida despu\u00e9s de que manifestantes propalestinos irrumpieran en el recorrido para protestar por la participaci\u00f3n del equipo Israel-Premier Tech y denunciar la ofensiva militar israel\u00ed en la Franja de Gaza.<\/p>\n<p style=\"text-align: justify;\" data-start=\"81\" data-end=\"410\">Las manifestaciones anti Israel y pro Palestina han impedido el desarrollo deportivo de la \u00faltima etapa con final en Madrid. Varios de los activistas han echado abajo las vallas y han invadido buena parte del circuito de La Castellana y la plaza de Col\u00f3n y antes en Callao. Las fuerzas de seguridad del estado han sido incapaces de retener a los cientos de personas que protestaban por la presencia del equipo Israel por lo que era imposible terminar la etapa.\u00a0<\/p>\n<p style=\"text-align: justify;\" data-start=\"81\" data-end=\"410\">Justo antes de entrar en el circuito final se deten\u00eda la competici\u00f3n, despu\u00e9s de una primera invasi\u00f3n de los manifestantes, que imped\u00eda el paso de algunos corredores. La situaci\u00f3n era mucho peor dentro del circuito, con las vallas por los suelos, la carretera ocupada y con cargas policiales. Con esta situaci\u00f3n era completamente imposible que la competici\u00f3n siguiera adelante y los ciclistas se han bajado de la bicicleta. As\u00ed se ha puesto el punto y final a una Vuelta a Espa\u00f1a que ha estado muy marcada por las manifestaciones.<\/p>\n<p style=\"text-align: justify;\" data-start=\"81\" data-end=\"410\">Ya antes, al inicio de la jornada, se hab\u00eda tomado la decisi\u00f3n de cambiar el recorrido para evitar algunas protestas, sin embargo, el circuito final, inamovible, fue invadido justo antes de que llegaran los ciclistas. Primero en Callao y m\u00e1s tarde dentro de la zona del \u00faltimo kil\u00f3metro, en el que los manifestantes tiraban las vallas al suelo y acced\u00edan, en masa, a la zona por la que ten\u00edan que pasar los corredores.\u00a0<\/p>\n<p data-start=\"81\" data-end=\"410\">Con la oficializaci\u00f3n de la noticia de la cancelaci\u00f3n de la etapa, los manifestantes fueron avanzando m\u00e1s y m\u00e1s, ocupando toda la zona por la que deb\u00eda transcurrir la \u00faltima etapa de la carrera. Las protestas y las cargas policiales han seguido durante la tarde. Los manifestantes han terminado por organizar una sentada en la recta donde tendr\u00eda que haber terminado la jornada deportiva.<\/p>\n<p data-start=\"81\" data-end=\"410\">Sin etapa y sin podio final. As\u00ed termina la gran ronda nacional por etapas. Es la primera vez que se suspende La Vuelta Ciclista a Espa\u00f1a y jam\u00e1s veremos fotos de Jonas Vingegaard en el podio final.\u00a0<\/p>\n<p data-start=\"81\" data-end=\"410\"><strong>Comunicado de Alberto N\u00fa\u00f1ez Feij\u00f3o<\/strong><\/p>\n<p data-start=\"81\" data-end=\"410\"><a href=\"https:\/\/www.ciclo21.com\/wp-content\/uploads\/2025\/09\/G00unirWgAAbNd-.jpg\" target=\"_blank\" rel=\"noopener nofollow\"><img loading=\"lazy\" decoding=\"async\" class=\"aligncenter wp-image-447289 size-full lazy\" src=\"data:image\/svg+xml,%3Csvg%20xmlns=\" http:=\"\" data-src=\"https:\/\/www.europesays.com\/es\/wp-content\/uploads\/2025\/10\/G00unirWgAAbNd-.jpg.webp.webp\" alt=\"\" width=\"1080\" height=\"1350\" data- data-\/><\/a><\/p>\n<p data-start=\"81\" data-end=\"410\"><a href=\"https:\/\/www.ciclo21.com\/wp-content\/uploads\/2025\/09\/G00lUO2W8AAP782.jpg\" target=\"_blank\" rel=\"noopener nofollow\"><img loading=\"lazy\" decoding=\"async\" class=\"aligncenter wp-image-447276 size-full lazy\" src=\"data:image\/svg+xml,%3Csvg%20xmlns=\" http:=\"\" data-src=\"https:\/\/www.europesays.com\/es\/wp-content\/uploads\/2025\/10\/G00lUO2W8AAP782.jpg.webp.webp\" alt=\"\" width=\"640\" height=\"360\" data- data-\/><\/a><\/p>\n<p data-start=\"81\" data-end=\"410\"><a href=\"https:\/\/www.ciclo21.com\/20a-vuelta-espana-2025-vingegaard\/\" target=\"_blank\" rel=\"noopener nofollow\"><strong>S\u00e1bado 13 septiembre. 20\u00aa etapa<\/strong><\/a><\/p>\n<p style=\"text-align: justify;\">La jornada estuvo a punto de quedar cercenada de nuevo por culpa de unos <strong>manifestantes antiIsrael que ocuparon la calzada antes de la segunda ascensi\u00f3n a Navacerrada.<\/strong> Los entonces fugados pudieron librarse, pero no as\u00ed buena parte de los perseguidores que pudieron evitar el corte por una v\u00eda alternativa. Un suceso que no lleg\u00f3 a m\u00e1s y que empa\u00f1a en parte las manifestaciones pac\u00edficas durante todo el d\u00eda por la presencia del equipo Israel en carrera.\u00a0<\/p>\n<p style=\"text-align: justify;\"><strong>Tampoco se pas\u00f3 por Cercedilla<\/strong> por la acumulaci\u00f3n de manifestantes en la localidad madrile\u00f1a que hac\u00edan peligrar el normal paso de los corredores por lo que la etapa tuvo algunos kil\u00f3metros menos de los previstos. Las diputadas de Podemos, <strong>Ione Belarra<\/strong> -pidi\u00f3 que se movilice la ciudadan\u00eda en Madrid- e<strong> Irene Montero,<\/strong> estaban presentes.\u00a0<\/p>\n<p style=\"text-align: justify;\">Madrid ser\u00e1 su \u00faltimo escaparate protegido por m\u00e1s de 2000 agentes de las fuerzas de seguridad del Estado.\u00a0<\/p>\n<blockquote class=\"twitter-tweet\" data-media-max-width=\"560\">\n<p dir=\"ltr\" lang=\"es\">Nuevas protestas de manifestantes pro-Palestina que casi provocan el corte de la carrera.<\/p>\n<p>El grupo de los favoritos ha tardado en pasar por esa zona, pero han logrado continuar. Los coches se han tenido que quedar parados durante unos minutos.<\/p>\n<p>\ud83d\udeb4\u200d\u2642\ufe0f La <a href=\"https:\/\/twitter.com\/hashtag\/VueltaRTVE13s?src=hash&amp;ref_src=twsrc%5Etfw\" rel=\"nofollow noopener\" target=\"_blank\">#VueltaRTVE13s<\/a> en <a href=\"https:\/\/twitter.com\/La1_tve?ref_src=twsrc%5Etfw\" rel=\"nofollow noopener\" target=\"_blank\">@La1_tve<\/a> <a href=\"https:\/\/t.co\/csw1EAjljB\" rel=\"nofollow\">pic.twitter.com\/csw1EAjljB<\/a><\/p>\n<p>\u2014 Teledeporte (@teledeporte) <a href=\"https:\/\/twitter.com\/teledeporte\/status\/1966873552692670603?ref_src=twsrc%5Etfw\" rel=\"nofollow noopener\" target=\"_blank\">September 13, 2025<\/a><\/p>\n<\/blockquote>\n<p data-start=\"81\" data-end=\"410\"><strong>12 septiembre<\/strong><\/p>\n<p style=\"text-align: justify;\" data-start=\"81\" data-end=\"410\"><strong>\u00d3scar Guerrero<\/strong>, el director deportivo espa\u00f1ol del equipo <strong>Israel<\/strong>, no ha salido en la <a href=\"https:\/\/www.ciclo21.com\/19a-vuelta-espana-2025-directo-tv\/\" target=\"_blank\" rel=\"noopener nofollow\"><strong>etapa entre Rueda y Guijuelo<\/strong><\/a> para emprender camino de Navarra donde reside como avanz\u00f3 la COPE. Seg\u00fan ha podido saber este medio, al parecer unos desconocidos han efectuado<strong> pintadas en su casa con mensajes antiisraelitas<\/strong>\u00a0por lo que ha decidido abandonar la carrera para estar con su familia.<\/p>\n<p style=\"text-align: justify;\" data-start=\"81\" data-end=\"410\">Una muestra m\u00e1s de la tensi\u00f3n y presi\u00f3n que est\u00e1 sufriendo el conjunto del magnate <strong>Sylvan Adams<\/strong> -amigo de <strong>Benjamin Netanyahu, <\/strong>el responsable del genocidio en casa- y que decidi\u00f3 mantener a sus corredores en competici\u00f3n con la \u00fanica medida de quitar el nombre de Israel de sus equipaciones. Una palabra que ya no existe en sus veh\u00edculos desde el a\u00f1o pasado en previsi\u00f3n de posibles agresiones. El exprofesional <strong>Daryl Impey<\/strong> se queda hasta Madrid al frente de la blindada escuadra.<\/p>\n<p style=\"text-align: justify;\" data-start=\"81\" data-end=\"410\">El t\u00e9cnico de 54 a\u00f1os y en el <strong>Israel desde 2017<\/strong> fue uno de los <strong>pocos que dio la cara<\/strong> en los d\u00edas previos expresando sus sensaciones y malestar por los insultos recibidos a su paso por las carreteras espa\u00f1olas. \u00abRespetamos y entendemos las protestas, pero no estamos a favor de la agresividad contra los corredores y el equipo. Nos han llamado asesinos, nos han lanzado pintura a los coches, han escupido a los corredores\u2026 se puede protestar, pero de forma pac\u00edfica. No es nada f\u00e1cil porque nos sentimos inseguros y tenemos miedo. Lo estamos pasando mal\u00bb dijo tras la etapa de Bilbao.\u00a0<\/p>\n<p data-start=\"81\" data-end=\"410\"><strong>Inadmitida la denuncia de la plataforma proisraelita ACOM<\/strong><\/p>\n<p style=\"text-align: justify;\" data-start=\"95\" data-end=\"653\">El juez de la Audiencia Nacional, <strong data-start=\"129\" data-end=\"148\">Santiago Pedraz<\/strong>, ha decidido inadmitir la denuncia presentada por la asociaci\u00f3n <strong data-start=\"213\" data-end=\"265\">Acci\u00f3n y Comunicaci\u00f3n sobre Oriente Medio (ACOM)<\/strong> contra los promotores del boicot al equipo ciclista <strong data-start=\"318\" data-end=\"341\">Israel-Premier Tech<\/strong> en la Vuelta a Espa\u00f1a. El magistrado argumenta que los hechos denunciados no son competencia de la Audiencia Nacional, tal y como establece el art\u00edculo 65.1 de la Ley Org\u00e1nica del Poder Judicial. La resoluci\u00f3n llega despu\u00e9s de que la <strong data-start=\"576\" data-end=\"588\">Fiscal\u00eda<\/strong> tambi\u00e9n considerara que este tribunal no deb\u00eda asumir el caso.<\/p>\n<p style=\"text-align: justify;\" data-start=\"655\" data-end=\"1220\">La denuncia de ACOM se\u00f1alaba a la <strong data-start=\"689\" data-end=\"748\">Red Solidaria contra la Ocupaci\u00f3n de Palestina (RESCOP)<\/strong>, el movimiento <strong data-start=\"764\" data-end=\"771\">BDS<\/strong>, los partidos <strong data-start=\"786\" data-end=\"810\">EH Bildu, Sumar e IU<\/strong>, as\u00ed como al director t\u00e9cnico de la Vuelta, <strong data-start=\"855\" data-end=\"870\">Kiko Garc\u00eda<\/strong>. La asociaci\u00f3n apuntaba a posibles delitos de odio, des\u00f3rdenes p\u00fablicos, lesiones e incluso riesgos para la seguridad vial, alegando que las protestas contra la presencia del conjunto israel\u00ed en la carrera respond\u00edan a \u201cacciones organizadas de coacci\u00f3n\u201d que habr\u00edan puesto en peligro a ciclistas, organizaci\u00f3n, espectadores y fuerzas de seguridad.<\/p>\n<p style=\"text-align: justify;\" data-start=\"1222\" data-end=\"1897\">En un comunicado, ACOM calific\u00f3 las protestas de \u201cagresiones\u201d y de \u201cacto sistem\u00e1tico de discriminaci\u00f3n por raz\u00f3n de nacionalidad\u201d, asegurando que convertir las carreteras espa\u00f1olas en escenarios de \u201clinchamiento antisemita\u201d es inadmisible. La asociaci\u00f3n incluy\u00f3 en la denuncia tanto a los responsables materiales como a supuestos instigadores pol\u00edticos, y pidi\u00f3 la <strong data-start=\"1587\" data-end=\"1630\">cancelaci\u00f3n inmediata de la Vuelta 2025<\/strong> como medida cautelar. Adem\u00e1s, anunci\u00f3 que emprender\u00e1 nuevas acciones legales contra otros dirigentes, entre ellos los ministros <strong data-start=\"1759\" data-end=\"1782\">Jos\u00e9 Manuel Albares<\/strong> y <strong data-start=\"1785\" data-end=\"1798\">Sira Rego<\/strong>, reclamando refuerzos de seguridad y la prohibici\u00f3n de concentraciones en los tramos de carrera.<\/p>\n<p data-start=\"81\" data-end=\"410\"><strong>11 septiembre<\/strong><\/p>\n<p style=\"text-align: justify;\"><strong>La ministra de Educaci\u00f3n, Formaci\u00f3n Profesional y Deportes y portavoz del Gobierno de Espa\u00f1a, Pilar Alegr\u00eda<\/strong>, habl\u00f3 para el programa deportivo de la Cadena Ser, El Larguero, donde, entre otros temas, habl\u00f3 de la tensi\u00f3n vigente en la Vuelta a Espa\u00f1a por la presencia del equipo Israel -su pa\u00eds es el responsable del genocidio de Gaza- y las manifestaciones que han obligado a cancelar dos metas y recortar la contrarreloj de Valladolid. Alegr\u00eda espera que la carrera llegue a Madrid como est\u00e1 previsto y <strong>critic\u00f3 que los equipos y selecciones compitan sin problemas a diferencia de los rusos y bielorrusos por la invasi\u00f3n de Ucrania.<\/strong><\/p>\n<p style=\"text-align: justify;\"><b>Sobre si ser\u00eda un fracaso que La Vuelta no terminase:<\/b>\u00a0\u00abYo creo que es importante que La Vuelta se pueda celebrar, como se han celebrado otros eventos internacionales. Que la decisi\u00f3n tuviera que ser que una competici\u00f3n tan importante no se celebre no ser\u00eda una buena noticia. Pero lo que estamos viendo durante estos d\u00edas con esas manifestaciones, en mi opini\u00f3n, entra dentro de la l\u00f3gica. La sociedad espa\u00f1ola ni permanece ni puede permanecer equidistante ante lo que est\u00e1 pasando en Gaza. El deporte no puede permanecer ajeno a la realidad del mundo que le rodea\u00bb.<\/p>\n<p style=\"text-align: justify;\"><b>Sobre el ejemplo que ha supuesto el deporte en las causas sociales y humanitarias:<\/b> \u00abEl ejemplo m\u00e1s claro es que durante el a\u00f1o 2022, las instituciones tomaron una decisi\u00f3n r\u00e1pida. Los equipos y clubes rusos no pueden participar en competiciones internacionales y los deportistas tienen que hacerlo sin bandera y sin himno. Pero ahora la pregunta clara y evidente es si deber\u00eda pasar lo mismo con los equipos israel\u00edes. Mi respuesta est\u00e1 clara: s\u00ed\u00bb.<\/p>\n<p style=\"text-align: justify;\"><b>Sobre por qu\u00e9 los organismos internacionales no han tomado la misma decisi\u00f3n con Israel que con Rusia:<\/b> \u00abEs muy dif\u00edcil de explicar, de entender y de compartir que se establezcan dobles varas de medir. Existiendo una masacre y un genocidio como el que estamos viviendo, yo desear\u00eda que los comit\u00e9s internacionales, tomaran la misma decisi\u00f3n que ya tomaron de forma tajante en 2022\u00bb.<\/p>\n<p style=\"text-align: justify;\"><b>Sobre si la soluci\u00f3n habr\u00eda sido expulsar al equipo israel\u00ed: <\/b>\u00abPues, lo mismo que se adopt\u00f3 en 2022. Porque esta situaci\u00f3n de La Vuelta no va a acabar aqu\u00ed. Dentro de poco va a empezar la Euro Liga de baloncesto, y hay grandes clubes rusos que todos sabemos que no van a participar. Sin embargo, otros como el Maccabi\u2026 Yo desear\u00eda y compartir\u00eda que esa misma decisi\u00f3n del a\u00f1o 2022 se aplicara con Israel. El mundo del deporte no puede permanecer ajeno cuando defiende y promulga unos valores tan b\u00e1sicos\u00bb.<\/p>\n<p style=\"text-align: justify;\"><b>Sobre qui\u00e9n tiene las competencias para expulsar al equipo Israel Premier Tech:<\/b> \u00abEn este caso las competencias las tiene la UCI y la decisi\u00f3n tendr\u00eda que ser compartida por el COI, como deporte ol\u00edmpico que es. Frente a la situaci\u00f3n que vivimos, de una magnitud tan grave, hay que tomar posici\u00f3n y una decisi\u00f3n. Esto no va contra los deportistas, porque en los Juegos Ol\u00edmpicos, cuando un deportista ruso recog\u00eda una medalla, lo hac\u00eda con bandera neutral y el himno de los Juegos. Lo que estamos viviendo ahora es una masacre, es un genocidio. Estamos viendo ni\u00f1os y beb\u00e9s muriendo de hambre y llevamos m\u00e1s de 60.000 muertos. Es una situaci\u00f3n dram\u00e1tica y es importante que el deporte manifieste una posici\u00f3n al menos similar a la que vimos con Rusia\u00bb.<\/p>\n<p style=\"text-align: justify;\"><b>Sobre las manifestaciones violentas que se han producido alrededor de La Vuelta: <\/b>\u00abDenunciar y rechazar cualquier acto violento en cualquier competici\u00f3n deportiva es lo suyo. \u00bfC\u00f3mo no lo vamos a denunciar y criticar? Es una obviedad. Y lo coment\u00e1bamos anteriormente, los ciudadanos que se est\u00e1n manifestando pac\u00edficamente, que adem\u00e1s tienen su derecho, lo que est\u00e1n trasladando son el sentir de la mayor\u00eda de la sociedad espa\u00f1ola. Lo que a m\u00ed me preocupar\u00eda ser\u00eda que no hubiese esa respuesta. El deporte ni puede ni debe ser ajeno\u00bb.<\/p>\n<p data-start=\"81\" data-end=\"410\"><strong>10 septiembre<\/strong><\/p>\n<p style=\"text-align: justify;\" data-start=\"81\" data-end=\"410\"><strong>Podemos,<\/strong> a trav\u00e9s de su secretario de organizaci\u00f3n y procurador\u00a0 en las Cortes de Castilla y Le\u00f3n, <strong>Pablo Fern\u00e1ndez,<\/strong> ha pedido a la ciudadan\u00eda que este jueves se <strong>bloquee la contrarreloj en Valladolid.<\/strong> \u00abHay que impedir que la etapa concluya. Llamamos al boicot activo, llevamos a la desobediencia civil, porque creo que, insisto, la condena al genocidio est\u00e1 por encima de cualquier actividad deportiva\u00bb.<\/p>\n<p style=\"text-align: justify;\" data-start=\"81\" data-end=\"410\">El pol\u00edtico, ataviado con una <strong>sudadera de Palestina<\/strong>, argument\u00f3 tras la sesi\u00f3n plenaria que \u00abse est\u00e1 perpetrando un genocidio absolutamente lamentable y miserable por el Estado terrorista y genocida de Israel. Es una aut\u00e9ntica verg\u00fcenza que la Vuelta Ciclista a Espa\u00f1a y la Uni\u00f3n Ciclista Internacional permitan que se limpie la imagen de este genocidio Se tiene que impedir que la etapa concluya en Valladolid. Cuando se est\u00e1 perpetrando este terrible genocidio creo que hay que denunciarlo en todos los \u00e1mbitos, en los \u00e1mbitos pol\u00edticos, en los \u00e1mbitos culturales y tambi\u00e9n en los \u00e1mbitos deportivos. De verdad que creo que estamos ante el peor genocidio del siglo XXI que la Historia nos juzgar\u00e1 y que aquellos que se han mantenido en la equidistancia y en el silencio c\u00f3mplices, pues tambi\u00e9n ser\u00e1n juzgados por la Historia\u00bb concluy\u00f3.<\/p>\n<p data-start=\"81\" data-end=\"410\"><strong>La Audiencia Nacional abre diligencias<\/strong><\/p>\n<p style=\"text-align: justify;\" data-start=\"81\" data-end=\"410\">Por otra parte, el <strong>Juzgado Central de Instrucci\u00f3n n\u00ba 5 de Madrid<\/strong> ha incoado <strong>diligencias previas<\/strong> tras <strong>denuncia penal<\/strong> presentada por <strong>Acci\u00f3n y Comunicaci\u00f3n sobre Oriente Medio (ACOM) ante la Audiencia Nacional,<\/strong> exigiendo la <strong>cancelaci\u00f3n inmediata de La Vuelta 2025<\/strong> tras una campa\u00f1a coordinada de antisemitismo y sabotaje.<\/p>\n<p style=\"text-align: justify;\">La denuncia se dirige tanto contra los \u00abautores materiales como contra los instigadores y amparadores institucionales\u00bb. Entre ellos se se\u00f1alan expl\u00edcitamente a la red RESCOP\/BDS y a dirigentes y formaciones pol\u00edticas como <strong>EH Bildu, Podemos, Izquierda Unida y Sumar<\/strong>, que han promovido activamente la exclusi\u00f3n del equipo israel\u00ed. Asimismo, ACOM incluye en la denuncia a quienes ostentan responsabilidades en la organizaci\u00f3n de la carrera, incluido su <strong>Director T\u00e9cnico, Kiko Garc\u00eda<\/strong>. Tras estas primeras medidas seguir\u00e1n otras acciones legales contra otros pol\u00edticos como el ministro <strong>Jos\u00e9 Manuel Albares o Sira Rego.<\/strong><\/p>\n<p style=\"text-align: justify;\" data-start=\"81\" data-end=\"410\">\u00abDurante la actual edici\u00f3n de La Vuelta se han producido <strong>graves hechos contra el equipo Israel\u2013Premier Tech<\/strong> durante varias etapas: coacciones organizadas, agresiones, bloqueos de la calzada y conductas temerarias que han puesto en riesgo a ciclistas, organizaci\u00f3n y p\u00fablico. No es un incidente aislado: es una campa\u00f1a coordinada de odio, de antisemitismo y discriminaci\u00f3n por nacionalidad, el modus operandi del BDS ya desautorizado por la justicia espa\u00f1ola\u00bb dice la asociaci\u00f3n proisraelita.<\/p>\n<p style=\"text-align: justify;\">La Audiencia Nacional se\u00f1ala literalmente que \u201clos hechos que resultan de las anteriores actuaciones presentan caracter\u00edsticas que hacen presumir la <strong>posible existencia de una infracci\u00f3n penal<\/strong>\u201d, y \u201cacuerda incoen Diligencias Previas, dando cuenta urgente de su incoaci\u00f3n al Ministerio Fiscal, para informe sobre competencia, y sobre las medidas cautelares solicitadas\u201d.<\/p>\n<p style=\"text-align: justify;\"><strong>Angel Mas, Presidente de ACOM: \u201cLa Vuelta a Espa\u00f1a no puede seguir ni un d\u00eda m\u00e1s.<\/strong> Debe ser cancelada inmediatamente. Los radicales han decidido sabotearla poniendo en peligro a todos los participantes y midiendo su fuerza contra los intereses de todos los aficionados, el p\u00fablico y toda Espa\u00f1a. Y los radicales han contado con la connivencia de los organizadores de La Vuelta, pero tambi\u00e9n por parte de las autoridades del entorno del gobierno de Pedro S\u00e1nchez, que han provisto de impunidad a sus grav\u00edsimos actos de violencia y terrorismo callejero, creando el caldo de cultivo para que algo muy grave acabe pasando\u201d.<\/p>\n<p data-start=\"81\" data-end=\"410\"><strong>9 septiembre<\/strong><\/p>\n<p style=\"text-align: justify;\"><strong>Javier Guill\u00e9n<\/strong>, director general de la Vuelta a Espa\u00f1a, compareci\u00f3 ante los medios acreditados para dar su versi\u00f3n de lo acaecido en la <a href=\"https:\/\/www.ciclo21.com\/16a-vuelta-espana-2025-egan-bernal\/\" target=\"_blank\" rel=\"noopener nofollow\"><strong>inacabada 16\u00aa etapa en Mos<\/strong><\/a> y explicar cu\u00e1l es el futuro de la carrera hasta Madrid. Su prop\u00f3sito es que nada cambie, pero pide la colaboraci\u00f3n de todos para que la prueba no tenga estos sobresaltos.<\/p>\n<blockquote>\n<p class=\"\">Comparezco ante todos vosotros porque desde La Vuelta queremos expresar todo nuestro rechazo a lo vivido hoy. Por segunda vez en esta edici\u00f3n tuvimos que tomar los tiempos antes de meta. Afortunadamente, la etapa tuvo ganador y se tomaron los tiempos. El mensaje principal que quiero dar es que nosotros vamos a continuar haciendo La Vuelta y vamos a estar ma\u00f1ana en la salida de la 17\u00aa etapa. Es obvio que est\u00e1 siendo una Vuelta muy dura y que se ha generado un extraordinario debate del que sois testigos y del que nunca hemos querido entrar. Tenemos unas normas que tienen que cumplir todos, no solo La Vuelta. No se pueden cortar las etapas, no se puede bloquear el paso de los ciclistas. Es ilegal, y es ilegal tanto porque lo tipifica el C\u00f3digo Penal como la Ley del Deporte.<\/p>\n<p class=\"\">Nosotros somos deporte y el deporte sirve para unir. Entendemos que cada uno quiera utilizar la plataforma de comunicaci\u00f3n de La Vuelta para dar el mensaje que sea, y en este caso el mensaje Pro-Palestina. Es algo terrible lo que est\u00e1 sucediendo y todos queremos la paz all\u00ed. Tambi\u00e9n queremos defender nuestro deporte, nuestra carrera y por eso queremos seguir trabajando. La Vuelta es un evento deportivo al margen de cualquier posibilidad de que se arregle la cuesti\u00f3n que se est\u00e1 debatiendo estos d\u00edas. Pedimos poner el foco en que no se pueden consentir actitudes como las de hoy, y tambi\u00e9n tenemos en cuenta todos los esfuerzos que se est\u00e1n haciendo para llegar hasta Madrid.<\/p>\n<p class=\"\">Seguimos con esa idea y pedimos colaboraci\u00f3n. Que todo el mundo deje de alentar ese tipo de acciones y, sobre todo, deje de hacerlas. Ayer se jug\u00f3 un Israel-Italia de f\u00fatbol, han jugado la Eurocopa\u2026 No est\u00e1 prohibida la participaci\u00f3n de estos equipos porque ninguna Federaci\u00f3n Internacional lo ha hecho, ninguna. Y tampoco ha habido ning\u00fan organismo internacional que haya establecido sanciones. Esto no es una cruzada, yo no vengo aqu\u00ed a luchar contra nadie, yo solo quiero que se haga la carrera y por eso desplegamos todos los medios de seguridad que podamos o que est\u00e9n a nuestro alcance, pero tambi\u00e9n es necesario que se dejen de hacer este tipo de acciones.<\/p>\n<p class=\"\">La medida de acabar a 8 km era buena vistas las circunstancias, y eso que hoy ya hab\u00eda m\u00e1s efectivos de Seguridad que otros d\u00edas. Esto no se puede legitimar, hay actos que ponen en peligro la integridad f\u00edsica de todos. \u00bfQue el Israel no est\u00e9 en la carrera? Ya hubo todo tipo de reuniones y consideraciones al respecto. La UCI emiti\u00f3 su posici\u00f3n en un comunicado, el equipo tambi\u00e9n dice su posici\u00f3n y nosotros lo que queremos es que se siga corriendo. Todos queremos que llegue la paz a Gaza, pero ahora estamos aqu\u00ed para sacar la carrera adelante, son las reglas del juego que tenemos y entiendo que haya gente que no est\u00e9 de acuerdo, pero nos debemos someter al reglamento.<\/p>\n<\/blockquote>\n<p data-start=\"81\" data-end=\"410\"><strong>COMUNICADO RFEC<\/strong><\/p>\n<p style=\"text-align: justify;\">La Real Federaci\u00f3n Espa\u00f1ola de Ciclismo quiere mostrar su m\u00e1s en\u00e9rgico apoyo a La Vuelta Espa\u00f1a, la competici\u00f3n ciclista m\u00e1s importante de nuestro pa\u00eds, un evento \u00fanico seguido por millones de personas en todo el mundo y cuyo equipo humano, organizaci\u00f3n y participaci\u00f3n alcanza los m\u00e1s altos est\u00e1ndares de calidad y de reconocimiento internacionales.<\/p>\n<p style=\"text-align: justify;\">La RFEC, firmemente alineada con los valores del deporte, como la b\u00fasqueda de la excelencia humana, el respeto por el adversario y la amistad entre los pueblos, condena, con total contundencia y sin ning\u00fan g\u00e9nero de duda, el terrorismo y el genocidio en Gaza. El ciclismo es un deporte que promueve la cultura de paz.<\/p>\n<p style=\"text-align: justify;\">En este sentido, quiere expresar su m\u00e1ximo respeto a quienes manifiestan de forma pac\u00edfica su protesta, pero tambi\u00e9n y especialmente, su preocupaci\u00f3n por el riesgo extremo que conlleva invadir el recorrido de cada etapa, dado que los ciclistas y veh\u00edculos de la carrera circulan a gran velocidad y quedan expuestos a graves ca\u00eddas y lesiones, como ya ha sucedido.<\/p>\n<p style=\"text-align: justify;\">Por todo ello, ruega a todas aquellas personas que se manifiestan a lo largo del recorrido de la carrera, que lo hagan de forma pac\u00edfica sin obstaculizar el desarrollo de la competici\u00f3n y con el m\u00e1ximo cuidado hacia los corredores, respetando el ejercicio de su profesi\u00f3n, dado que, ni los ciclistas ni el ciclismo son responsables de los hechos sobre los que se protesta.<\/p>\n<p data-start=\"81\" data-end=\"410\"><strong>Martes 9 septiembre<\/strong><\/p>\n<p style=\"text-align: justify;\"><strong>La Vuelta a Espa\u00f1a volvi\u00f3 a vivir una etapa marcada por las protestas contra Israel \u2013 Premier Tech<\/strong>, que desde hace d\u00edas condicionan el normal desarrollo de la carrera. En la llegada a Galicia, el final previsto en Castro de Herville tuvo que ser neutralizado a falta de ocho kil\u00f3metros debido a un bloqueo en la carretera por parte de un grupo de manifestantes. Entre los corredores, el descontento fue general. Jonas Vingegaard (Visma), uno de los grandes favoritos al t\u00edtulo, volvi\u00f3 a pronunciarse para lamentar lo ocurrido: <strong>\u00abEs una pena que esto est\u00e9 pasando otra vez. Todo el mundo tiene derecho a protestar, pero no deber\u00eda ser de esta manera, ni aqu\u00ed. Hoy mi equipo trabaj\u00f3 muy bien y me hubiera gustado honrar su esfuerzo en el final. Tambi\u00e9n lo lamento por los aficionados espa\u00f1oles, que no pudieron ver una batalla emocionante en la subida final\u00bb<\/strong>, declar\u00f3 el dan\u00e9s.<\/p>\n<p style=\"text-align: justify;\">La organizaci\u00f3n cort\u00f3 la etapa en la base del \u00faltimo puerto, lo que impidi\u00f3 que los favoritos se midieran en la decisiva ascensi\u00f3n. Solo se registraron diferencias entre los corredores que se hab\u00edan descolgado previamente, como Felix Gall y William Junior Lecerf, desfondados ante el ritmo de Bahrain. El propio m\u00e1nager del Visma, Richard Plugge, expres\u00f3 su malestar: <strong>\u00abEs desafortunado que otra vez se tenga que tomar esta decisi\u00f3n para garantizar la seguridad de los corredores. Si la Vuelta sigue adelante, la organizaci\u00f3n y la UCI deben asegurarse de que se dispute con normalidad. Apelo al p\u00fablico a no interferir y a los organizadores a extremar las medidas para que podamos disfrutar de un final de carrera emocionante\u00bb<\/strong>. La situaci\u00f3n supone la segunda neutralizaci\u00f3n en apenas una semana, un hecho que genera preocupaci\u00f3n en el pelot\u00f3n y a\u00f1ade incertidumbre a la resoluci\u00f3n de la clasificaci\u00f3n general en la \u00faltima semana de competici\u00f3n.<\/p>\n<p data-start=\"81\" data-end=\"410\"><strong>Lunes 8 septiembre<\/strong><\/p>\n<p style=\"text-align: justify;\"><strong>Vingegaard se mostr\u00f3 comprensivo sobre las protestas pro-Palestina: \u00abEs horrible lo que est\u00e1 pasando\u00bb<\/strong>.\u00a0Durante la rueda de prensa tras la 15\u00aa etapa, el dan\u00e9s fue consultado por el accidente de Javier Romo (Movistar), que se cay\u00f3 cuando un agente de la Guardia Civil trat\u00f3 de frenar a un manifestante que intentaba irrumpir en la carretera con una bandera palestina. <strong>\u00abCreo que todos sentimos lo que est\u00e1 ocurriendo all\u00ed. La gente que protesta lo hace porque est\u00e1 desesperada y quiere ser escuchada. Piensan que no reciben la atenci\u00f3n suficiente y buscan un modo de que los medios hablen de ello. Es lamentable que suceda aqu\u00ed en la Vuelta, pero creo que est\u00e1n muy desesperados\u00bb<\/strong>, se\u00f1al\u00f3 Vingegaard.<\/p>\n<p style=\"text-align: justify;\"><strong>Las manifestaciones, intensificadas por la presencia de Israel\u2013Premier Tech en la carrera, han provocado ya varias interrupciones<\/strong>: la contrarreloj por equipos neutralizada en Galicia, un final cancelado en Bilbao (11\u00aa etapa) y ca\u00eddas como la de Simone Petilli (Intermarch\u00e9) y la de Romo este domingo.\u00a0El director de la Vuelta, Javier Guill\u00e9n, conden\u00f3 los incidentes en un comunicado: \u00abEs evidente que este tipo de acciones no se pueden tolerar. Hemos visto ya consecuencias f\u00edsicas para los corredores. Pedimos que nunca vuelvan a repetirse. Respetamos el derecho a manifestarse pac\u00edficamente, pero no se puede poner en riesgo la seguridad de ciclistas y p\u00fablico\u00bb.\u00a0Pese a los rumores, <strong>Guill\u00e9n desminti\u00f3 que la \u00faltima etapa en Madrid, prevista para el 14 de septiembre, est\u00e9 en peligro<\/strong>. La carrera se reanudar\u00e1 ma\u00f1ana con la 16\u00aa etapa tras la segunda jornada de descanso.<\/p>\n<p>\u00a0<\/p>\n<p><a href=\"https:\/\/www.europesays.com\/es\/wp-content\/uploads\/2025\/10\/Jonas-Vingegaard-durante-la-segunda-semana-de-La-Vuelta-2025-c-Unipublic-Antonio-Baixauli.jpg\" target=\"_blank\" rel=\"noopener\"><img loading=\"lazy\" decoding=\"async\" aria-describedby=\"caption-attachment-446712\" class=\"wp-image-446712 size-full lazy\" src=\"data:image\/svg+xml,%3Csvg%20xmlns=\" http:=\"\" data-src=\"https:\/\/www.europesays.com\/es\/wp-content\/uploads\/2025\/10\/Jonas-Vingegaard-durante-la-segunda-semana-de-La-Vuelta-2025-c-Unipublic-Antonio-Baixauli.jpg\" alt=\"\" width=\"1000\" height=\"1500\"\/><\/a><\/p>\n<p id=\"caption-attachment-446712\" class=\"wp-caption-text\">Jonas Vingegaard durante la segunda semana de La Vuelta 2025 (c) Unipublic \u2013 Antonio Baixauli<\/p>\n<p data-start=\"81\" data-end=\"410\"><strong>Domingo 7 septiembre<\/strong><\/p>\n<blockquote class=\"twitter-tweet\" data-media-max-width=\"560\">\n<p dir=\"ltr\" lang=\"es\">Javier Romo se va al suelo despu\u00e9s de que un espectador haya irrumpido en el asfalto. <a href=\"https:\/\/twitter.com\/hashtag\/VueltaRTVE7S?src=hash&amp;ref_src=twsrc%5Etfw\" rel=\"nofollow noopener\" target=\"_blank\">#VueltaRTVE7S<\/a> <a href=\"https:\/\/twitter.com\/hashtag\/LaVuelta25?src=hash&amp;ref_src=twsrc%5Etfw\" rel=\"nofollow noopener\" target=\"_blank\">#LaVuelta25<\/a><\/p>\n<p>DIRECTO | <a href=\"https:\/\/twitter.com\/teledeporte?ref_src=twsrc%5Etfw\" rel=\"nofollow noopener\" target=\"_blank\">@teledeporte<\/a> y <a href=\"https:\/\/t.co\/Kkr9FojoaI\" rel=\"nofollow\">https:\/\/t.co\/Kkr9FojoaI<\/a> <a href=\"https:\/\/t.co\/LOZvmqUsjB\" rel=\"nofollow\">pic.twitter.com\/LOZvmqUsjB<\/a><\/p>\n<p>\u2014 Teledeporte (@teledeporte) <a href=\"https:\/\/twitter.com\/teledeporte\/status\/1964691009876713673?ref_src=twsrc%5Etfw\" rel=\"nofollow noopener\" target=\"_blank\">September 7, 2025<\/a><\/p>\n<\/blockquote>\n<p style=\"text-align: justify;\" data-start=\"81\" data-end=\"410\"><strong>Javier Romo<\/strong>, el manchego del<strong> Movistar,<\/strong> ha sido el m\u00e1s perjudicado de las diversas manifestaciones y reivindicaciones de la ciudadan\u00eda en contra del <strong>genocidio de Israel contra el pueblo palestino de Gaza.<\/strong> Aunque en su amplia mayor\u00eda fueron respetuosas y pac\u00edficas, la m\u00e1s relevante fue la acci\u00f3n de una persona que salt\u00f3 desde el lado de la carretera -a 56 kil\u00f3metros de meta-, con una bandera, se tropez\u00f3 y cay\u00f3 asustando en ese momento a un Romo que hizo el afilador y se fue al suelo mientras un polic\u00eda se cruz\u00f3 delante del pelot\u00f3n demasiado cerca para impedir la acci\u00f3n de protesta. El pupilo de <strong>Unzue<\/strong>, enrabietado, se fue a por el causante de la acci\u00f3n -psoteriormente detenido- y no pas\u00f3 a mayores. Tampoco su estado f\u00edsico que le permitir terminar la <a href=\"https:\/\/www.ciclo21.com\/15a-vuelta-espana-2025-pedersen\/\" target=\"_blank\" rel=\"noopener nofollow\"><strong>etapa en Monforte de Lemos<\/strong><\/a> al igual que el de Planckaert (Alpecin), que tambi\u00e9n se fue contra el asfalto.<\/p>\n<p style=\"text-align: justify;\" data-start=\"81\" data-end=\"410\">Por otra parte, la emisora interna de radio vuelta, que informa de lo que va aconteciendo a todos los veh\u00edculos acreditados que la portan, <strong>sufri\u00f3 injerencias<\/strong> en la <a href=\"https:\/\/www.ciclo21.com\/14a-vuelta-espana-2025-soler\/\" target=\"_blank\" rel=\"noopener nofollow\"><strong>jornada de La Farrapona<\/strong><\/a> en las que se pudieron o\u00edr lemas en pro de Palestina y en contra de Israel.<\/p>\n<p style=\"text-align: justify;\" data-start=\"81\" data-end=\"410\">El autob\u00fas y los coches del equipo del presente <strong>Sylvan Adams<\/strong> circulan siempre <strong>escoltados por dos unidades m\u00f3viles de la Guardia Civil<\/strong> desde el hotel a la salida y viceversa. Por razones de seguridad, es el <strong>\u00fanico conjunto que no desfila<\/strong> cada d\u00eda por la presentaci\u00f3n diaria de las formaciones en el protocolario control de firmas.<\/p>\n<p data-start=\"81\" data-end=\"410\"><strong>Declaraciones de Carlos Canal sobre Javier Romo<\/strong><\/p>\n<blockquote class=\"twitter-tweet\" data-media-max-width=\"560\">\n<p dir=\"ltr\" lang=\"es\">Carlos Canal (<a href=\"https:\/\/twitter.com\/carloscanal01?ref_src=twsrc%5Etfw\" rel=\"nofollow noopener\" target=\"_blank\">@carloscanal01<\/a>), sobre la ca\u00edda de Javier Romo:<\/p>\n<p>\u00abTiene un golpe bastante grande. Est\u00e1 bastante dolorido\u00bb <a href=\"https:\/\/twitter.com\/hashtag\/LaVuelta25?src=hash&amp;ref_src=twsrc%5Etfw\" rel=\"nofollow noopener\" target=\"_blank\">#LaVuelta25<\/a> <a href=\"https:\/\/twitter.com\/hashtag\/VueltaRTVE7S?src=hash&amp;ref_src=twsrc%5Etfw\" rel=\"nofollow noopener\" target=\"_blank\">#VueltaRTVE7S<\/a><\/p>\n<p>El post, en <a href=\"https:\/\/twitter.com\/rtveplay?ref_src=twsrc%5Etfw\" rel=\"nofollow noopener\" target=\"_blank\">@rtveplay<\/a> y en este enlace: <a href=\"https:\/\/t.co\/3MCzm5j4zq\" rel=\"nofollow\">https:\/\/t.co\/3MCzm5j4zq<\/a> <a href=\"https:\/\/t.co\/j09HCE9gzw\" rel=\"nofollow\">pic.twitter.com\/j09HCE9gzw<\/a><\/p>\n<p>\u2014 Teledeporte (@teledeporte) <a href=\"https:\/\/twitter.com\/teledeporte\/status\/1964715007041774017?ref_src=twsrc%5Etfw\" rel=\"nofollow noopener\" target=\"_blank\">September 7, 2025<\/a><\/p>\n<\/blockquote>\n<p data-start=\"81\" data-end=\"410\"><strong>Comunicado de Javier Guill\u00e9n, director de la Vuelta a Espa\u00f1a<\/strong><\/p>\n<p class=\"\" style=\"text-align: justify;\">\u201cEn la etapa de este domingo se ha producido la detenci\u00f3n de una persona como consecuencia de haber irrumpido s\u00fabitamente en la carretera al paso de los ciclistas. Esto ha obligado incluso a intervenir a un Guardia Civil para intentar evitar esa acci\u00f3n, la cual, y dada la invasi\u00f3n, ha generado que se produjera la ca\u00edda del corredor del <strong>Movistar, Javier Romo<\/strong>. Es obvio que este tipo de acciones no se pueden tolerar, ya estamos viendo las consecuencias que tienen, provocan da\u00f1os f\u00edsicos a los corredores. Esto pone en peligro la integridad de los ciclistas, pero tambi\u00e9n la integridad del p\u00fablico y de la propia persona que las provoca.<\/p>\n<p class=\"\" style=\"text-align: justify;\">Por eso tenemos que hacer un llamamiento a que <strong>no se pueden volver a producir<\/strong>. Ya vemos lo que ocurre y, por supuesto, volvemos a manifestar nuestro reconocimiento al derecho que tiene todo el mundo a manifestarse pac\u00edficamente en la vuelta. Lo que no podemos es permitir este tipo de invasiones o de cualquier otra acci\u00f3n que ponga en peligro la seguridad de los ciclistas, que lo \u00fanico que quieren es correr y hacerlo en situaciones de absoluta normalidad y estamos haciendo muchos esfuerzos para que esto sea as\u00ed. Por supuesto que para ello colaboramos con las fuerzas y cuerpos de seguridad del estado, a quienes agradecemos en todo momento todo el servicio que nos dan que nos ofrecen y que desde luego est\u00e1 dirigido \u00fanica y exclusivamente a proteger a los ciclistas y que ellos puedan correr con toda normalidad\u00bb.<\/p>\n<p style=\"text-align: justify;\">Por otra parte, Unipublic desminti\u00f3 informaciones en torno a la <strong>cancelaci\u00f3n de la etapa en Madrid<\/strong> por lo que se desarrollar\u00e1 el resto del recorrido como estaba previsto.<\/p>\n<p data-start=\"81\" data-end=\"410\"><strong>S\u00e1bado 6 septiembre<\/strong><\/p>\n<p style=\"text-align: justify;\"><strong>Israel-Premier Tech cambia su indumentaria en La Vuelta por motivos de seguridad<\/strong>. El conjunt\u00f3 de Sylvan Adams ha anunciado un cambio de equipaci\u00f3n para sus ciclistas en la presente edici\u00f3n de La Vuelta a Espa\u00f1a, motivado por cuestiones de seguridad tras algunos episodios de protestas considerados de \u00abcar\u00e1cter peligroso\u00bb en el seno de la escuadra.\u00a0<\/p>\n<p style=\"text-align: justify;\"><strong>El conjunto ha decidido que, a partir de ahora, sus corredores utilicen un maillot con el monograma de la escuadra en lugar del nombre completo<\/strong>. Se trata de un dise\u00f1o ya presente en otros \u00e1mbitos de la marca, como la flota de veh\u00edculos y la ropa casual, y que ahora se traslada tambi\u00e9n a la competici\u00f3n. \u00abEn aras de priorizar la seguridad de nuestros ciclistas y del pelot\u00f3n en general\u00bb, explic\u00f3 el equipo, se ha tomado esta medida de forma inmediata, sin que ello suponga una alteraci\u00f3n en la denominaci\u00f3n oficial: la formaci\u00f3n seguir\u00e1 compitiendo bajo el nombre Israel \u2013 Premier Tech.<\/p>\n<p><a href=\"https:\/\/www.ciclo21.com\/wp-content\/uploads\/2025\/09\/Nueva-equipacion-del-equio-Israel-Premier-Tech-sin-letras-c-IPT.jpg\" target=\"_blank\" rel=\"noopener nofollow\"><img loading=\"lazy\" decoding=\"async\" aria-describedby=\"caption-attachment-446394\" class=\"wp-image-446394 size-full lazy\" src=\"data:image\/svg+xml,%3Csvg%20xmlns=\" http:=\"\" data-src=\"https:\/\/www.europesays.com\/es\/wp-content\/uploads\/2025\/10\/Nueva-equipacion-del-equio-Israel-Premier-Tech-sin-letras-c-IPT.jpg.webp.webp\" alt=\"\" width=\"1200\" height=\"1600\" data- data-\/><\/a><\/p>\n<p id=\"caption-attachment-446394\" class=\"wp-caption-text\">Nueva equipaci\u00f3n del equio Israel Premier Tech con monograma (c) IPT<\/p>\n<p data-start=\"81\" data-end=\"410\"><strong>5 septiembre<\/strong><\/p>\n<p style=\"text-align: justify;\"><strong>Sylvan Adams<\/strong>, el millonario due\u00f1o del equipo <strong>Israel<\/strong> estuvo presente en la <a href=\"https:\/\/www.ciclo21.com\/11a-vuelta-espana-2025-cancelada\/\" target=\"_blank\" rel=\"noopener nofollow\"><strong>etapa de la Vuelta a Espa\u00f1a con final cancelado en Bilbao<\/strong><\/a> en la jornada m\u00e1s tensa de las vividas hasta ahora en esta 80\u00aa edici\u00f3n. El amigo personal de <strong>Benjamin Netanyahu<\/strong> -principal responsable del <strong>genocidio de Gaza<\/strong>\u2013 arremeti\u00f3 contra los partidarios de Palestina calific\u00e1ndolos de terroristas. De hecho, Adams llega a calificar de terroristas a los grupos que han estado atacando a su equipo durante esta carrera. \u00ab<strong>Los llamo grupo violento de terroristas<\/strong> porque son personas violentas. Al final, destruyeron todas las bicicletas de los aficionados. Los vascos tienen los mejores aficionados del mundo y es una pena que haya terminado as\u00ed\u00bb.<\/p>\n<p style=\"text-align: justify;\">\u00abHemos tenido dos d\u00edas muy duros en el Pa\u00eds Vasco. La regi\u00f3n es conocida por ser un<strong> basti\u00f3n de activistas de extrema izquierda<\/strong> y separatistas a los que les gusta protestar. No nos sorprendi\u00f3 esta reacci\u00f3n hostil, pero nunca hab\u00eda visto nada parecido en una carrera ciclista. Hab\u00eda una cantidad enorme y desproporcionada de banderas y pancartas a favor de Palestina y en contra del Estado de Israel, y un odio enorme\u00bb dijo al canal Sports5 de Israel.<\/p>\n<p style=\"text-align: justify;\">Como ya anunciaron en el comunicado de su equipo esa misma noche, el conjunto de <strong>Kjell C\u00e4rlstrom<\/strong> no piensa en dejar la carrera a pesar de la sugerencia de la organizaci\u00f3n y contando con el apoyo de la UCI. \u00abPor primera vez, decid\u00ed sentarme en el coche de apoyo para ver qu\u00e9 pasaba y, en caso extremo, tomar una decisi\u00f3n. <strong>Para m\u00ed era importante estar all\u00ed para los ciclistas<\/strong>, algunos de los cuales se sent\u00edan amenazados. Echaron pintura sobre nuestro coche y, al final de la etapa, todos vimos a los alborotadores empujando las barreras de seguridad e intentando entrar en el circuito\u00bb dijo.<\/p>\n<p><strong>Benjamin Netanyahu apoya al equipo de su pa\u00eds<\/strong><\/p>\n<p style=\"text-align: justify;\">El primer ministro de <strong>Israel, Benjamin Netanyahu,<\/strong> ha querido expresar p\u00fablicamente su apoyo al equipo que lleva el nombre de su pa\u00eds y que financia su amigo<strong> Sylvan Adams,<\/strong> presente en la gran ronda espa\u00f1ola por su \u201c<strong>gran trabajo y por no ceder ante el odio y la intimidaci\u00f3n.<\/strong> Est\u00e1is haciendo que Israel est\u00e9 orgulloso\u201d dijo en redes sociales.<\/p>\n<blockquote class=\"twitter-tweet\">\n<p dir=\"ltr\" lang=\"en\">Prime Minister Benjamin Netanyahu:<\/p>\n<p>Great job to Sylvan and Israel\u2019s cycling team for not giving in to hate and intimidation. You make Israel proud! \ud83c\uddee\ud83c\uddf1<\/p>\n<p>\u2014 Prime Minister of Israel (@IsraeliPM) <a href=\"https:\/\/twitter.com\/IsraeliPM\/status\/1963986508475498836?ref_src=twsrc%5Etfw\" rel=\"nofollow noopener\" target=\"_blank\">September 5, 2025<\/a><\/p>\n<\/blockquote>\n<p data-start=\"81\" data-end=\"410\"><strong>El Gobierno de Asturias pide la expulsi\u00f3n del Israel<\/strong><\/p>\n<p style=\"text-align: justify;\" data-start=\"81\" data-end=\"410\">La <a href=\"https:\/\/www.ciclo21.com\/13a-vuelta-espana-2025-almeida\/\" target=\"_blank\" rel=\"noopener nofollow\"><strong>llegada de la Vuelta a Espa\u00f1a a Asturias<\/strong><\/a> ha tenido tambi\u00e9n respuesta por la presencia del equipo Israel -leg\u00edtima seg\u00fan las normas UCI- en el pelot\u00f3n. Adem\u00e1s de las diversas manifestaciones y concentraciones convocadas por movimientos propalestinos locales, lo m\u00e1s relevante fue la petici\u00f3n y acci\u00f3n del Gobierno de Asturias -que preside el socialista Adri\u00e1n Barb\u00f3n- pidiendo la retirada del equipo financiado por el magnate Sylvan Adams.<\/p>\n<p style=\"text-align: justify;\"><strong>Gimena Llamedo<\/strong>, ha sido tajante. \u201cSer\u00eda lo mejor para todos, incluida la propia competici\u00f3n\u201d, ha afirmado la vicepresidenta del Gobierno de Asturias. Ni el presidente del Principado, Adri\u00e1n Barb\u00f3n, ni ning\u00fan miembro del Ejecutivo asistir\u00e1 a la salida ni llegada de las etapas asturianas.<\/p>\n<p style=\"text-align: justify;\">Esta decisi\u00f3n expresa el rechazo del Gobierno de Asturias a la presencia del equipo Israel Premier Tech en la competici\u00f3n. \u201c<strong>Nosotros no tenemos capacidad para impedir su participaci\u00f3n<\/strong>. Tampoco la tiene siquiera el Gobierno de Espa\u00f1a. Pero lo que s\u00ed podemos y queremos hacer es manifestar nuestro desacuerdo\u201d, ha explicado la vicepresidenta.<\/p>\n<p style=\"text-align: justify;\">\u201cNo debemos ser impasibles ni indiferentes ante lo que est\u00e1 sucediendo en Gaza. <strong>Es una cuesti\u00f3n de conciencia, de mera humanidad<\/strong>\u201d, ha razonado. Llamedo ha recordado que ante otros conflictos, como la invasi\u00f3n de Ucrania, se tomaron medidas para impedir la participaci\u00f3n de equipos rusos para no dar apariencia de normalidad a lo que estaba sucediendo.<\/p>\n<p style=\"text-align: justify;\">\u201cYa que ahora no se ha actuado de igual forma, pedimos al equipo que se retire. <strong>Pensamos que ser\u00eda la mejor decisi\u00f3n a todos los efectos<\/strong>\u201d, ha continuado la vicepresidenta. Llamedo ha pedido a las organizaciones deportivas internacionales que reaccionen y tengan en cuenta lo que ocurre en Gaza, \u201cinhumano e inaceptable desde cualquier punto de vista\u201d, para que estas situaciones no se repitan. \u201cEsa insensibilidad no tiene un pase\u201d, ha a\u00f1adido.<\/p>\n<p style=\"text-align: justify;\">El Gobierno de Asturias comprende las movilizaciones y protestas que puedan realizarse, pero tambi\u00e9n llama a la prudencia. \u201cEntendemos que se exprese el malestar, pero pedimos<strong> que se haga de forma completamente pac\u00edfica<\/strong>, sin poner en riesgo la seguridad de los ciclistas ni impedir el desarrollo de La Vuelta, una competici\u00f3n muy importante, con much\u00edsimos seguidores y una larga vinculaci\u00f3n con Asturias\u201d.<\/p>\n<p><strong>Doce detenidos por interrumpir La Vuelta en protesta contra el equipo israel\u00ed<\/strong><\/p>\n<p style=\"text-align: justify;\"><strong>Al menos 12 personas fueron detenidas este viernes en Asturias tras interrumpir el paso de La Vuelta a Espa\u00f1a<\/strong> para protestar contra la participaci\u00f3n del equipo Israel\u2013Premier Tech. Seg\u00fan la Guardia Civil, seis de los manifestantes portaban una pancarta mientras el resto se encadenaba entre s\u00ed y al guardarra\u00edl, bloqueando durante menos de un minuto el avance de los ciclistas en plena subida al Angliru.<\/p>\n<p style=\"text-align: justify;\">El incidente se produjo en torno a las 16:20 horas y oblig\u00f3 a dos corredores a detener su marcha moment\u00e1neamente. Los manifestantes, que portaban banderas palestinas, <strong>denunciaban el uso del deporte \u00abpara limpiar el genocidio en Gaza\u00bb<\/strong>, seg\u00fan difundieron en redes sociales colectivos y pol\u00edticos que respaldan la protesta.<\/p>\n<p style=\"text-align: justify;\">Agentes de la<strong> Guardia Civil retiraron a los encadenados y restablecieron la circulaci\u00f3n del pelot\u00f3n<\/strong>. Posteriormente, los detenidos fueron trasladados a dependencias en Oviedo, acusados de un delito de des\u00f3rdenes p\u00fablicos, mientras se instruyen las diligencias correspondientes.<\/p>\n<p style=\"text-align: justify;\">El bloqueo, aunque breve, volvi\u00f3 a poner de relieve<strong> la tensi\u00f3n que acompa\u00f1a a la carrera por la presencia del conjunto israel\u00ed<\/strong> en la ronda espa\u00f1ola.<\/p>\n<p data-start=\"81\" data-end=\"410\"><strong>4 septiembre<\/strong><\/p>\n<p style=\"text-align: justify;\" data-start=\"95\" data-end=\"636\">Los incidentes de la <strong data-start=\"116\" data-end=\"140\">Vuelta a Espa\u00f1a 2025<\/strong> en Bilbao, marcados por las protestas contra la participaci\u00f3n del <strong data-start=\"207\" data-end=\"230\">Israel-Premier Tech<\/strong>, siguen acaparando la atenci\u00f3n en el ciclismo internacional. Las im\u00e1genes de la etapa interrumpida han dado la vuelta al mundo y han obligado a distintas instituciones a pronunciarse. Entre ellas, la <strong data-start=\"431\" data-end=\"469\">Uni\u00f3n Ciclista Internacional (UCI)<\/strong>, que ha publicado un comunicado en el que evita tomar una decisi\u00f3n directa y deja en manos de los organizadores de la carrera la gesti\u00f3n de esta compleja situaci\u00f3n.<\/p>\n<p style=\"text-align: justify;\" data-start=\"638\" data-end=\"1135\">En este contexto, el espa\u00f1ol <strong data-start=\"667\" data-end=\"693\">Jos\u00e9 Luis L\u00f3pez Cerr\u00f3n<\/strong>, miembro de la Junta Directiva de la UCI y expresidente de la Federaci\u00f3n Ib\u00e9rica, se pronunci\u00f3 en declaraciones a la <strong data-start=\"811\" data-end=\"825\">Cadena Ser<\/strong>: \u201cLo que est\u00e1 pasando en Gaza no deber\u00eda ocurrir, las im\u00e1genes que llegan desde all\u00ed dan verg\u00fcenza. Pero no entiendo por qu\u00e9 tiene que ser el ciclismo, o la propia Vuelta, la que expulse a un equipo que se ha ganado su derecho a estar en la carrera, cuando hay equipos israel\u00edes en muchos otros deportes\u201d.<\/p>\n<p style=\"text-align: justify;\" data-start=\"1137\" data-end=\"1941\">L\u00f3pez Cerr\u00f3n a\u00f1adi\u00f3 que una hipot\u00e9tica exclusi\u00f3n de Israel-Premier Tech podr\u00eda terminar en un recurso ante el TAS o en tribunales ordinarios, lo que obligar\u00eda a la UCI a pagar una importante indemnizaci\u00f3n. Tambi\u00e9n descart\u00f3 comparaciones con el caso de <strong data-start=\"1389\" data-end=\"1400\">Gazprom<\/strong>, excluida en 2022 tras la invasi\u00f3n rusa de Ucrania, recordando que en aquella ocasi\u00f3n exist\u00edan sanciones internacionales respaldadas por los estados, algo que actualmente no sucede con Israel. Por \u00faltimo, subray\u00f3 que el equipo solo cuenta con un ciclista israel\u00ed en la Vuelta y que no se puede olvidar que para los corredores el ciclismo es su medio de vida: \u201cSi un ciclista decidiera retirarse sin acuerdo con su jefe, se quedar\u00eda inmediatamente sin sueldo. No creo que los corredores de ese equipo est\u00e9n contentos con esta situaci\u00f3n\u201d.<\/p>\n<p style=\"text-align: justify;\" data-start=\"799\" data-end=\"1044\" data-is-last-node=\"\" data-is-only-node=\"\"><strong>3 septiembre.<\/strong> Tras los incidentes ocurridos en <strong data-start=\"33\" data-end=\"46\">La Vuelta<\/strong>, donde manifestantes pro-Palestina invadieron la carretera provocando la ca\u00edda de <strong data-start=\"129\" data-end=\"147\">Simone Petilli<\/strong>, la <strong data-start=\"152\" data-end=\"199\">Asociaci\u00f3n de Ciclistas Profesionales (CPA)<\/strong> ha reaccionado con firmeza. La organizaci\u00f3n condena cualquier acci\u00f3n que ponga en riesgo la integridad de los ciclistas y recuerda que el derecho a manifestarse nunca debe ejercerse a costa de la seguridad de los atletas.<\/p>\n<p style=\"text-align: justify;\" data-start=\"425\" data-end=\"869\">En su comunicado, la <strong data-start=\"446\" data-end=\"453\">CPA<\/strong> expresa su <strong data-start=\"465\" data-end=\"508\">profunda preocupaci\u00f3n y condena rotunda<\/strong> hacia los actos que comprometieron la seguridad de los corredores: \u201cEs inaceptable que asociaciones, independientemente de sus motivaciones, pongan en peligro la integridad f\u00edsica de los ciclistas en la carretera. El ciclismo es un deporte exigente que requiere un esfuerzo extremo, y no se puede tolerar que amenazas externas se sumen a estas dificultades.\u201d<\/p>\n<p style=\"text-align: justify;\" data-start=\"871\" data-end=\"1377\" data-is-last-node=\"\" data-is-only-node=\"\">La CPA tambi\u00e9n hace un llamamiento a los <strong data-start=\"912\" data-end=\"948\">servicios de seguridad espa\u00f1oles<\/strong> para garantizar la protecci\u00f3n de los ciclistas y el buen desarrollo de la carrera, y a todos los actores del pelot\u00f3n \u2014organizadores, equipos, autoridades y p\u00fablico\u2014 a actuar con responsabilidad y vigilancia. \u201cTodos tienen derecho a manifestarse, pero nunca a costa de los atletas. Nuestro deporte celebra la <strong data-start=\"1257\" data-end=\"1289\">resiliencia y el rendimiento<\/strong>, y debe permanecer libre de cualquier obstrucci\u00f3n o violencia\u201d, concluye el comunicado.<\/p>\n<p style=\"text-align: justify;\"><strong>3 septiembre. Kiko Garc\u00eda<\/strong>, el codirector t\u00e9cnico de la <strong>Vuelta a Espa\u00f1a<\/strong> junto a <strong>Fernando Escart\u00edn,<\/strong> fue claro tras la <a href=\"https:\/\/www.ciclo21.com\/11a-vuelta-espana-2025-cancelada\/\" target=\"_blank\" rel=\"noopener nofollow\"><strong>etapa cancelada de Bilbao<\/strong><\/a> y dej\u00f3 claro que lo mejor para la carrera ser\u00eda que el <strong>Israel abandonara la prueba.<\/strong> \u00abCreo que hemos tomado la mejor decisi\u00f3n. Hice un sondeo con los equipos y as\u00ed lo sent\u00ed, ahora lo \u00fanico que quiero es respirar un poco. La situaci\u00f3n en principio seguir\u00e1 existiendo salvo que el reglamento cambie. Nosotros, como organizadores, estamos obligados a pelear para que los corredores est\u00e9n seguros y para que el espect\u00e1culo siga adelante. Al final tendr\u00e1n (la UCI) que valorar si se protege a una carrera internacional como La Vuelta o a un equipo. Nosotros solo podemos hacer nuestro trabajo. No es un planteamiento oficial que yo sepa. Sab\u00edamos que ten\u00edamos la posibilidad de anticiparnos al problema. Nosotros no podemos hacer otra cosa. A la UCI no la hemos pedido directamente que echen al Israel, pero s\u00ed les hemos puesto en antecedentes mucho antes que todo esto. Nosotros nos debemos a un reglamento. \u00bfQui\u00e9n puede echar al Maccabi de Tel Aviv de la Euroliga? \u00bfEl Madrid? No, una federaci\u00f3n Internacional. Habl\u00e9 con el m\u00e1nager del equipo (del Israel) anoche hasta altas horas viendo si ellos mismo notaban que la presi\u00f3n estaba subiendo. No dir\u00e9 la visi\u00f3n que tienen ellos pero soluci\u00f3n solo hay una. Nosotros no la podemos tomar, pero de manera temporal y priorizando la seguridad de todos ante esta soluci\u00f3n pues entendemos que ser\u00eda esta, que el propio equipo Israel se diera cuenta de que, estando aqu\u00ed, no facilita la seguridad de todos los dem\u00e1s\u00bb.<\/p>\n<p style=\"text-align: justify;\"><strong>3 septiembre. La Uni\u00f3n Ciclista Internacional (UCI)<\/strong> ha condenado \u00aben\u00e9rgicamente\u00bb los actos que han provocado la cancelaci\u00f3n de la <a href=\"https:\/\/www.ciclo21.com\/11a-vuelta-espana-2025-cancelada\/\" target=\"_blank\" rel=\"noopener nofollow\"><strong>11.\u00aa etapa de La Vuelta a Espa\u00f1a en Bilbao<\/strong><\/a> debido a las protestas contra el <strong>genocidio de Israel en Gaza<\/strong>. A pesar de abogar por su \u00abcompromiso con la neutralidad pol\u00edtica\u00bb recordamos que los <strong>equipos y selecciones rusas y bielorrusas no pueden participar en ninguna prueba de su calendario tras la invasi\u00f3n rusa de Ucrania.<\/strong><\/p>\n<p style=\"text-align: justify;\"><strong>Comunicado \u00edntegro<\/strong><\/p>\n<p style=\"text-align: justify;\">\u00abLa Uni\u00f3n Ciclista Internacional (UCI) condena en\u00e9rgicamente los actos que han provocado la neutralizaci\u00f3n de la 11.\u00aa etapa de La Vuelta Ciclista a Espa\u00f1a.<\/p>\n<p style=\"text-align: justify;\">La UCI recuerda la importancia fundamental de la neutralidad pol\u00edtica de las organizaciones deportivas reunidas en el Movimiento Ol\u00edmpico, as\u00ed como el papel unificador y pacificador del deporte. Los grandes eventos deportivos internacionales encarnan un esp\u00edritu de uni\u00f3n y di\u00e1logo, m\u00e1s all\u00e1 de las diferencias y divisiones.<\/p>\n<p style=\"text-align: justify;\">En este sentido, la UCI reafirma su compromiso con la neutralidad pol\u00edtica, la independencia y la autonom\u00eda del deporte, de conformidad con los principios fundacionales del Movimiento Ol\u00edmpico.<\/p>\n<p style=\"text-align: justify;\">La UCI tambi\u00e9n desea recordar que el deporte, y el ciclismo en particular, tiene la vocaci\u00f3n de acercar y superar las barreras entre los pueblos y no debe en ning\u00fan caso ser instrumentalizado como herramienta de sanci\u00f3n.<\/p>\n<p style=\"text-align: justify;\">La UCI expresa toda su solidaridad y apoyo a los equipos y a su personal, as\u00ed como a los corredores, que deben poder ejercer su profesi\u00f3n y su pasi\u00f3n en condiciones \u00f3ptimas de seguridad y serenidad\u00bb.<\/p>\n<p style=\"text-align: justify;\"><strong>3 septiembre.<\/strong> El equipo profesional <strong>Israel<\/strong> no piensa en abandonar la <strong>Vuelta a Espa\u00f1a<\/strong> a diferencia de la sugerencia de la organizaci\u00f3n para evitar m\u00e1s problemas de seguridad. Opinan que se crear\u00eda \u00abun grave precedente en el ciclismo\u00bb.<\/p>\n<p style=\"text-align: justify;\">Comunicado \u00edntegro<\/p>\n<p style=\"text-align: justify;\">\u00abIsrael-Premier Tech es un equipo ciclista profesional. Como tal, el equipo mantiene su compromiso de seguir compitiendo en la Vuelta a Espa\u00f1a. Cualquier otra decisi\u00f3n sentar\u00eda un peligroso precedente en el ciclismo, no solo para Israel-Premier Tech, sino para todos los equipos. Israel-Premier Tech ha expresado en repetidas ocasiones su respeto por el derecho de todos a protestar, siempre y cuando dichas protestas sean pac\u00edficas y no comprometan la seguridad del pelot\u00f3n. La organizaci\u00f3n de la Vuelta a Espa\u00f1a y la polic\u00eda est\u00e1n haciendo todo lo posible para crear un entorno seguro y, por ello, el equipo les est\u00e1 especialmente agradecido. Sin embargo, el comportamiento de los manifestantes hoy en Bilbao no solo ha sido peligroso, sino tambi\u00e9n contraproducente para su causa y ha privado a los aficionados vascos al ciclismo, algunos de los mejores del mundo, de la llegada de etapa que se merec\u00edan\u00bb.<\/p>\n<p style=\"text-align: justify;\" data-start=\"81\" data-end=\"410\"><strong data-start=\"81\" data-end=\"180\">La Vuelta a Espa\u00f1a 2025 vive d\u00edas complicados tras los incidentes sucedidos en la etapa de Bilbao<\/strong>, donde manifestantes pro-Palestina invadieron la carretera y provocaron la ca\u00edda de Simone Petilli, lo que llev\u00f3 a la cancelaci\u00f3n de la jornada. La situaci\u00f3n ha generado una fuerte reacci\u00f3n en todos los estamentos del ciclismo.<\/p>\n<p style=\"text-align: justify;\" data-start=\"412\" data-end=\"797\">La <strong data-start=\"415\" data-end=\"462\">Asociaci\u00f3n de Ciclistas Profesionales (CPA)<\/strong> conden\u00f3 con firmeza cualquier acci\u00f3n que ponga en riesgo la seguridad de los corredores, recordando que el derecho a manifestarse nunca debe ejercerse a costa de la integridad de los atletas. La organizaci\u00f3n pidi\u00f3 a las autoridades espa\u00f1olas y a los organizadores extremar la vigilancia para evitar que se repitan escenas similares.<\/p>\n<p style=\"text-align: justify;\" data-start=\"799\" data-end=\"1321\">Por su parte, la <strong data-start=\"816\" data-end=\"823\">UCI<\/strong> se pronunci\u00f3 en la misma l\u00ednea, rechazando en\u00e9rgicamente los actos que obligaron a neutralizar la etapa y defendiendo la neutralidad pol\u00edtica del deporte como principio fundamental. Mientras tanto, <strong data-start=\"1022\" data-end=\"1037\">Kiko Garc\u00eda<\/strong>, codirector t\u00e9cnico de La Vuelta, dej\u00f3 entrever que la presencia del equipo Israel-Premier Tech complica la seguridad de la carrera y sugiri\u00f3 que lo mejor ser\u00eda que el propio conjunto se apartara temporalmente, una decisi\u00f3n que corresponder\u00eda valorar a la federaci\u00f3n internacional.<\/p>\n<p><script async src=\"https:\/\/platform.twitter.com\/widgets.js\" charset=\"utf-8\"><\/script><\/p>\n","protected":false},"excerpt":{"rendered":"Redacci\u00f3n \/ F. Ferrari \/\u00a0 Ciclo 21 Lunes 6 octubre El-equipo-Israel-durante-la-pasada-Vuelta- (c) Miguel-Oses-_AP_ En la tarde de este&hellip;\n","protected":false},"author":2,"featured_media":159701,"comment_status":"","ping_status":"","sticky":false,"template":"","format":"standard","meta":{"footnotes":""},"categories":[273],"tags":[313,312,168,25,24,23,167,47455],"class_list":{"0":"post-159700","1":"post","2":"type-post","3":"status-publish","4":"format-standard","5":"has-post-thumbnail","7":"category-ciclismo","8":"tag-ciclismo","9":"tag-cycling","10":"tag-deportes","11":"tag-es","12":"tag-espana","13":"tag-spain","14":"tag-sports","15":"tag-vuelta-2025"},"share_on_mastodon":{"url":"","error":""},"_links":{"self":[{"href":"https:\/\/www.europesays.com\/es\/wp-json\/wp\/v2\/posts\/159700","targetHints":{"allow":["GET"]}}],"collection":[{"href":"https:\/\/www.europesays.com\/es\/wp-json\/wp\/v2\/posts"}],"about":[{"href":"https:\/\/www.europesays.com\/es\/wp-json\/wp\/v2\/types\/post"}],"author":[{"embeddable":true,"href":"https:\/\/www.europesays.com\/es\/wp-json\/wp\/v2\/users\/2"}],"replies":[{"embeddable":true,"href":"https:\/\/www.europesays.com\/es\/wp-json\/wp\/v2\/comments?post=159700"}],"version-history":[{"count":0,"href":"https:\/\/www.europesays.com\/es\/wp-json\/wp\/v2\/posts\/159700\/revisions"}],"wp:featuredmedia":[{"embeddable":true,"href":"https:\/\/www.europesays.com\/es\/wp-json\/wp\/v2\/media\/159701"}],"wp:attachment":[{"href":"https:\/\/www.europesays.com\/es\/wp-json\/wp\/v2\/media?parent=159700"}],"wp:term":[{"taxonomy":"category","embeddable":true,"href":"https:\/\/www.europesays.com\/es\/wp-json\/wp\/v2\/categories?post=159700"},{"taxonomy":"post_tag","embeddable":true,"href":"https:\/\/www.europesays.com\/es\/wp-json\/wp\/v2\/tags?post=159700"}],"curies":[{"name":"wp","href":"https:\/\/api.w.org\/{rel}","templated":true}]}}