{"id":159708,"date":"2025-10-06T17:11:15","date_gmt":"2025-10-06T17:11:15","guid":{"rendered":"https:\/\/www.europesays.com\/es\/159708\/"},"modified":"2025-10-06T17:11:15","modified_gmt":"2025-10-06T17:11:15","slug":"diego-gonzalez-rivas-aclara-su-polemica-con-esta-reivindicacion-sobre-la-sanidad-publica-el-huffpost","status":"publish","type":"post","link":"https:\/\/www.europesays.com\/es\/159708\/","title":{"rendered":"Diego Gonz\u00e1lez Rivas aclara su pol\u00e9mica con esta reivindicaci\u00f3n sobre la sanidad p\u00fablica &#8211; El HuffPost"},"content":{"rendered":"<ol>\n<li><a href=\"https:\/\/news.google.com\/rss\/articles\/CBMitwFBVV95cUxNM1RzcU9ZSm53WDFfLXZwbEJ5YkFQektfSEVfZjBHMzhXUm5qUkNzb0lvZUNONVV1dG1aNWI2ZjYzMExJVlFyQmhQdk9walVfclc3dVVVNS11ekJEcUVrWXU3RmJuUmR3U2lzUEQ5Mnl5LXg1OGJQS25lRTlJVmEzTUFrbjBFb20zMkxoNlhHSkNJUHhJN1p5YndyN0FiM1F1MDAyM0ZjcURJd2x3UFJGdlF2WHlUX0XSAcsBQVVfeXFMUEhVZS0zYmRVTS1ZMDVWSndTZ2hocTRtbVFubWJmQzNZZWJfVFVxSnB1ZEFQSFZobVVRdi1IR0dvU2Z6SXJhM3diS1lQQTJCcDJzZGF4R3ZyYTVHWnVfQi1tcndUTmFURUlEZDVtbVBNMl9pb2ZPRDhpR2Vtd1NQU3BUaHl5aVVOd1VwSTNPeWl4NXBkU09aeFRYQjZ1MGlGaHFIaHczUi10N1BkcjFBdzhtdmw0SXFIYkZXUTY0d2ttTnFnSkhHTFh3eTQ?oc=5\" target=\"_blank\" rel=\"nofollow noopener\">Diego Gonz\u00e1lez Rivas aclara su pol\u00e9mica con esta reivindicaci\u00f3n sobre la sanidad p\u00fablica<\/a>&nbsp;&nbsp;El HuffPost<\/li>\n<li><a href=\"https:\/\/news.google.com\/rss\/articles\/CBMiyAFBVV95cUxNQlctSUliQlBkVFhUN3F1cm8yTnkwMmc5NVE4eWRpYUpGT0ZwbDFpUXVJNk1kV0FGaWdPQVNDNWRTdmlCZEtkOUFaa0FzMzBxMzdNVzBmWUVrUzMtNEhKT2lhMi1hQmh1X2F2aDZBaE9jNkVPT0JOUHE0ZVVMWWR6LVk1YmpHeFdiUktYWXlGWkpXMElJOHBrT2h6VTNhUWtSc0pLWHJ3NG02M1M5ZUZVbENiaGpoWGNhOWh6M2pRbmQ5dzBwcFRoVg?oc=5\" target=\"_blank\" rel=\"nofollow noopener\">De Lugo a \u00c1frica para salvar vidas con la formaci\u00f3n por bandera<\/a>&nbsp;&nbsp;La Voz de Galicia<\/li>\n<li><a href=\"https:\/\/news.google.com\/rss\/articles\/CBMitgFBVV95cUxQSXhERjMxelRJUGNWNEp6V1p1dFFJWnhyQjNlZzVSYWNmb0cyR3B4WWI3N2NRQWFodFBPX0NraVR0WXRNWUdoUEdEX2tPdERaZWZiTm1iTUVEaEtfNVh0cm5lOWhBVUo5bGtqOU1JS0Z5bjdRMGNMX0k0MDJrdjNVaXVVbkVReFV5YmFsYzMwTFp0WEVzczNFaVNuUW1VR0g2Y3ZZc1VMVU5VRGhIRWkwcEJBcU5Id9IBuwFBVV95cUxNZmh0SjdLcV9qYlp1YktBSUY5QXMyU1ZjclBDbTE3RlhteWgtTnhsbEs5aXR4cjJ1emN4cDlVWnVSdXlfb201WTNyTlp3QnhqZHdKcmlpd19LNjFmbGo4dzRHSzFGVFJhaGtPYXlXaFpVd3hFTlY5T2hpTDJqZ0d3WWRVQXJYOVlwYmZGVEsxa1NvV1FpMmZHZ3VXcWRSSjJOcVpiMktPS3VrYlJpa1lRYUFybDhSN1BQNF9B?oc=5\" target=\"_blank\" rel=\"nofollow noopener\">Dos coru\u00f1esas, un bistur\u00ed y la oscuridad de Sierra Leona<\/a>&nbsp;&nbsp;El Espa\u00f1ol<\/li>\n<li><a href=\"https:\/\/news.google.com\/rss\/articles\/CBMi2AFBVV95cUxPOG51SXREbV9xdzYtc1FDbFBpVEZtR3ZzSVdmQzVSOHlUOE56MGdwVmtKZmI2U2E1MzNSMlBkOUd6MWxQQlZNRmM0OC1VQ0xIb0g2MTRKblIxTlZxUExORlZQc0VNYnRXNm5hdHdXb1V0aTd1N0FYbFBzWEVLdkNOWnpwa2s3VnIwWDQ5ZjhGdXVyZTNXQmc2VE9jV0hHUUNGR0xoajR3ZjFma01yYkJObDBxMUJ3dlVhamlvREZpTGNnTVZ1eTlVTndZSDdENjZvMHpQMDdNdkbSAewBQVVfeXFMTnA5YWFodzVXZ2pWN2tTaWlGdnFVYWdZNTJ6T2Vhd1pacTNXTUNvbG1zWlU1bHBuVC1lRS1yMmJPMEQzNURkNXRmcHpNaTNfZkdydU1rTFdTazVTNU1CS2ZzWHZ0M0lweXRXbHF3ZFFqQ1VZYUxwQ3hOaVZLRVFlNkY5SkFySkpDTjRlcHNkdmRsemxjempvQUVEZi02c0lGNUdISGFITlRQZWdZNE9oR2twc2VsNzBndnlGb1ZIQU1OdWdJQnI4QXhZVkt0T19MbG9XbTRIRFY3WjFIS3JTU2l4NkJHWmN4NFNrcW8?oc=5\" target=\"_blank\" rel=\"nofollow noopener\">La Fundaci\u00f3n Diego Gonz\u00e1lez Rivas, en Sierra Leona: cirug\u00edas complejas, tensi\u00f3n y orgullo<\/a>&nbsp;&nbsp;Cadena SER<\/li>\n<li><a href=\"https:\/\/news.google.com\/rss\/articles\/CBMikgFBVV95cUxOOEFIMGNNNFFDNUg4QTZZcUNPSkR6M1ZYRm1PdkEzdEEwRHNIaVZCbnJKUElMZlVHbnBlNERrcHpYM3Q5Q055MTlNeVI2c3VTaUN6Ykw3eWYtbERYRU5HZEctOVlFMG5ieGd6VU94eXhPaXVSeEZ4UXJlNVJNY1lwRFZxN2ZwT3RXQk5NYzFtRTVWQdIBlwFBVV95cUxOd05NYVAySjN3a3duMV9ianBrZDFBUmpvai0xYjFIbkFXSk5ZZ2JFWEZlNG9ZZ2dQSzdQRjdJT0NfYVNtUU1lUzVXZWZweFRmaXh4TE5Rd0VnV21fM0tMbGJLNmhTWnViLTJuX0ZpWXQ1dnJjT2RoUE1YWkY5eXJQZUhEV1liWFJzZmU5ckVFclgwMDFkTVFr?oc=5\" target=\"_blank\" rel=\"nofollow noopener\">Manos gallegas que salvan vidas<\/a>&nbsp;&nbsp;Faro de Vigo<\/li>\n<\/ol>\n","protected":false},"excerpt":{"rendered":"Diego Gonz\u00e1lez Rivas aclara su pol\u00e9mica con esta reivindicaci\u00f3n sobre la sanidad p\u00fablica&nbsp;&nbsp;El HuffPost De Lugo a \u00c1frica&hellip;\n","protected":false},"author":2,"featured_media":159625,"comment_status":"","ping_status":"","sticky":false,"template":"","format":"standard","meta":{"footnotes":""},"categories":[174],"tags":[255,146,147,25,24,256,23],"class_list":{"0":"post-159708","1":"post","2":"type-post","3":"status-publish","4":"format-standard","5":"has-post-thumbnail","7":"category-famosos","8":"tag-celebrities","9":"tag-entertainment","10":"tag-entretenimiento","11":"tag-es","12":"tag-espana","13":"tag-famosos","14":"tag-spain"},"share_on_mastodon":{"url":"","error":""},"_links":{"self":[{"href":"https:\/\/www.europesays.com\/es\/wp-json\/wp\/v2\/posts\/159708","targetHints":{"allow":["GET"]}}],"collection":[{"href":"https:\/\/www.europesays.com\/es\/wp-json\/wp\/v2\/posts"}],"about":[{"href":"https:\/\/www.europesays.com\/es\/wp-json\/wp\/v2\/types\/post"}],"author":[{"embeddable":true,"href":"https:\/\/www.europesays.com\/es\/wp-json\/wp\/v2\/users\/2"}],"replies":[{"embeddable":true,"href":"https:\/\/www.europesays.com\/es\/wp-json\/wp\/v2\/comments?post=159708"}],"version-history":[{"count":0,"href":"https:\/\/www.europesays.com\/es\/wp-json\/wp\/v2\/posts\/159708\/revisions"}],"wp:featuredmedia":[{"embeddable":true,"href":"https:\/\/www.europesays.com\/es\/wp-json\/wp\/v2\/media\/159625"}],"wp:attachment":[{"href":"https:\/\/www.europesays.com\/es\/wp-json\/wp\/v2\/media?parent=159708"}],"wp:term":[{"taxonomy":"category","embeddable":true,"href":"https:\/\/www.europesays.com\/es\/wp-json\/wp\/v2\/categories?post=159708"},{"taxonomy":"post_tag","embeddable":true,"href":"https:\/\/www.europesays.com\/es\/wp-json\/wp\/v2\/tags?post=159708"}],"curies":[{"name":"wp","href":"https:\/\/api.w.org\/{rel}","templated":true}]}}