{"id":159711,"date":"2025-10-06T17:17:07","date_gmt":"2025-10-06T17:17:07","guid":{"rendered":"https:\/\/www.europesays.com\/es\/159711\/"},"modified":"2025-10-06T17:17:07","modified_gmt":"2025-10-06T17:17:07","slug":"victoria-de-julia-benach-y-manuel-pastor-en-la-segunda-prueba-de-copa-de-espana-de-dificultad","status":"publish","type":"post","link":"https:\/\/www.europesays.com\/es\/159711\/","title":{"rendered":"Victoria de J\u00falia Benach y Manuel Pastor en la segunda prueba de Copa de Espa\u00f1a de Dificultad."},"content":{"rendered":"<p><strong>Foto: FMM<\/strong><\/p>\n<p><strong>La escaladora catalana, lidera la clasificaci\u00f3n general de la Copa de Espa\u00f1a de Dificultad con 1690 puntos. La victoria de Manuel Pastor le permite situarse en la segunda posici\u00f3n de la clasificaci\u00f3n general con 1.235 puntos. Una clasificaci\u00f3n general masculina, liderada por Mikel Linacisoro, que con 1610 puntos se sit\u00faa a la cabeza de una competici\u00f3n que finalizar\u00e1 en Vilanova i Geltr\u00fa el pr\u00f3ximo 18 de octubre.<\/strong><\/p>\n<p>Segunda prueba de Copa de Espa\u00f1a de Dificultad con m\u00e1s de dos centenares de participantes entre las categor\u00edas absolutas y juveniles. Una competici\u00f3n que ten\u00eda lugar en las instalaciones de Indoorwall Getafe.<\/p>\n<p>En la categor\u00eda absoluta, victoria para la joven escaladora, <strong>Julia Benach<\/strong>, que con una puntuaci\u00f3n de 37+ se situaba en primera posici\u00f3n despu\u00e9s de haber dominado las rondas clasificatorias. La segunda plaza ha sido para <strong>Iziar Mart\u00ednez<\/strong>, que con 33+ aseguraba la segunda plaza, mejorando su rendimiento tras una tercera posici\u00f3n en la serie clasificatoria. <strong>Michelle Paola Matheus <\/strong>complet\u00f3 el podio femenino al marcar un 31 en la final<\/p>\n<p>En el cuadro masculino, Manuel Pastor finalizaba el fin de semana en primera posici\u00f3n, marcando un 23 en la final con el que domin\u00f3 la clasificaci\u00f3n masculina. La segunda plaza ser\u00eda <strong>Mikel Linacisoro<\/strong> que llegaba a la final tras empatar en la ronda clasificatoria con Manuel Pastor. Una final en la que el escalador vasco marcar\u00eda un 22+. Un plus que le permit\u00eda asegurar la segunda plaza en el podio frente a <strong>Ra\u00fal Escribano<\/strong> (22), a un plus de la plata.<\/p>\n<p>Entre las categor\u00edas juveniles, destacar la victoria de <strong>Carlota Merle (31+)<\/strong> en la categor\u00eda U15. Un podio que compart\u00eda con <strong>Eva Munill<\/strong>(30+), como segunda clasificada y <strong>Aitana Mart\u00ednez<\/strong>(27+) complet\u00f3 el podio con el bronce.<br \/><strong>Nicol\u00e1s Scutelnicu <\/strong>(35+) domin\u00f3 con solvencia una final en la que ocupar\u00eda el primer puesto del podio junto a <strong>Marcos Medina<\/strong> (24+) y <strong>Joan Alejandro<\/strong> (24) que completaron el podio en una ajustad\u00edsima final, donde un plus decidi\u00f3 la segunda y tercera plaza del podio masculino.<\/p>\n<p>Primer puesto en el podio femenino de la categor\u00eda U17 para <strong>Aina Vila <\/strong>(25+)\u00a0en una final que se decid\u00eda por peque\u00f1os detalles. Una ronda en la que se produc\u00eda un empate entre la segunda y tercera clasificada. <strong>Udane Mugica<\/strong>(24+) y <strong>Alicia L\u00f3pez <\/strong>(24+) marcaron la misma puntuaci\u00f3n en la final. Las posiciones de las rondas clasificatorias decidieron un podio, en el que la medalla de plata ser\u00eda para <strong>Udane Mugica<\/strong>mientras <strong>Alicia L\u00f3pez <\/strong>ocupar\u00eda la tercera plaza. Un desenlace similar se viv\u00eda en la categor\u00eda masculina con un doble empate en la final. <strong>Jan Molist<\/strong> y <strong>David Mart\u00ednez<\/strong> encadenaban la v\u00eda marcando ambos el Top en la ronda final. Una vez m\u00e1s, las posiciones de las rondas clasificatorias decid\u00edan un podio en el que <strong>Jan Molist<\/strong> lograba el oro, mientras <strong>David Mart\u00ednez<\/strong> alcanzar\u00eda la medalla de plata. <strong>Aitor AMAYA <\/strong>(27+) completar\u00eda el podio con la tercera plaza.<\/p>\n<p>Una segunda cita de la Copa de Espa\u00f1a de Dificultad que cerramos con la categor\u00eda U19 en la que <strong>Erika Carrasco<\/strong>(27+) ocupar\u00eda la primera plaza por delante de <strong>Martina Mu\u00f1iz<\/strong> (23+) que ocupar\u00eda la segunda plaza tras empatar con<strong>India Persson<\/strong>(23+), que ocupar\u00eda la tercera plaza tras resolverse el empate con los resultados de las rondas clasificatorias. <strong>Roc VERG\u00c9S<\/strong> lograr\u00eda el \u00fanico Top en esta categor\u00eda. Un resultado que le aup\u00f3 a la primera posici\u00f3n por delante de<br \/><strong>Lizer AZNAREZ<\/strong> (34+), segundo en la categor\u00eda masculina, y <strong>Santiago Oronich<\/strong>\u00a0(30).<\/p>\n<p>Catalu\u00f1a lidera la clasificaci\u00f3n por equipos de la Copa de Espa\u00f1a de Dificultad.<\/p>\n<p>La general de la Copa de Espa\u00f1a que domina el equipo catal\u00e1n en la categor\u00eda femenina con 25.472,5 puntos por delante del equipo madrile\u00f1o, que con 14.492 ocupa la segunda posici\u00f3n por delante del equipo extreme\u00f1o, que con 14.344 se sit\u00faa en la segunda posici\u00f3n.<\/p>\n<p>En la categor\u00eda masculina, el equipo catal\u00e1n ocupa la primera posici\u00f3n con 11.297,5 puntos, por delante del equipo valenciano, que con 9.632,5 puntos se sit\u00faa en segunda posici\u00f3n, seguido del equipo extreme\u00f1o, tercer clasificado con 8.568,5 puntos.<\/p>\n<p>Todos los resultados: https:\/\/fedme.results.info\/event\/61\/general\/lead<\/p>\n<p>Podios II Copa de Espa\u00f1a de Dificultad \u2013 Getafe 2025<\/p>\n<p><strong>Absoluta femenina<\/strong><\/p>\n<p>1.- J\u00falia BENACH ZUBERO \u2013 FEEC (37+)<\/p>\n<p>2.- Iziar MART\u00cdNEZ ALMENDROS \u2013 FDMESCyL (33+)<\/p>\n<p>3.- Michelle Paola MATHEUS GUILLEN \u2013 FMM (31)<\/p>\n<p><strong>Absoluta masculina<\/strong><\/p>\n<p>1.- Manuel PASTOR S\u00c1NCHEZ \u2013 FEMECV (23)<\/p>\n<p>2.- Mikel Asier LINACISORO MOLINA \u2013 EMF-FVM (22+)<\/p>\n<p>3.- Ra\u00fal ESCRIBANO S\u00c1NCHEZ \u2013 FEMECV (22)<\/p>\n<p><strong>U15 femenina<\/strong><\/p>\n<p>1.- Carlota MERLE GARCIA \u2013 FEMPA (31+)<\/p>\n<p>2.- Eva MUNILL ASENSIO \u2013 \u00a0FEEC (30+)<\/p>\n<p>3.- Aitana MART\u00cdNEZ PAV\u00d3N \u2013 FMM (27+)<\/p>\n<p><strong>U15 masculino<\/strong><\/p>\n<p>1.- Nicol\u00e1s SCUTELNICU ILIE \u2013 FEMECV (35+)<\/p>\n<p>2.- Marcos MEDINA CALVO \u2013 FDMCLM (24+)<\/p>\n<p>3.- Joan ALEJANDRO ILLA \u2013 FEEC (24)<\/p>\n<p><strong>U17 femenina<\/strong><\/p>\n<p>1.- Aina VILA CANTERO \u2013 FEEC (25+)<\/p>\n<p>2.- Udane MUGICA LASA \u2013 EMF-FVM (24+)<\/p>\n<p>3.- Alicia LOPEZ GARCIA \u2013 FDMCLM (24+)<\/p>\n<p><strong>U17 masculino<\/strong><\/p>\n<p>1.- Jan MOLIST DOMINGO \u2013 FEEC (TOP)<\/p>\n<p>2.- David MART\u00cdNEZ GARC\u00cdA \u2013 FEMECV (TOP)<\/p>\n<p>3.- Aitor AMAYA L\u00d3PEZ \u2013 FADMES (27+)<\/p>\n<p><strong>U19 femenina<\/strong><\/p>\n<p>1.- Erika CARRASCO AGUILA \u2013 FMM (27+)<\/p>\n<p>2.- Martina MU\u00d1IZ VALENCIA \u2013 FMM (23+)<\/p>\n<p>3.- India PERSSON FERN\u00c1NDEZ \u2013 FADMES (23+)<\/p>\n<p><strong>U19 masculino<\/strong><\/p>\n<p>1.- Roc VERG\u00c9S SOL\u00c9 \u2013 FEEC (TOP)<\/p>\n<p>2.- Lizer AZNAREZ BESCOS \u2013 FAM (34+)<\/p>\n<p>3.- Santiago ORONICH GREGORIO \u2013 FAM (30)<\/p>\n","protected":false},"excerpt":{"rendered":"Foto: FMM La escaladora catalana, lidera la clasificaci\u00f3n general de la Copa de Espa\u00f1a de Dificultad con 1690&hellip;\n","protected":false},"author":2,"featured_media":159712,"comment_status":"","ping_status":"","sticky":false,"template":"","format":"standard","meta":{"footnotes":""},"categories":[93],"tags":[168,25,19525,24,23,167],"class_list":{"0":"post-159711","1":"post","2":"type-post","3":"status-publish","4":"format-standard","5":"has-post-thumbnail","7":"category-deportes","8":"tag-deportes","9":"tag-es","10":"tag-escalada","11":"tag-espana","12":"tag-spain","13":"tag-sports"},"share_on_mastodon":{"url":"","error":""},"_links":{"self":[{"href":"https:\/\/www.europesays.com\/es\/wp-json\/wp\/v2\/posts\/159711","targetHints":{"allow":["GET"]}}],"collection":[{"href":"https:\/\/www.europesays.com\/es\/wp-json\/wp\/v2\/posts"}],"about":[{"href":"https:\/\/www.europesays.com\/es\/wp-json\/wp\/v2\/types\/post"}],"author":[{"embeddable":true,"href":"https:\/\/www.europesays.com\/es\/wp-json\/wp\/v2\/users\/2"}],"replies":[{"embeddable":true,"href":"https:\/\/www.europesays.com\/es\/wp-json\/wp\/v2\/comments?post=159711"}],"version-history":[{"count":0,"href":"https:\/\/www.europesays.com\/es\/wp-json\/wp\/v2\/posts\/159711\/revisions"}],"wp:featuredmedia":[{"embeddable":true,"href":"https:\/\/www.europesays.com\/es\/wp-json\/wp\/v2\/media\/159712"}],"wp:attachment":[{"href":"https:\/\/www.europesays.com\/es\/wp-json\/wp\/v2\/media?parent=159711"}],"wp:term":[{"taxonomy":"category","embeddable":true,"href":"https:\/\/www.europesays.com\/es\/wp-json\/wp\/v2\/categories?post=159711"},{"taxonomy":"post_tag","embeddable":true,"href":"https:\/\/www.europesays.com\/es\/wp-json\/wp\/v2\/tags?post=159711"}],"curies":[{"name":"wp","href":"https:\/\/api.w.org\/{rel}","templated":true}]}}