{"id":159715,"date":"2025-10-06T17:19:08","date_gmt":"2025-10-06T17:19:08","guid":{"rendered":"https:\/\/www.europesays.com\/es\/159715\/"},"modified":"2025-10-06T17:19:08","modified_gmt":"2025-10-06T17:19:08","slug":"fiestas-del-barrio-del-pilar-2025-con-nacha-pop-paula-koops-o-efecto-pasillo-programa-completo-de-actividades","status":"publish","type":"post","link":"https:\/\/www.europesays.com\/es\/159715\/","title":{"rendered":"Fiestas del Barrio del Pilar 2025 con Nacha Pop, Paula Koops o Efecto Pasillo: programa completo de actividades"},"content":{"rendered":"<p class=\"article-text\">\n        Las tradicionales fiestas del barrio del Pilar tendr\u00e1n lugar del 8 al 12 de octubre con el recinto ferial del parque de La Vaguada como escenario. La programaci\u00f3n contar\u00e1 con una amplia selecci\u00f3n de conciertos y ctividades deportivas, a los que se suman la Noche Joven y el D\u00eda de la Infancia como protagonistas de esta edici\u00f3n.\n    <\/p>\n<p>    <a href=\"https:\/\/www.eldiario.es\/guia-ocio\/que-hacer-fin-semana-madrid_1_9005597.html\" data-mrf-recirculation=\"saber-mas\" data-dl-event=\"saber-mas\" rel=\"nofollow noopener\" target=\"_blank\"><\/p>\n<p class=\"know-more__title\">Qu\u00e9 hacer en Madrid este fin de semana<\/p>\n<p>            <img decoding=\"async\" class=\"lazy\" loading=\"lazy\" data-src=\"https:\/\/static.eldiario.es\/clip\/064ac488-20d6-450b-a741-76123171ed4e_16-9-aspect-ratio_default_0.jpg\" src=\"data:image\/svg+xml,%3Csvg xmlns=\" http:=\"\" viewbox=\"0 0 880 495\" alt=\"Qu\u00e9 hacer en Madrid este fin de semana\"\/><\/p>\n<p>                        <\/a><\/p>\n<p class=\"article-text\">\n        Nacha Pop estrenar\u00e1 el escenario de las fiestas el 9 de octubre. La banda, actualmente liderada por Nacho Garc\u00eda Vega, tocar\u00e1 m\u00edticos \u00e9xitos como\u00a0La chica de ayer\u00a0o\u00a0Lucha de gigantes,\u00a0compuestos por Antonio Vega. El otro plato fuerte de las celebraciones ser\u00e1n los canarios Efecto Pasillo, que actuar\u00e1n el d\u00eda 11 ante un p\u00fablico que corear\u00e1 canciones como\u00a0Pan y mantequilla\u00a0o\u00a0No importa que llueva.\n    <\/p>\n<p class=\"article-text\">\n        Los G Band, grupo tributo a Hombres G, ser\u00e1n los encargados de amenizar al p\u00fablico con grandes cl\u00e1sicos junto a Ardiya, uno de los artistas m\u00e1s presentes en los festivales nacionales. Como cierre musical, la artista Shaila D\u00farcal y su grupo de mariachis, con miles de discos vendidos en Espa\u00f1a y M\u00e9xico, transportar\u00e1n a los espectadores a un viaje musical de rancheras y boleros. Adem\u00e1s, el 8 de octubre, actuar\u00e1n en el recinto ferial las bandas seleccionadas en el Certamen de Grupos del Barrio: The Talisker Band, Rock\u2019N\u2019Heels, Gatos y Cacos y Dseed.\n    <\/p>\n<p class=\"article-text\">\n        El viernes 10, tendr\u00e1 lugar, por primera vez, la Noche Joven, un festival de m\u00fasica dedicado a los m\u00e1s j\u00f3venes del barrio, con la actuaci\u00f3n de cuatro artistas emergentes como \u00c1lvaro Mayo que, tras su paso por el programa Operaci\u00f3n Triunfo, acaba de lanzar su primer LP, titulado\u00a0Mayo Season;\u00a0Paula Koops, joven promesa de la nueva ola de pop espa\u00f1ola, que acumula millones de reproducciones con sus temas\u00a0Odio que te quiero\u00a0o\u00a0L\u00ednea 7;\u00a0el joven rapero madrile\u00f1o JM, y las televisivas Twin Melody.\n    <\/p>\n<p class=\"article-text\">\n        Con motivo del D\u00eda de la Infancia, que se celebrar\u00e1 el s\u00e1bado, se instalar\u00e1n en las calles un roc\u00f3dromo, futbolines y karts para los m\u00e1s peque\u00f1os que, adem\u00e1s, podr\u00e1n disfrutar de actividades infantiles como los pasacalles circenses o el teatro en ingl\u00e9s.\n    <\/p>\n<p class=\"article-text\">\n        Para conmemorar el D\u00eda de la Hispanidad y por segundo a\u00f1o consecutivo, se ha organizado un desfile de grupos de folclore iberoamericano de Per\u00fa, Ecuador, Colombia y Venezuela, las cuatro nacionalidades con m\u00e1s poblaci\u00f3n en el barrio del Pilar, que despu\u00e9s participar\u00e1n en una muestra de danza y m\u00fasica. Esa misma jornada se celebrar\u00e1 el D\u00eda de los Mayores, con la tradicional chocolatada y la noche del d\u00eda 12 terminar\u00e1 con fuegos artificiales en el parque de La Alcazaba.\n    <\/p>\n<p>    <a href=\"https:\/\/www.eldiario.es\/madrid\/somos\/fiestas-distritos-barrios-madrid-2025-programas-completos-fechas_1_11945077.html\" data-mrf-recirculation=\"saber-mas-abajo\" data-dl-event=\"saber-mas-abajo\" rel=\"nofollow noopener\" target=\"_blank\"><\/p>\n<p class=\"know-more__title\">Fiestas de distritos y barrios de Madrid en 2025: programas completos y fechas<\/p>\n<p>            <img decoding=\"async\" class=\"lazy\" loading=\"lazy\" data-src=\"https:\/\/static.eldiario.es\/clip\/a4939221-b5e0-4d74-8d90-82d1682e127a_16-9-aspect-ratio_default_0.jpg\" src=\"data:image\/svg+xml,%3Csvg xmlns=\" http:=\"\" viewbox=\"0 0 880 495\" alt=\"Fiestas de distritos y barrios de Madrid en 2025: programas completos y fechas\"\/><\/p>\n<p>                        <\/a><\/p>\n<p>            <img decoding=\"async\" class=\"lazy\" loading=\"lazy\" data-src=\"https:\/\/static.eldiario.es\/clip\/302cdb1b-2547-4789-a827-35dbb149e8b4_source-aspect-ratio_default_0.jpg\" src=\"data:image\/svg+xml,%3Csvg xmlns=\" http:=\"\" viewbox=\"0 0 1248 1724\" alt=\"Cartel de las Fiestas del Barrio del Pilar 2025\"\/><\/p>\n<p class=\"article-text\">\n        Este es el programa completo de las Fiestas del Barrio del Pilar 2025:\n    <\/p>\n<p>    <strong>Mi\u00e9rcoles, 8 de octubre<\/strong><\/p>\n<ul>\n<li>19.30 &#8211; Certamen de grupos del barrio con la actuaci\u00f3n de The Talisker Band, Rock\u2019n\u2019Heels, Gatos y Cacos, Dseed (Parque de La Vaguada)<\/li>\n<\/ul>\n<p>    <strong>Jueves, 9 de octubre<\/strong><\/p>\n<ul>\n<li>19.00 &#8211; Pasacalles circense, Grupo Alquimia Circus (Parque de La Vaguada)<\/li>\n<li>20.00 &#8211; Sesi\u00f3n musical a cargo de DJ Pulpo (Parque de La Vaguada)<\/li>\n<li>21.00 &#8211; Apertura y preg\u00f3n de fiestas (Parque de La Vaguada)<\/li>\n<li>22.00 &#8211; Concierto Nacha Pop (Parque de La Vaguada)<\/li>\n<\/ul>\n<p>    <strong>Viernes, 10 de octubre \u2013 Noche Joven<\/strong><\/p>\n<ul>\n<li>21.30 &#8211; Concierto \u00c1lvaro Mayo (Parque de La Vaguada)<\/li>\n<li>23.00 &#8211; Concierto Paula Koops (Parque de La Vaguada)<\/li>\n<li>00.30 &#8211; Concierto JM (Parque de La Vaguada)<\/li>\n<li>01.30 &#8211; Sesi\u00f3n musical Twins Melody (Parque de La Vaguada)<\/li>\n<\/ul>\n<p>    <strong>S\u00e1bado, 11 de octubre \u2013 D\u00eda de la infancia<\/strong><\/p>\n<ul>\n<li>11.00 &#8211; Pasacalles circense, Grupo Alquimia Circus (Parque de La Vaguada)<\/li>\n<li>11.30 a 14.30 y 16.30 a 19.00 &#8211; Actividades infantiles: juegos, roc\u00f3dromo, futbolines, videojuegos, karts&#8230; (Parque de La Vaguada)<\/li>\n<li>12.30 &#8211; Teatro infantil en ingl\u00e9s: \u201cWelcome to the Jungle\u201d, por Kid&amp;Us Vaguada (Parque de La Vaguada)<\/li>\n<li>21.30 &#8211; Concierto Los G Band (tributo a Hombres G) (Parque de La Vaguada)<\/li>\n<li>23.30 &#8211; Concierto Efecto Pasillo (Parque de La Vaguada)<\/li>\n<li>01.30 &#8211; Sesi\u00f3n musical Ardiya (Parque de La Vaguada)<\/li>\n<\/ul>\n<p>    <strong>Domingo, 12 de octubre \u2013 D\u00eda de la Hispanidad \/ D\u00eda de los mayores<\/strong><\/p>\n<ul>\n<li>11.30 &#8211; Desfile de grupos de folclore iberoamericano (Parque de La Vaguada)<\/li>\n<li>12.30 &#8211; Muestra de danza y m\u00fasica de grupos de folclore iberoamericano (Parque de La Vaguada)<\/li>\n<li>18.30 &#8211; Chocolatada con animaci\u00f3n musical (Parque de La Vaguada)<\/li>\n<li>20.00 &#8211; Concierto Shaila D\u00farcal (Parque de La Vaguada)<\/li>\n<li>22.00 &#8211; Fuegos artificiales (Parque de La Alcazaba)<\/li>\n<\/ul>\n<ul>\n<li><strong>Qu\u00e9:\u00a0<\/strong>Fiestas del barrio del Pilar 2025<\/li>\n<li><strong>D\u00f3nde:\u00a0<\/strong>Parque de la Vaguada (Metro Pe\u00f1agrande, L7)<\/li>\n<li><strong>Cu\u00e1ndo:\u00a0<\/strong>Del 8 al 12 de octubre<\/li>\n<li><strong>Cu\u00e1nto:\u00a0<\/strong>Gratis<\/li>\n<\/ul>\n<p>    <strong>Qu\u00e9 hacer hoy en Madrid<\/strong><\/p>\n<p>                    lunes  6 de octubre<\/p>\n<p>                    martes  7 de octubre<\/p>\n<p>                    mi\u00e9rcoles  8 de octubre<\/p>\n","protected":false},"excerpt":{"rendered":"Las tradicionales fiestas del barrio del Pilar tendr\u00e1n lugar del 8 al 12 de octubre con el recinto&hellip;\n","protected":false},"author":2,"featured_media":159716,"comment_status":"","ping_status":"","sticky":false,"template":"","format":"standard","meta":{"footnotes":""},"categories":[91],"tags":[45,7825,1626,4399,3427,146,147,25,24,43,47457,47456,46332,8464,8669,6765,2145,23],"class_list":{"0":"post-159715","1":"post","2":"type-post","3":"status-publish","4":"format-standard","5":"has-post-thumbnail","7":"category-entretenimiento","8":"tag-45","9":"tag-actividades","10":"tag-barrio","11":"tag-completo","12":"tag-efecto","13":"tag-entertainment","14":"tag-entretenimiento","15":"tag-es","16":"tag-espana","17":"tag-fiestas","18":"tag-koops","19":"tag-nacha","20":"tag-pasillo","21":"tag-paula","22":"tag-pilar","23":"tag-pop","24":"tag-programa","25":"tag-spain"},"share_on_mastodon":{"url":"","error":""},"_links":{"self":[{"href":"https:\/\/www.europesays.com\/es\/wp-json\/wp\/v2\/posts\/159715","targetHints":{"allow":["GET"]}}],"collection":[{"href":"https:\/\/www.europesays.com\/es\/wp-json\/wp\/v2\/posts"}],"about":[{"href":"https:\/\/www.europesays.com\/es\/wp-json\/wp\/v2\/types\/post"}],"author":[{"embeddable":true,"href":"https:\/\/www.europesays.com\/es\/wp-json\/wp\/v2\/users\/2"}],"replies":[{"embeddable":true,"href":"https:\/\/www.europesays.com\/es\/wp-json\/wp\/v2\/comments?post=159715"}],"version-history":[{"count":0,"href":"https:\/\/www.europesays.com\/es\/wp-json\/wp\/v2\/posts\/159715\/revisions"}],"wp:featuredmedia":[{"embeddable":true,"href":"https:\/\/www.europesays.com\/es\/wp-json\/wp\/v2\/media\/159716"}],"wp:attachment":[{"href":"https:\/\/www.europesays.com\/es\/wp-json\/wp\/v2\/media?parent=159715"}],"wp:term":[{"taxonomy":"category","embeddable":true,"href":"https:\/\/www.europesays.com\/es\/wp-json\/wp\/v2\/categories?post=159715"},{"taxonomy":"post_tag","embeddable":true,"href":"https:\/\/www.europesays.com\/es\/wp-json\/wp\/v2\/tags?post=159715"}],"curies":[{"name":"wp","href":"https:\/\/api.w.org\/{rel}","templated":true}]}}