{"id":159717,"date":"2025-10-06T17:20:12","date_gmt":"2025-10-06T17:20:12","guid":{"rendered":"https:\/\/www.europesays.com\/es\/159717\/"},"modified":"2025-10-06T17:20:12","modified_gmt":"2025-10-06T17:20:12","slug":"no-invertia-en-nosotros-nos-veia-como-un-peligro","status":"publish","type":"post","link":"https:\/\/www.europesays.com\/es\/159717\/","title":{"rendered":"No invert\u00eda en nosotros, nos ve\u00eda como un peligro"},"content":{"rendered":"<p class=\"description\"><b>Oferta especial<\/b>: Suscr\u00edbete por solo 1,5\u20ac al mes a la revista National Geographic. <b>-64% de descuento.<\/b> \u00a1Solo a los 1000 primeros!<\/p>\n<p class=\"description\"><b>\u00a1NOVEDAD!<\/b> Ya disponible la edici\u00f3n especial <b>El cerebro infantil<\/b> de la colecci\u00f3n Los Secretos del Cerebro de National Geographic.<\/p>\n<p>A principios de octubre de 2010, lleg\u00f3 una red social que lo cambiar\u00eda todo: Instagram. Aunque en su primer d\u00eda \u201csolo\u201d atrajo a 25 mil personas,\u00a0<strong>solamente necesit\u00f3 tres meses (un poco menos) para contar con una base de un mill\u00f3n de usuarios<\/strong>. Supuso un gran hito, ya que durante los dos primeros a\u00f1os de vida de la aplicaci\u00f3n solo estuvo disponible para smartphones iPhone.<\/p>\n<p>Por aquel entonces, <strong>era habitual que las novedades llegaran primero a los tel\u00e9fonos m\u00f3viles inteligentes<\/strong> de la manzana mordida, y que las versiones para Android se lanzasen m\u00e1s tarde. En el caso de Instagram, fue en abril de 2012.<\/p>\n<p>En ese mismo a\u00f1o,\u00a0<strong>apenas 18 meses despu\u00e9s de su aparici\u00f3n, Facebook adquiri\u00f3 Instagram<\/strong>. La compa\u00f1\u00eda de Mark Zuckerberg, que todav\u00eda tardar\u00eda bastante tiempo en rebautizarse como Meta, vio el potencial de la red social y no dud\u00f3 en incorporarla a su cartera: le cost\u00f3 \u201carrebat\u00e1rsela\u201d a sus due\u00f1os mil millones de d\u00f3lares en efectivo y acciones. A partir de ah\u00ed, la popularidad del servicio especializado en la compartici\u00f3n de fotograf\u00edas con filtros vintage se dispar\u00f3, alcanzando los m\u00e1s de 100 millones de usuarios en el mismo 2012.<\/p>\n<p>&#13;<img decoding=\"async\" src=\"https:\/\/www.europesays.com\/es\/wp-content\/uploads\/2025\/10\/linfocitos-atacando-a-celulas-cancerosas_00000000_ee233028_251006132934_800x800.webp.webp\" alt=\"Linfocitos atacando a c\u00e9lulas cancerosas\" class=\"image lazyload\"\/><\/p>\n<p>Instagram lleva 15 a\u00f1os con nosotros. Hace mucho que dej\u00f3 de ser esa red social casual con filtros vintage.\u00a0<strong>La fotograf\u00eda ha pasado a un segundo plano para centrarse en los Reels<\/strong>, el comercio electr\u00f3nico y la inteligencia artificial a trav\u00e9s de herramientas que buscan \u201cmejorar\u201d la experiencia de usuario. Incluso integra funciones de mensajer\u00eda instant\u00e1nea y llamadas de audio y v\u00eddeo. Instagram es la gallina de huevos de oro de Meta y, curiosamente, la compa\u00f1\u00eda no apostaba lo suficiente por ella a nivel de recursos. Lo ha dicho el fundador de la red social.<\/p>\n<p>\u201cFuimos, por mucho, el equipo que m\u00e1s r\u00e1pido creci\u00f3\u201d<\/p>\n<p>\u00a0<\/p>\n<p><img loading=\"lazy\" decoding=\"async\"   src=\"https:\/\/www.europesays.com\/es\/wp-content\/uploads\/2025\/10\/logo-de-instagram_a7c154ce_251001110530_800x1422.webp.webp\" alt=\"Logo de Instagram\" class=\"lazyload\" width=\"800\" height=\"1422\" data-aspectratio=\"800\/1422\"\/>&#13;<\/p>\n<p>Instagram es la tercera red social del mundo por n\u00famero de usuarios, solo por detr\u00e1s de Facebook y WhatsApp, respectivamente<\/p>\n<p>Kevin Systrom es un programado estadounidense reconvertido en empresario conocido por ser el cofundador de Instagram junto a Mike Krieger. Tras graduarse en Stanford, comenz\u00f3 a trabajar con Google, pero la frustraci\u00f3n de no avanzar en la compa\u00f1\u00eda lo llev\u00f3 a unirse a Nexstop, donde hizo el prototipo de Burbn. Este servicio de geolocalizaci\u00f3n y registro permit\u00eda a los usuarios compartir fotos y planes de actividades. Estando de vacaciones en M\u00e9xico con su novia,\u00a0<strong>se le ocurri\u00f3 la idea de utilizar filtros para \u201cenmascarar\u201d la \u201cpobre\u201d calidad de las fotograf\u00edas<\/strong>\u00a0que esta tomaba con su iPhone 4 y que se negaba a publicar por ello.<\/p>\n<p>Esta iniciativa lo llev\u00f3 a abandonar su trabajo para averiguar si Burb pod\u00eda convertirse en una empresa. De la mano de Mike Krieger, convirtieron dicho producto tan complicado por estar lleno de caracter\u00edsticas en uno m\u00e1s sencillo, centrado en compartir fotograf\u00edas. As\u00ed naci\u00f3 Instagram.\u00a0<strong>Se dice que Systrom gan\u00f3 400 millones de d\u00f3lares con el acuerdo<\/strong>\u00a0de venta de Instagram a Facebook, el cual acept\u00f3 porque Zuckerberg y compa\u00f1\u00eda se comprometieron \u201ccon la creaci\u00f3n y crecimiento de Instagram de forma independiente\u201d.<\/p>\n<p>Sin embargo, hace unos meses,\u00a0<strong>Kevin Systrom testific\u00f3 contra Meta<\/strong>\u00a0en un caso en el que la Comisi\u00f3n Federal de Comercio cree que la compa\u00f1\u00eda de redes sociales adquiri\u00f3 tanto Instagram (2012) como\u00a0<a href=\"https:\/\/www.nationalgeographic.com.es\/ciencia\/circulo-azul-meta-asi-funciona-nueva-inteligencia-artificial-que-ya-vive-tu-whatsapp_24586\" rel=\"nofollow noopener\" target=\"_blank\">WhatsApp<\/a>\u00a0(2014) para eliminar a la competencia, pues su influencia podr\u00eda haber restado poder a Facebook y poner en peligro su posici\u00f3n de liderazgo. Systrom se\u00f1al\u00f3 la compra de Instagram como una operaci\u00f3n de \u201ccomprar o enterrar\u201d, logrando as\u00ed un panorama sin rivales.<\/p>\n<blockquote>\n<p>Mark no invert\u00eda en Instagram porque cre\u00eda que \u00e9ramos una amenaza para su crecimiento<\/p>\n<\/blockquote>\n<p>Esta declaraci\u00f3n de Systrom est\u00e1 sustentada en el hecho de que Instagram lleg\u00f3 a alcanzar los mil millones de usuarios (el 40 % del tama\u00f1o de Facebook, aproximadamente) con tan solo mil empleados, frente a los 35 mil trabajadores que tiene la red social ideada por Zuckerberg en los primeros a\u00f1os de la d\u00e9cada de los 2000. Esa\u00a0<strong>falta de inversi\u00f3n fue el desencadenante de la salida de Systrom<\/strong>\u00a0de Instagram en 2018.<\/p>\n<p>\u201cComo fundador de Facebook, sent\u00eda muchas dudas sobre cu\u00e1l era mejor, si Instagram o Facebook. Y creo que all\u00ed se reflejaban profundas emociones humanas\u201d, relat\u00f3 Systrom como conclusi\u00f3n a la actitud de Mark Zuckerberg con Instagram. A ojos del creador de Instagram, el multimillonario no ten\u00eda ninguna raz\u00f3n para no seguir apostando por la plataforma. \u201c<strong>Fuimos, por mucho, el equipo que m\u00e1s r\u00e1pido creci\u00f3. Generamos la mayor cantidad de ingresos<\/strong>\u00a0y, en comparaci\u00f3n con lo que deber\u00edamos haber sido en ese momento, sent\u00ed que deber\u00edamos haber sido mucho m\u00e1s grandes\u201d.<\/p>\n<p>El proceso judicial de la FTC contra Meta por supuesto monopolio ilegal en redes sociales contin\u00faa abierto al momento de escribir estas l\u00edneas. Por su parte, la Comisi\u00f3n Europea tambi\u00e9n ha investigado a la compa\u00f1\u00eda por su dominio en el mercado publicitario digital y el uso de datos combinados entre Facebook, Instagram y WhatsApp.\u00a0<strong>En otros pa\u00edses, como India y Brasil, tambi\u00e9n hay investigaciones en curso por las pr\u00e1cticas de Meta<\/strong>, sobre todo relacionadas con la integraci\u00f3n de WhatsApp en Facebook e Instagram.<\/p>\n<p>Meta, en su defensa, afirma que no tiene un monopolio ilegal de redes sociales, ya que\u00a0<strong>asegura haber en el mercado mucha competencia: TikTok, Snapchat, YouTube, Telegram<\/strong>\u00a0,etc. Sostiene, adem\u00e1s, que las adquisiciones han beneficiado principalmente a los usuarios, al mejorar los servicios de manera gratuita para ellos. Si los reguladores de Estados Unidos y Europa fallan contra Meta, podr\u00edan obligar a la empresa a separar Instagram de WhatsApp.<\/p>\n","protected":false},"excerpt":{"rendered":"Oferta especial: Suscr\u00edbete por solo 1,5\u20ac al mes a la revista National Geographic. -64% de descuento. \u00a1Solo a&hellip;\n","protected":false},"author":2,"featured_media":159718,"comment_status":"","ping_status":"","sticky":false,"template":"","format":"standard","meta":{"footnotes":""},"categories":[81],"tags":[119,123,124,25,24,1408,448,1407,1409,117,121,122,23,118,120,226],"class_list":{"0":"post-159717","1":"post","2":"type-post","3":"status-publish","4":"format-standard","5":"has-post-thumbnail","7":"category-ciencia-y-tecnologia","8":"tag-ciencia","9":"tag-ciencia-y-tecnologia","10":"tag-cienciaytecnologia","11":"tag-es","12":"tag-espana","13":"tag-geographic","14":"tag-historia","15":"tag-national","16":"tag-naturaleza","17":"tag-science","18":"tag-science-and-technology","19":"tag-scienceandtechnology","20":"tag-spain","21":"tag-technology","22":"tag-tecnologia","23":"tag-viajes"},"share_on_mastodon":{"url":"","error":""},"_links":{"self":[{"href":"https:\/\/www.europesays.com\/es\/wp-json\/wp\/v2\/posts\/159717","targetHints":{"allow":["GET"]}}],"collection":[{"href":"https:\/\/www.europesays.com\/es\/wp-json\/wp\/v2\/posts"}],"about":[{"href":"https:\/\/www.europesays.com\/es\/wp-json\/wp\/v2\/types\/post"}],"author":[{"embeddable":true,"href":"https:\/\/www.europesays.com\/es\/wp-json\/wp\/v2\/users\/2"}],"replies":[{"embeddable":true,"href":"https:\/\/www.europesays.com\/es\/wp-json\/wp\/v2\/comments?post=159717"}],"version-history":[{"count":0,"href":"https:\/\/www.europesays.com\/es\/wp-json\/wp\/v2\/posts\/159717\/revisions"}],"wp:featuredmedia":[{"embeddable":true,"href":"https:\/\/www.europesays.com\/es\/wp-json\/wp\/v2\/media\/159718"}],"wp:attachment":[{"href":"https:\/\/www.europesays.com\/es\/wp-json\/wp\/v2\/media?parent=159717"}],"wp:term":[{"taxonomy":"category","embeddable":true,"href":"https:\/\/www.europesays.com\/es\/wp-json\/wp\/v2\/categories?post=159717"},{"taxonomy":"post_tag","embeddable":true,"href":"https:\/\/www.europesays.com\/es\/wp-json\/wp\/v2\/tags?post=159717"}],"curies":[{"name":"wp","href":"https:\/\/api.w.org\/{rel}","templated":true}]}}