{"id":159731,"date":"2025-10-06T17:30:09","date_gmt":"2025-10-06T17:30:09","guid":{"rendered":"https:\/\/www.europesays.com\/es\/159731\/"},"modified":"2025-10-06T17:30:09","modified_gmt":"2025-10-06T17:30:09","slug":"reloj-de-oro-para-evenepoel-en-el-europeo","status":"publish","type":"post","link":"https:\/\/www.europesays.com\/es\/159731\/","title":{"rendered":"Reloj de oro para Evenepoel en el Europeo"},"content":{"rendered":"<p>\n        Contin\u00faa <strong>Remco Evenepoel<\/strong> su vuelo rasante cuando se trata de medirse al crono. Nadie como \u00e9l, maquinar\u00eda perfectamente engranada la suya.\n<\/p>\n<p class=\"article-body__text \">\n        Si en Kigali fue celebrado por doblar a <strong>Tadej Pogacar<\/strong>, en Francia fue festejado por doblar a<strong> Stefan K\u00fcng<\/strong>,  un gran especialista. Qued\u00f3 retratado el suizo, impotente frente a la bola de ca\u00f1\u00f3n que es el belga.\n<\/p>\n<p class=\"article-body__text \">\n        Arco\u00edris en Ruanda, conquistador del <strong>Europeo de crono<\/strong>. Su capacidad para sobresalir en las cronos le sit\u00faa entre los mejores contrarrelojistas de la historia.\n<\/p>\n<p class=\"article-body__text \">\n        En \u00c1frica obtuvo su tercer oro y en Francia se subi\u00f3 a lo m\u00e1s alto del podio tras completar otra portentosa exhibici\u00f3n en un recorrido de 24 kil\u00f3metros entre <strong>Loriol-sur-Dr\u00f4me\u00a0y\u00a0\u00c9toile-sur-Rh\u00f4ne<\/strong> en el que fue capaz de domesticar a<strong> Filippo Ganna<\/strong>, recordman de la hora,  y<strong> Niklas Larsen<\/strong>.\n<\/p>\n<p class=\"article-body__text \">\n        El campe\u00f3n ol\u00edmpico de crono, dorado el casco, aurea la bici, maillot arco\u00edris de estreno, onde\u00f3 su superioridad. Agit\u00f3 la bandera de su jerarqu\u00eda con una victoria inapelable. Rod\u00f3 a <strong>50,6 kil\u00f3metros por hora <\/strong>de media para fijar una marca de 28:26\n<\/p>\n<p class=\"article-photo__footer\">\n            Evenepoel, campe\u00f3n, con Ganna, segundo, y Larsen, tercero.            UCI \/ Getty        <\/p>\n<p class=\"article-body__text \">\n        Plegado sobre s\u00ed mismo, potente y en\u00e9rgico, Evenepoel destroz\u00f3 al resto sin miramientos. Otro golpe de autoridad el suyo, imbatible en la crono.\n<\/p>\n<p class=\"article-body__text \">\n        Ganna, un hombre nacido para dominar la especialidad, es ahora sometido por Evenepoel, una delicia aerodin\u00e1mica y un sublime competidor cuando se trata de pedalear a solas contra el reloj, juez insobornable.\n<\/p>\n<p class=\"article-body__text \">\n        Evenepoel demostr\u00f3 que no tiene rival cuando se trata de enfrentarse al examen del reloj. Su victoria no dej\u00f3 ninguna duda. Venci\u00f3 con 43 segundos de renta respecto al italiano y con una ventaja de 1:08 con al dan\u00e9s.\n<\/p>\n<p class=\"article-body__text \">\n        Con su laurel en el Europeo, Evenepoel cierra el c\u00edrculo perfecto. Campe\u00f3n de su pa\u00eds, de Europa y del Mundo. Evenepoel luce el reloj de oro.<\/p>\n","protected":false},"excerpt":{"rendered":"Contin\u00faa Remco Evenepoel su vuelo rasante cuando se trata de medirse al crono. Nadie como \u00e9l, maquinar\u00eda perfectamente&hellip;\n","protected":false},"author":2,"featured_media":159732,"comment_status":"","ping_status":"","sticky":false,"template":"","format":"standard","meta":{"footnotes":""},"categories":[273],"tags":[313,312,168,25,24,5824,2680,3371,3840,23,167],"class_list":{"0":"post-159731","1":"post","2":"type-post","3":"status-publish","4":"format-standard","5":"has-post-thumbnail","7":"category-ciclismo","8":"tag-ciclismo","9":"tag-cycling","10":"tag-deportes","11":"tag-es","12":"tag-espana","13":"tag-europeo","14":"tag-evenepoel","15":"tag-oro","16":"tag-reloj","17":"tag-spain","18":"tag-sports"},"share_on_mastodon":{"url":"","error":""},"_links":{"self":[{"href":"https:\/\/www.europesays.com\/es\/wp-json\/wp\/v2\/posts\/159731","targetHints":{"allow":["GET"]}}],"collection":[{"href":"https:\/\/www.europesays.com\/es\/wp-json\/wp\/v2\/posts"}],"about":[{"href":"https:\/\/www.europesays.com\/es\/wp-json\/wp\/v2\/types\/post"}],"author":[{"embeddable":true,"href":"https:\/\/www.europesays.com\/es\/wp-json\/wp\/v2\/users\/2"}],"replies":[{"embeddable":true,"href":"https:\/\/www.europesays.com\/es\/wp-json\/wp\/v2\/comments?post=159731"}],"version-history":[{"count":0,"href":"https:\/\/www.europesays.com\/es\/wp-json\/wp\/v2\/posts\/159731\/revisions"}],"wp:featuredmedia":[{"embeddable":true,"href":"https:\/\/www.europesays.com\/es\/wp-json\/wp\/v2\/media\/159732"}],"wp:attachment":[{"href":"https:\/\/www.europesays.com\/es\/wp-json\/wp\/v2\/media?parent=159731"}],"wp:term":[{"taxonomy":"category","embeddable":true,"href":"https:\/\/www.europesays.com\/es\/wp-json\/wp\/v2\/categories?post=159731"},{"taxonomy":"post_tag","embeddable":true,"href":"https:\/\/www.europesays.com\/es\/wp-json\/wp\/v2\/tags?post=159731"}],"curies":[{"name":"wp","href":"https:\/\/api.w.org\/{rel}","templated":true}]}}