{"id":159733,"date":"2025-10-06T17:31:08","date_gmt":"2025-10-06T17:31:08","guid":{"rendered":"https:\/\/www.europesays.com\/es\/159733\/"},"modified":"2025-10-06T17:31:08","modified_gmt":"2025-10-06T17:31:08","slug":"jefe-de-red-bull-no-se-atribuye-ningun-merito-mientras-verstappen-acorta-la-distancia-en-la-f1","status":"publish","type":"post","link":"https:\/\/www.europesays.com\/es\/159733\/","title":{"rendered":"Jefe de Red Bull no se atribuye ning\u00fan m\u00e9rito mientras Verstappen acorta la distancia en la F1"},"content":{"rendered":"<p class=\"com-paragraph   --s\">6 oct (Reuters) &#8211; El jefe de Red Bull, Laurent Mekies, dijo que no tiene ning\u00fan m\u00e9rito por la mejora del rendimiento del equipo de F\u00f3rmula Uno desde que sustituy\u00f3 a Christian Horner en julio.<\/p>\n<p class=\"com-paragraph   --s\">Max Verstappen, cuatro veces campe\u00f3n del mundo, ha ganado dos veces desde la llegada de Mekies hace seis carreras y ha subido al podio en las \u00faltimas cuatro pruebas, terminando segundo en Singapur el fin de semana.<\/p>\n<p class=\"com-paragraph   --s\">Antes de Zandvoort, una carrera en la que termin\u00f3 segundo, Verstappen llevaba cuatro carreras sin subir al podio.<\/p>\n<p class=\"com-paragraph   --s\">\u00abTodav\u00eda es cero, chicos. Sigue siendo cero\u00bb, dijo Mekies a periodistas en Singapur cuando se le pregunt\u00f3 cu\u00e1nto cr\u00e9dito sent\u00eda que pod\u00eda tomar por el cambio de rumbo. \u00abLa mejora en el rendimiento se debe b\u00e1sicamente al trabajo de todos intentando analizar las limitaciones del autom\u00f3vil, carrera tras carrera\u00bb.<\/p>\n<p class=\"com-paragraph   --s\">Verstappen ha pasado de estar a 104 puntos del l\u00edder del Campeonato Pilotos, Oscar Piastri de McLaren, tras el Gran Premio de Pa\u00edses Bajos a finales de agosto, a quedar a 63 unidades del australiano tras la carrera del domingo.<\/p>\n<p class=\"com-paragraph   --s\">A falta de seis grandes premios y tres carreras sprint los s\u00e1bados, Verstappen sigue en la lucha por el t\u00edtulo, aunque con escasas posibilidades.<\/p>\n<p class=\"com-paragraph   --s\">McLaren retuvo su t\u00edtulo de Constructores en Singapur y se espera que haga el doblete y ponga fin a la racha de Verstappen de cuatro coronas consecutivas de pilotos. (Reporte de Alan Baldwin. Editado en espa\u00f1ol por Javier Leira)<\/p>\n","protected":false},"excerpt":{"rendered":"6 oct (Reuters) &#8211; El jefe de Red Bull, Laurent Mekies, dijo que no tiene ning\u00fan m\u00e9rito por&hellip;\n","protected":false},"author":2,"featured_media":159734,"comment_status":"","ping_status":"","sticky":false,"template":"","format":"standard","meta":{"footnotes":""},"categories":[270],"tags":[168,25,24,306,271,272,23,167],"class_list":{"0":"post-159733","1":"post","2":"type-post","3":"status-publish","4":"format-standard","5":"has-post-thumbnail","7":"category-formula-1","8":"tag-deportes","9":"tag-es","10":"tag-espana","11":"tag-f1","12":"tag-formula-1","13":"tag-formula1","14":"tag-spain","15":"tag-sports"},"share_on_mastodon":{"url":"","error":""},"_links":{"self":[{"href":"https:\/\/www.europesays.com\/es\/wp-json\/wp\/v2\/posts\/159733","targetHints":{"allow":["GET"]}}],"collection":[{"href":"https:\/\/www.europesays.com\/es\/wp-json\/wp\/v2\/posts"}],"about":[{"href":"https:\/\/www.europesays.com\/es\/wp-json\/wp\/v2\/types\/post"}],"author":[{"embeddable":true,"href":"https:\/\/www.europesays.com\/es\/wp-json\/wp\/v2\/users\/2"}],"replies":[{"embeddable":true,"href":"https:\/\/www.europesays.com\/es\/wp-json\/wp\/v2\/comments?post=159733"}],"version-history":[{"count":0,"href":"https:\/\/www.europesays.com\/es\/wp-json\/wp\/v2\/posts\/159733\/revisions"}],"wp:featuredmedia":[{"embeddable":true,"href":"https:\/\/www.europesays.com\/es\/wp-json\/wp\/v2\/media\/159734"}],"wp:attachment":[{"href":"https:\/\/www.europesays.com\/es\/wp-json\/wp\/v2\/media?parent=159733"}],"wp:term":[{"taxonomy":"category","embeddable":true,"href":"https:\/\/www.europesays.com\/es\/wp-json\/wp\/v2\/categories?post=159733"},{"taxonomy":"post_tag","embeddable":true,"href":"https:\/\/www.europesays.com\/es\/wp-json\/wp\/v2\/tags?post=159733"}],"curies":[{"name":"wp","href":"https:\/\/api.w.org\/{rel}","templated":true}]}}