{"id":159745,"date":"2025-10-06T17:41:15","date_gmt":"2025-10-06T17:41:15","guid":{"rendered":"https:\/\/www.europesays.com\/es\/159745\/"},"modified":"2025-10-06T17:41:15","modified_gmt":"2025-10-06T17:41:15","slug":"la-factura-de-la-infeccion-por-vrs-en-mayores-de-60-anos-en-espana-285-millones-anuales","status":"publish","type":"post","link":"https:\/\/www.europesays.com\/es\/159745\/","title":{"rendered":"La factura de la infecci\u00f3n por VRS en mayores de 60 a\u00f1os en Espa\u00f1a: 285 millones anuales"},"content":{"rendered":"<p><strong>Redacci\u00f3n<br \/><\/strong>El coste econ\u00f3mico anual de las infecciones por <strong>virus respiratorio sincitial<\/strong> (<strong>VRS<\/strong>) en mayores de 60 a\u00f1os en Espa\u00f1a tienen un coste de alrededor de 285 millones de euros para el sistema sanitario. As\u00ed se desprende del <a href=\"https:\/\/intranet.pacifico-meetings.com\/amsysweb\/faces\/publicacionOnlineDOI.xhtml?id=1002&amp;idComunicacion=241839\" target=\"_blank\" rel=\"noopener nofollow\">estudio \u2018Modelizaci\u00f3n de la carga econ\u00f3mica anual completa del virus respiratorio sincitial en adultos mayores de 60 a\u00f1os en Espa\u00f1a\u2019<\/a>, presentado durante el \u00faltimo <strong>Congreso Nacional de la Sociedad Espa\u00f1ola de M\u00e9dicos Generales y de Familia<\/strong> (<strong><a href=\"https:\/\/www.semg.es\/\" target=\"_blank\" rel=\"noopener nofollow\">SEMG<\/a><\/strong>).<\/p>\n<p>El trabajo toma como referencia los 840.470 episodios de infecci\u00f3n respiratoria aguda estimados que llegar\u00eda a causar el VRS en este grupo etario, m\u00e1s vulnerable a los contagios y con riesgo elevado de sufrir complicaciones graves asociadas a la infecci\u00f3n como consecuencia de la disminuci\u00f3n de la inmunidad relacionada con la edad. Si adem\u00e1s se le a\u00f1ade alguna enfermedad cr\u00f3nica, como la enfermedad pulmonar obstructiva cr\u00f3nica (EPOC), asma o insuficiencia cardiaca, entre otras, este virus puede causar exacerbaciones de su patolog\u00eda y provocar otras complicaciones graves.<\/p>\n<p><a class=\"gofollow\" data-track=\"MjQ5LDcyLDEsNjA=\" href=\"https:\/\/isanidad.com\/341108\/bases-reguladoras-modelo-memoria-iii-edicion-ayudas-investigacion-nutricion\/\" _blank=\"\" rel=\"nofollow noopener\" target=\"_blank\"><img decoding=\"async\" fetchpriority=\"high\" src=\"https:\/\/www.europesays.com\/es\/wp-content\/uploads\/2025\/10\/1759772475_838_Herbalife-III-Incrustado-en-noticia.gif\" width=\"2310\" height=\"390\"\/><\/a><\/p>\n<p>\u201cEste estudio proporciona una primera aproximaci\u00f3n sobre los costes directos de los recursos sanitarios asociados a los casos de enfermedad respiratoria por VRS, como visitas a atenci\u00f3n primaria, hospitalizaciones, uso de antibi\u00f3ticos e ingresos en UCI; as\u00ed como otros costes indirectos, como la p\u00e9rdida de productividad y la asociada a muertes prematuras\u201d, se\u00f1alan los autores del estudio, que ha sido financiado por <strong><a href=\"https:\/\/es.gsk.com\/es-es\/home\/\" target=\"_blank\" rel=\"noopener nofollow\">GSK<\/a><\/strong>.<\/p>\n<p>El estudio supone una \u201cprimera aproximaci\u00f3n sobre los costes directos de los recursos sanitarios asociados a los casos de enfermedad respiratoria por VRS\u201d<\/p>\n<p>El valor del trabajo radica en que mide el impacto econ\u00f3mico en el <strong>Sistema Nacional de Salud<\/strong> (<strong>SNS<\/strong>) y el social de una temporada de VRS en adultos a partir de 60 a\u00f1os. El estudio va m\u00e1s all\u00e1 de los par\u00e1metros tomados como referencia habitualmente, esto es, las hospitalizaciones, y tiene tambi\u00e9n en cuenta todos los niveles asistenciales del sistema sanitario y los impactos sociales por p\u00e9rdida de productividad. Una aproximaci\u00f3n integral que \u201cpermite visualizar de forma global la carga econ\u00f3mica asociada\u201d.<\/p>\n<p>De hecho, se centra especialmente \u201clos costes indirectos\u201d que afectan a personas entre estas edades, detallan los autores. \u201cEst\u00e1 demostrado que el VRS aumenta con la edad y puede provocar incapacidad laboral temporal, menor productividad y, en los casos graves, mortalidad prematura, lo que interrumpe la vida laboral activa. Estos costes se asocian a la p\u00e9rdida de productividad por enfermedad o fallecimiento prematuro. Por ello, es clave abordar el VRS no solo desde lo cl\u00ednico, sino tambi\u00e9n desde lo econ\u00f3mico y social, ampliando la prevenci\u00f3n a toda la poblaci\u00f3n a partir de los 60 a\u00f1os, con foco en los pacientes m\u00e1s vulnerables\u201d, argumentan.<\/p>\n<p><strong>A m\u00e1s edad, m\u00e1s costes<\/strong><\/p>\n<p>De acuerdo con el jefe asociado del Servicio de Neumolog\u00eda del Hospital Universitario Fundaci\u00f3n Jim\u00e9nez D\u00edaz de Madrid y uno de los autores del estudio, el <strong>Dr. Felipe Villar<\/strong>, los resultados muestran que, a partir de los 65 a\u00f1os, sobre todo entre los 75 y 79 a\u00f1os, el impacto sanitario y econ\u00f3mico directo es mayor. Este grupo de edad de pacientes, junto con los pacientes inmunodeprimidos y aquellos con comorbilidades, como las enfermedades respiratorias cr\u00f3nicas, \u201cson quienes acumulan una mayor carga de enfermedad y costes al sistema sanitario\u201d.<\/p>\n<p>En esta l\u00ednea y dado que la infecci\u00f3n por VRS est\u00e1 infradiagnosticada y representa una carga econ\u00f3mica y social significativa para la salud p\u00fablica, el especialista insiste en la necesidad urgente de fortalecer los sistemas de vigilancia y diagn\u00f3stico, as\u00ed como establecer programas y estrategias preventivas dirigidas a la poblaci\u00f3n adulta. \u201cEsta necesidad es especialmente cr\u00edtica en pacientes con enfermedades respiratorias cr\u00f3nicas\u201d, recuerda el Dr. Villar.<\/p>\n<p>Por parte de la responsable del Grupo de Vacunas de la SEMG y coautora del informe, la <strong>Dra. Isabel Jimeno<\/strong>, el estudio \u201cpone de manifiesto la importancia de los costes indirectos, la p\u00e9rdida de productividad no s\u00f3lo por la situaci\u00f3n de incapacidad laboral, sino tambi\u00e9n la p\u00e9rdida de productividad debida a la mortalidad\u201d. Adem\u00e1s a\u00f1ade que hace falta poner en marcha m\u00e1s estudios y diagn\u00f3sticos en primaria para hacer visible esta enfermedad respiratoria.<\/p>\n<p>Los resultados muestran que, a partir de los 65 a\u00f1os, sobre todo entre los 75 y 79 a\u00f1os, el impacto sanitario y econ\u00f3mico directo es mayor<\/p>\n<p><strong>Mercedes Fern\u00e1ndez de Castro<\/strong>, directora del \u00e1rea de Vacunas de GSK Espa\u00f1a, destaca el compromiso de la compa\u00f1\u00eda con la prevenci\u00f3n, a trav\u00e9s de innovaci\u00f3n e investigaci\u00f3n. \u201cEn GSK trabajamos para adelantarnos a la enfermedad y tratar de impactar positivamente en la salud de millones de personas. Estudios como este que nos permiten tener un mayor conocimiento de la carga que supone una enfermedad como el VRS, pueden contribuir a establecer estrategias preventivas adecuadas dirigidas a la poblaci\u00f3n m\u00e1s vulnerable ante esta infecci\u00f3n\u201d.<\/p>\n<p>Y es que, seg\u00fan los datos del an\u00e1lisis, el VRS ser\u00eda responsable cada a\u00f1o de 261.000 visitas a atenci\u00f3n primaria y de 21.000 recetas de antibi\u00f3ticos, adem\u00e1s de 50.000 hospitalizaciones y 8.000 ingresos en UCI en Espa\u00f1a. El VRS conllevar\u00eda 39.000 episodios anuales de complicaciones como neumon\u00eda, exacerbaci\u00f3n asm\u00e1tica o de EPOC, fallo cardiaco o descompensaci\u00f3n diab\u00e9tica. Todo ello genera unos costes sanitarios anuales de unos 220 millones de euros, principalmente derivados de las hospitalizaciones.<\/p>\n","protected":false},"excerpt":{"rendered":"Redacci\u00f3nEl coste econ\u00f3mico anual de las infecciones por virus respiratorio sincitial (VRS) en mayores de 60 a\u00f1os en&hellip;\n","protected":false},"author":2,"featured_media":159746,"comment_status":"","ping_status":"","sticky":false,"template":"","format":"standard","meta":{"footnotes":""},"categories":[92],"tags":[6090,25,24,9853,165,2217,446,166,9857,23,30987],"class_list":{"0":"post-159745","1":"post","2":"type-post","3":"status-publish","4":"format-standard","5":"has-post-thumbnail","7":"category-salud","8":"tag-b1","9":"tag-es","10":"tag-espana","11":"tag-gsk","12":"tag-health","13":"tag-laboratorios","14":"tag-mayores","15":"tag-salud","16":"tag-semg","17":"tag-spain","18":"tag-vrs"},"share_on_mastodon":{"url":"","error":""},"_links":{"self":[{"href":"https:\/\/www.europesays.com\/es\/wp-json\/wp\/v2\/posts\/159745","targetHints":{"allow":["GET"]}}],"collection":[{"href":"https:\/\/www.europesays.com\/es\/wp-json\/wp\/v2\/posts"}],"about":[{"href":"https:\/\/www.europesays.com\/es\/wp-json\/wp\/v2\/types\/post"}],"author":[{"embeddable":true,"href":"https:\/\/www.europesays.com\/es\/wp-json\/wp\/v2\/users\/2"}],"replies":[{"embeddable":true,"href":"https:\/\/www.europesays.com\/es\/wp-json\/wp\/v2\/comments?post=159745"}],"version-history":[{"count":0,"href":"https:\/\/www.europesays.com\/es\/wp-json\/wp\/v2\/posts\/159745\/revisions"}],"wp:featuredmedia":[{"embeddable":true,"href":"https:\/\/www.europesays.com\/es\/wp-json\/wp\/v2\/media\/159746"}],"wp:attachment":[{"href":"https:\/\/www.europesays.com\/es\/wp-json\/wp\/v2\/media?parent=159745"}],"wp:term":[{"taxonomy":"category","embeddable":true,"href":"https:\/\/www.europesays.com\/es\/wp-json\/wp\/v2\/categories?post=159745"},{"taxonomy":"post_tag","embeddable":true,"href":"https:\/\/www.europesays.com\/es\/wp-json\/wp\/v2\/tags?post=159745"}],"curies":[{"name":"wp","href":"https:\/\/api.w.org\/{rel}","templated":true}]}}