{"id":159769,"date":"2025-10-06T18:03:08","date_gmt":"2025-10-06T18:03:08","guid":{"rendered":"https:\/\/www.europesays.com\/es\/159769\/"},"modified":"2025-10-06T18:03:08","modified_gmt":"2025-10-06T18:03:08","slug":"marc-marquez-sufre-una-fractura-en-el-hombro-derecho-y-se-perdera-las-proximas-dos-carreras-motociclismo-deportes","status":"publish","type":"post","link":"https:\/\/www.europesays.com\/es\/159769\/","title":{"rendered":"Marc M\u00e1rquez sufre una fractura en el hombro derecho y se perder\u00e1 las pr\u00f3ximas dos carreras | Motociclismo | Deportes"},"content":{"rendered":"<p class=\"\">Marc M\u00e1rquez lleg\u00f3 al GP de Indonesia con un \u00fanico objetivo para el resto de la temporada: mantener la concentraci\u00f3n elevada y evitar cometer errores<a href=\"\" rel=\"\" title=\"\"> que pudieran terminar en lesiones<\/a>. No pudo cumplir con su cometido el flamante campe\u00f3n del mundo, que <a href=\"\" rel=\"\" title=\"\">termin\u00f3 antes de tiempo<\/a> su participaci\u00f3n en Mandalika tras sufrir un fuerte accidente y da\u00f1arse una vez m\u00e1s su magullado brazo derecho el domingo. Este lunes, tras haber adelantado su retorno a Madrid y pasar revisi\u00f3n m\u00e9dica con su equipo de confianza en el Hospital Internacional Ruber, Ducati confirm\u00f3 que el 93 sufre una fractura en la base de la ap\u00f3fisis coracoides del hombro derecho, un saliente \u00f3seo situado en la porci\u00f3n superior y anterior de la esc\u00e1pula, y que adem\u00e1s sufre una lesi\u00f3n de ligamentos en la misma articulaci\u00f3n.<\/p>\n<p class=\"\">Los doctores Samuel Antu\u00f1a e Ignacio Roger de O\u00f1a, que encabezan los cuidados de M\u00e1rquez desde su traslado a Madrid en 2022, han optado por un tratamiento conservador que implica la inmovilizaci\u00f3n completa del hombro hasta la consolidaci\u00f3n natural de la fractura, con muy poco desplazamiento \u00f3seo. La nueva lesi\u00f3n no ha afectado al h\u00famero ni a la placa de titanio que lo aguanta en su sitio. <\/p>\n<p class=\"\">El plan de recuperaci\u00f3n actual prev\u00e9 que <a href=\"https:\/\/elpais.com\/deportes\/motociclismo\/2025-09-29\/la-gesta-de-marc-marquez-y-los-nombres-de-otros-numeros-uno-que-volvieron-tras-una-grave-lesion.html\" target=\"_self\" rel=\"nofollow noopener\" title=\"https:\/\/elpais.com\/deportes\/motociclismo\/2025-09-29\/la-gesta-de-marc-marquez-y-los-nombres-de-otros-numeros-uno-que-volvieron-tras-una-grave-lesion.html\">el nueve veces campe\u00f3n del mundo<\/a> se salte las pr\u00f3ximas dos citas mundialistas en Australia y Malasia, postergando un hipot\u00e9tico regreso a la competici\u00f3n hasta el mes de noviembre. \u201cPor suerte, la lesi\u00f3n no es grave, pero es importante respetar los tiempos de recuperaci\u00f3n. Mi objetivo es volver antes del final del curso, pero sin apresurar las cosas sin el benepl\u00e1cito de los doctores y sus recomendaciones\u201d, comentaba el piloto en el comunicado oficial del equipo. \u201cTanto mis objetivos personales y como los colectivos del equipo han sido logrados y la prioridad n\u00famero uno ahora es recuperarse adecuadamente y volver al 100%\u201d, a\u00f1ad\u00eda. <\/p>\n<p class=\"\">M\u00e1rquez, a pesar de optar por no tirar m\u00e1s de la cuenta en uno de los pocos trazados que se le resisten y donde ni siquiera ha terminado todav\u00eda un gran premio en cuatro participaciones, fue embestido por Marco Bezzecchi, uno de los favoritos al triunfo con Aprilia, en una de las curvas m\u00e1s veloces de circuito en la primera vuelta del gran premio. El 93 termin\u00f3 golpeando con fuerza la grava y se qued\u00f3 tumbado m\u00e1s de medio minuto antes de levantarse por su propio pie y salir de la zona de peligro.<\/p>\n<p class=\"\">El pobre estado de la escapatoria en esa zona, con piedras demasiado grandes y aparentemente elevadas respecto a la altura del asfalto, fue muy criticado por varios pilotos despu\u00e9s de la carrera. Uno de ellos fue su hermano \u00c1lex, indignado con la escasa seguridad del trazado. \u201cSiempre ocurre lo mismo. Hasta que no pasa nada, no se act\u00faa\u201d, lamentaba en el prepodio en conversaci\u00f3n con el ganador Ferm\u00edn Aldeguer y el segundo clasificado Pedro Acosta. \u201cNosotros queremos dar espect\u00e1culo, pero tenemos que estar m\u00e1s protegidos\u201d, pidi\u00f3 el bicampe\u00f3n en las categor\u00edas intermedias.<\/p>\n<p class=\"\">El mayor de los M\u00e1rquez fue trasladado en un primer momento al centro m\u00e9dico del circuito situado en la isla de Lombok, inmediatamente al este de la tur\u00edstica Bali, donde las primeras observaciones apuntaron a da\u00f1os en el hombro y la clav\u00edcula del mismo brazo derecho que le hundi\u00f3 en la miseria estos \u00faltimos a\u00f1os. La falta de equipamiento adecuado hizo imposible determinar el alcance de la lesi\u00f3n del piloto, que declar\u00f3 sufrir una posible rotura de ligamentos en la clav\u00edcula. El principal responsable m\u00e9dico de la categor\u00eda, el doctor \u00c1ngel Charte, apunt\u00f3 a una posible peque\u00f1a fractura en el hombro del accidentado.<\/p>\n<p class=\"\">Como consecuencia del trompazo y sus consecuencias, el piloto de Cervera, de 32 a\u00f1os, ha cancelado todos sus compromisos medi\u00e1ticos en su retorno a casa como campe\u00f3n del mundo. M\u00e1rquez complet\u00f3 el viaje de regreso a Espa\u00f1a con el brazo en cabestrillo.<\/p>\n<p class=\"\">Adem\u00e1s de las cuatro operaciones en el h\u00famero fracturado en el GP de Espa\u00f1a de 2020, M\u00e1rquez tuvo que ser intervenido del s\u00edndrome compartimental en la misma extremidad en 2023. Ese mismo a\u00f1o se rompi\u00f3 el metacarpiano de la mano derecha y requiri\u00f3 tambi\u00e9n intervenci\u00f3n quir\u00fargica. Rumbo a su impresionante reconquista del cetro en MotoGP este curso, donde ha amasado 11 victorias y 15 podios en 18 citas disputadas, el catal\u00e1n acumul\u00f3 un total de 108 ca\u00eddas, 30 ausencias en grandes premios y siete visitas al quir\u00f3fano entre su octava corona en 2019 y la novena, certificada hace dos domingos en el GP Jap\u00f3n.<\/p>\n<p class=\"\">Jorge Mart\u00edn, que se fractur\u00f3 la clav\u00edcula en la misma cita de Motegi, tambi\u00e9n fue intervenido con \u00e9xito a comienzos de la semana pasada y ahora progresa adecuadamente en su recuperaci\u00f3n. El campe\u00f3n de 2024, tras cuatro intervenciones en un a\u00f1o negro de debut con Aprilia, se ha trasladado esta semana al centro de alto rendimiento que Red Bull tiene en Salzburgo, la cuarta ciudad m\u00e1s poblada de Austria, para optimizar su regreso a la pista.<\/p>\n","protected":false},"excerpt":{"rendered":"Marc M\u00e1rquez lleg\u00f3 al GP de Indonesia con un \u00fanico objetivo para el resto de la temporada: mantener&hellip;\n","protected":false},"author":2,"featured_media":159770,"comment_status":"","ping_status":"","sticky":false,"template":"","format":"standard","meta":{"footnotes":""},"categories":[93],"tags":[22855,1762,168,1764,25,24,13638,14726,16628,22854,1760,23,167],"class_list":{"0":"post-159769","1":"post","2":"type-post","3":"status-publish","4":"format-standard","5":"has-post-thumbnail","7":"category-deportes","8":"tag-alex-marquez","9":"tag-circuitos-velocidad","10":"tag-deportes","11":"tag-deportes-motor","12":"tag-es","13":"tag-espana","14":"tag-marc-marquez","15":"tag-moto-gp","16":"tag-motociclismo","17":"tag-mundial-motociclismo","18":"tag-pilotos-deportivos","19":"tag-spain","20":"tag-sports"},"share_on_mastodon":{"url":"","error":""},"_links":{"self":[{"href":"https:\/\/www.europesays.com\/es\/wp-json\/wp\/v2\/posts\/159769","targetHints":{"allow":["GET"]}}],"collection":[{"href":"https:\/\/www.europesays.com\/es\/wp-json\/wp\/v2\/posts"}],"about":[{"href":"https:\/\/www.europesays.com\/es\/wp-json\/wp\/v2\/types\/post"}],"author":[{"embeddable":true,"href":"https:\/\/www.europesays.com\/es\/wp-json\/wp\/v2\/users\/2"}],"replies":[{"embeddable":true,"href":"https:\/\/www.europesays.com\/es\/wp-json\/wp\/v2\/comments?post=159769"}],"version-history":[{"count":0,"href":"https:\/\/www.europesays.com\/es\/wp-json\/wp\/v2\/posts\/159769\/revisions"}],"wp:featuredmedia":[{"embeddable":true,"href":"https:\/\/www.europesays.com\/es\/wp-json\/wp\/v2\/media\/159770"}],"wp:attachment":[{"href":"https:\/\/www.europesays.com\/es\/wp-json\/wp\/v2\/media?parent=159769"}],"wp:term":[{"taxonomy":"category","embeddable":true,"href":"https:\/\/www.europesays.com\/es\/wp-json\/wp\/v2\/categories?post=159769"},{"taxonomy":"post_tag","embeddable":true,"href":"https:\/\/www.europesays.com\/es\/wp-json\/wp\/v2\/tags?post=159769"}],"curies":[{"name":"wp","href":"https:\/\/api.w.org\/{rel}","templated":true}]}}