{"id":159777,"date":"2025-10-06T18:07:04","date_gmt":"2025-10-06T18:07:04","guid":{"rendered":"https:\/\/www.europesays.com\/es\/159777\/"},"modified":"2025-10-06T18:07:04","modified_gmt":"2025-10-06T18:07:04","slug":"la-agencia-fitch-retoma-el-marcaje-a-ohla-con-una-nota-de-b-mejor-que-la-de-moodys-empresas","status":"publish","type":"post","link":"https:\/\/www.europesays.com\/es\/159777\/","title":{"rendered":"La agencia Fitch retoma el marcaje a OHLA con una nota de \u2018B-\u2019, mejor que la de Moody\u2019s | Empresas"},"content":{"rendered":"<p class=\"\">El endeudamiento de OHLA y su capacidad para pagarlo vuelven a estar bajo la lupa de la agencia de calificaci\u00f3n Fitch Ratings, que ha restablecido su cobertura con una nota corporativa de \u2018B-\u2018 con perspectiva estable (Stable IDR), y de \u2018B\u2019 para OHL Operaciones, S.A.U., que es la filial emisora de los bonos. <\/p>\n<p class=\"\">Las calificaciones de Fitch van desde el \u2018AAA\u2019 que otorga a las compa\u00f1\u00edas m\u00e1s solventes hasta la \u2018D\u2019 que pesa sobre aqu\u00e9llas que tienen mayores posibilidades de incumplir sus compromisos con los acreedores. La letra \u2018B\u2019 que acompa\u00f1a a OHLA habla de una empresa vulnerable si se dan condiciones adversas de mercado. <\/p>\n<p class=\"\">El rating es vital para el precio que pagan las grandes compa\u00f1\u00edas por su deuda. El grupo que preside Luis Amodio vio mejorado el rating corporativo (CFR) <a href=\"https:\/\/cincodias.elpais.com\/companias\/2025-02-25\/moodys-quita-presion-a-ohla-sobre-la-urgencia-de-vender-de-canalejas.html\" target=\"_self\" rel=\"nofollow noopener\" title=\"https:\/\/cincodias.elpais.com\/companias\/2025-02-25\/moodys-quita-presion-a-ohla-sobre-la-urgencia-de-vender-de-canalejas.html\">por parte de Moody\u2019s<\/a> el pasado 13 de marzo, subiendo desde Caa2 a una calificaci\u00f3n de B3. Semanas despu\u00e9s, el 20 de junio, la misma agencia volvi\u00f3 a bajar un escal\u00f3n tanto el rating corporativo como el del bono de OHL Operaciones, quedando ambos en \u2018Caa1\u2032 con perspectiva estable. <\/p>\n<p class=\"\">Este paso atr\u00e1s se produjo tras las <a href=\"https:\/\/cincodias.elpais.com\/companias\/2025-05-23\/ohla-mejora-su-rendimiento-pero-pierde-218-millones-hasta-marzo-por-el-saneamiento-financiero-y-un-dolar-debil.html\" target=\"_self\" rel=\"nofollow noopener\" title=\"https:\/\/cincodias.elpais.com\/companias\/2025-05-23\/ohla-mejora-su-rendimiento-pero-pierde-218-millones-hasta-marzo-por-el-saneamiento-financiero-y-un-dolar-debil.html\">p\u00e9rdidas por 21,8 millones declaradas en el primer trimestre<\/a> y en la antesala de una junta de accionistas rodeada por la pol\u00e9mica: <a href=\"https:\/\/cincodias.elpais.com\/companias\/2025-06-27\/los-amodio-son-reelegidos-al-frente-de-ohla-ante-la-atenuada-oposicion-de-jose-elias.html\" target=\"_self\" rel=\"nofollow noopener\" title=\"https:\/\/cincodias.elpais.com\/companias\/2025-06-27\/los-amodio-son-reelegidos-al-frente-de-ohla-ante-la-atenuada-oposicion-de-jose-elias.html\">los hermanos Amodio med\u00edan sus fuerzas con el inversor Jos\u00e9 El\u00edas<\/a>, que entr\u00f3 en diciembre de 2024 como segundo part\u00edcipe y vicepresidente, y acab\u00f3 denunciando malas pr\u00e1cticas en la gesti\u00f3n del grupo constructor.<\/p>\n<p class=\"\">Ahora, la apreciaci\u00f3n de Fitch es mejor que la de su competidora Moody\u2019s y se produce pese a las p\u00e9rdidas de OHLA en el primer semestre, entre mayores gastos por la reestructuraci\u00f3n financiera llevada a cabo a primeros de a\u00f1o. Los n\u00fameros rojos se elevan a 29,7 millones (frente a los 34 millones en rojo de un a\u00f1o antes), mientras el resultado bruto de explotaci\u00f3n crec\u00eda hasta los 84 millones (+46,3%).<\/p>\n<p class=\"\">En los cinco a\u00f1os que han pasado desde que los inversores mexicanos tomaron las riendas en lugar de la familia Villar Mir, OHLA ha logrado elevar sus ventas un 47% mientras la cartera de contratos ha dado un salto del 86%, hasta superar los 9.000 millones de euros. La deuda, por su parte, ha adelgazado en 537 millones. La compa\u00f1\u00eda ha sido sometida a tres ampliaciones de capital en los \u00faltimos meses, las dos primeras <a href=\"https:\/\/cincodias.elpais.com\/companias\/2025-01-31\/ohla-cierra-su-segunda-ampliacion-de-capital-con-fuerte-demanda-y-capta-el-maximo-previsto-un-total-de-150-millones.html\" rel=\"nofollow noopener\" title=\"https:\/\/cincodias.elpais.com\/companias\/2025-01-31\/ohla-cierra-su-segunda-ampliacion-de-capital-con-fuerte-demanda-y-capta-el-maximo-previsto-un-total-de-150-millones.html\" target=\"_blank\">por un total de 150 millones<\/a>, entre diciembre y febrero, fueron las que dieron entrada al citado Jos\u00e9 El\u00edas y un grupo de inversores de su confianza. Ya el pasado mes de mayo, OHLA fue recapitalizada con otros<a href=\"https:\/\/cincodias.elpais.com\/companias\/2025-05-16\/ohla-cierra-su-ampliacion-de-50-millones-con-sobredemanda-y-el-refuerzo-de-los-amodio.html\" rel=\"nofollow noopener\" title=\"https:\/\/cincodias.elpais.com\/companias\/2025-05-16\/ohla-cierra-su-ampliacion-de-50-millones-con-sobredemanda-y-el-refuerzo-de-los-amodio.html\" target=\"_blank\"> 50 millones<\/a> para cubrir la ejecuci\u00f3n de un aval <a href=\"https:\/\/cincodias.elpais.com\/companias\/2025-03-21\/ohla-debera-pagar-avales-de-398-millones-de-euros-a-kuwait-por-la-joint-venture-con-rizzani-de-echer.html\" rel=\"nofollow noopener\" title=\"https:\/\/cincodias.elpais.com\/companias\/2025-03-21\/ohla-debera-pagar-avales-de-398-millones-de-euros-a-kuwait-por-la-joint-venture-con-rizzani-de-echer.html\" target=\"_blank\">por un litigio en Kuwait<\/a>. Tras estas operaciones, la familia Amodio ha mantenido un porcentaje del 21,6% en el capital; el tambi\u00e9n mexicano Andr\u00e9s Holzer atesora un 8,4%, y la participaci\u00f3n de El\u00edas est\u00e1 en el entorno del 8,6%.<\/p>\n<p class=\"\">OHLA cuenta con un <a href=\"https:\/\/cincodias.elpais.com\/companias\/2025-05-06\/ohla-aprueba-un-plan-estrategico-con-recorte-de-costes-mas-caja-y-el-doble-de-ebitda.html\" rel=\"nofollow noopener\" title=\"https:\/\/cincodias.elpais.com\/companias\/2025-05-06\/ohla-aprueba-un-plan-estrategico-con-recorte-de-costes-mas-caja-y-el-doble-de-ebitda.html\" target=\"_blank\">plan estrat\u00e9gico 2025-2029<\/a> con el objetivo de mejorar los m\u00e1rgenes, lograr mayor actividad en EE UU, impulsar de nuevo la divisi\u00f3n de concesiones y rebajar el endeudamiento. Su previsi\u00f3n pasa por un aumento promedio anual del 5% en los ingresos, hasta llegar a los 5.000 millones en 2029. El ebitda, por su parte, debe mejorar del 15% al 17% en el periodo, hasta los 300 millones. <\/p>\n<p class=\"\">La ratio de apalancamiento (ebitda frente a deuda bruta con recurso) part\u00eda de 11,2 veces al cierre de 2019 y baja hasta el actual m\u00faltiplo de 2,2 veces mientras se mantienen planes de desinversi\u00f3n en activos no estrat\u00e9gicos como el 50% en el desarrollo hotelero y comercial de Canalejas (Madrid) y la divisi\u00f3n de servicios encabezada por la filial Ingesan. Tambi\u00e9n est\u00e1 en marcha un plan de eficiencia valorado en 40 millones.<\/p>\n","protected":false},"excerpt":{"rendered":"El endeudamiento de OHLA y su capacidad para pagarlo vuelven a estar bajo la lupa de la agencia&hellip;\n","protected":false},"author":2,"featured_media":159778,"comment_status":"","ping_status":"","sticky":false,"template":"","format":"standard","meta":{"footnotes":""},"categories":[80],"tags":[38013,47479,82,5297,25776,95,94,2308,25,24,43967,43968,7894,23],"class_list":{"0":"post-159777","1":"post","2":"type-post","3":"status-publish","4":"format-standard","5":"has-post-thumbnail","7":"category-economia","8":"tag-agencias-calificacion","9":"tag-bonos-corporativos","10":"tag-business","11":"tag-construccion","12":"tag-deuda-corporativa","13":"tag-economia","14":"tag-economy","15":"tag-empresas","16":"tag-es","17":"tag-espana","18":"tag-fitch-ibca","19":"tag-moodys","20":"tag-ohla","21":"tag-spain"},"share_on_mastodon":{"url":"","error":""},"_links":{"self":[{"href":"https:\/\/www.europesays.com\/es\/wp-json\/wp\/v2\/posts\/159777","targetHints":{"allow":["GET"]}}],"collection":[{"href":"https:\/\/www.europesays.com\/es\/wp-json\/wp\/v2\/posts"}],"about":[{"href":"https:\/\/www.europesays.com\/es\/wp-json\/wp\/v2\/types\/post"}],"author":[{"embeddable":true,"href":"https:\/\/www.europesays.com\/es\/wp-json\/wp\/v2\/users\/2"}],"replies":[{"embeddable":true,"href":"https:\/\/www.europesays.com\/es\/wp-json\/wp\/v2\/comments?post=159777"}],"version-history":[{"count":0,"href":"https:\/\/www.europesays.com\/es\/wp-json\/wp\/v2\/posts\/159777\/revisions"}],"wp:featuredmedia":[{"embeddable":true,"href":"https:\/\/www.europesays.com\/es\/wp-json\/wp\/v2\/media\/159778"}],"wp:attachment":[{"href":"https:\/\/www.europesays.com\/es\/wp-json\/wp\/v2\/media?parent=159777"}],"wp:term":[{"taxonomy":"category","embeddable":true,"href":"https:\/\/www.europesays.com\/es\/wp-json\/wp\/v2\/categories?post=159777"},{"taxonomy":"post_tag","embeddable":true,"href":"https:\/\/www.europesays.com\/es\/wp-json\/wp\/v2\/tags?post=159777"}],"curies":[{"name":"wp","href":"https:\/\/api.w.org\/{rel}","templated":true}]}}