{"id":159814,"date":"2025-10-06T18:40:11","date_gmt":"2025-10-06T18:40:11","guid":{"rendered":"https:\/\/www.europesays.com\/es\/159814\/"},"modified":"2025-10-06T18:40:11","modified_gmt":"2025-10-06T18:40:11","slug":"mekies-dice-no-tener-meritos-por-mejoria-de-red-bull","status":"publish","type":"post","link":"https:\/\/www.europesays.com\/es\/159814\/","title":{"rendered":"Mekies dice no tener m\u00e9ritos por mejor\u00eda de Red Bull"},"content":{"rendered":"<p class=\"gr_datos_tiempo\">01 MIN 30 SEG<\/p>\n<p class=\"gr_datos_autor\">Reuters<\/p>\n<p class=\"gr_datos_lugar_fecha\">Singapur, Singapur (06 octubre 2025) .-12:22 hrs<\/p>\n<p><img decoding=\"async\" id=\"imgCerrarSticky\" style=\"display:none;\" class=\"stickyImg\" onclick=\"cerrarSticky()\" src=\"https:\/\/www.europesays.com\/es\/wp-content\/uploads\/2025\/07\/btn_cerrar.png\"\/><img decoding=\"async\" src=\"https:\/\/www.europesays.com\/es\/wp-content\/uploads\/2025\/09\/1757026390_774_expande.png\" alt=\"\"\/><img decoding=\"async\" src=\"https:\/\/www.europesays.com\/es\/wp-content\/uploads\/2025\/10\/6041689.jpg&#038;imagencompleta=1.jpeg\" alt=\"Laurent Mekies, jefe de Red Bull, mencion\u00f3 que no tiene m\u00e9ritos en la mejor\u00eda del equipo en los \u00faltimos Grandes Premios.\" class=\"imgArt zoomable-image\"\/><\/p>\n<p class=\"gr_pie_de_foto\">Laurent Mekies, jefe de Red Bull, mencion\u00f3 que no tiene m\u00e9ritos en la mejor\u00eda del equipo en los \u00faltimos Grandes Premios. Cr\u00e9dito: AP<\/p>\n<p>El jefe de <strong>Red Bull<\/strong>, <strong>Laurent Mekies<\/strong>, dijo que no tiene ning\u00fan m\u00e9rito por la <strong>mejora del rendimiento del equipo<\/strong> de F\u00f3rmula Uno desde que sustituy\u00f3 a Christian Horner en julio.<\/p>\n<p><img decoding=\"async\" width=\"35px\" height=\"35px\" style=\"display:none;\" src=\"https:\/\/www.europesays.com\/es\/wp-content\/uploads\/2025\/09\/contrae2.png\" alt=\"\" id=\"closeM\"\/><img class=\"modal-content\"\/><\/p>\n","protected":false},"excerpt":{"rendered":"01 MIN 30 SEG Reuters Singapur, Singapur (06 octubre 2025) .-12:22 hrs Laurent Mekies, jefe de Red Bull,&hellip;\n","protected":false},"author":2,"featured_media":159815,"comment_status":"","ping_status":"","sticky":false,"template":"","format":"standard","meta":{"footnotes":""},"categories":[270],"tags":[1763,1679,168,25,47492,24,306,271,3603,272,6517,7529,2099,47491,19661,212,23,167],"class_list":{"0":"post-159814","1":"post","2":"type-post","3":"status-publish","4":"format-standard","5":"has-post-thumbnail","7":"category-formula-1","8":"tag-automovilismo","9":"tag-cancha","10":"tag-deportes","11":"tag-es","12":"tag-escuderia-austriaca","13":"tag-espana","14":"tag-f1","15":"tag-formula-1","16":"tag-formula-uno","17":"tag-formula1","18":"tag-jefe-de-equipo","19":"tag-laurent-mekies","20":"tag-max-verstappen","21":"tag-meritos","22":"tag-monoplaza","23":"tag-red-bull","24":"tag-spain","25":"tag-sports"},"share_on_mastodon":{"url":"","error":""},"_links":{"self":[{"href":"https:\/\/www.europesays.com\/es\/wp-json\/wp\/v2\/posts\/159814","targetHints":{"allow":["GET"]}}],"collection":[{"href":"https:\/\/www.europesays.com\/es\/wp-json\/wp\/v2\/posts"}],"about":[{"href":"https:\/\/www.europesays.com\/es\/wp-json\/wp\/v2\/types\/post"}],"author":[{"embeddable":true,"href":"https:\/\/www.europesays.com\/es\/wp-json\/wp\/v2\/users\/2"}],"replies":[{"embeddable":true,"href":"https:\/\/www.europesays.com\/es\/wp-json\/wp\/v2\/comments?post=159814"}],"version-history":[{"count":0,"href":"https:\/\/www.europesays.com\/es\/wp-json\/wp\/v2\/posts\/159814\/revisions"}],"wp:featuredmedia":[{"embeddable":true,"href":"https:\/\/www.europesays.com\/es\/wp-json\/wp\/v2\/media\/159815"}],"wp:attachment":[{"href":"https:\/\/www.europesays.com\/es\/wp-json\/wp\/v2\/media?parent=159814"}],"wp:term":[{"taxonomy":"category","embeddable":true,"href":"https:\/\/www.europesays.com\/es\/wp-json\/wp\/v2\/categories?post=159814"},{"taxonomy":"post_tag","embeddable":true,"href":"https:\/\/www.europesays.com\/es\/wp-json\/wp\/v2\/tags?post=159814"}],"curies":[{"name":"wp","href":"https:\/\/api.w.org\/{rel}","templated":true}]}}