{"id":159817,"date":"2025-10-06T18:42:12","date_gmt":"2025-10-06T18:42:12","guid":{"rendered":"https:\/\/www.europesays.com\/es\/159817\/"},"modified":"2025-10-06T18:42:12","modified_gmt":"2025-10-06T18:42:12","slug":"laliga-denuncia-insultos-a-alfonso-herrero-einar-y-al-malaga-en-el-ultimo-partido-del-burgos-cf","status":"publish","type":"post","link":"https:\/\/www.europesays.com\/es\/159817\/","title":{"rendered":"LaLiga denuncia insultos a Alfonso Herrero, Einar y al M\u00e1laga en el \u00faltimo partido del Burgos CF"},"content":{"rendered":"<p>Por segunda semana consecutiva, <a href=\"https:\/\/www.diariodeburgos.es\/noticia\/z4cc31f93-9808-4f48-8656cf5c25c75f36\/202509\/denuncian-insultos-al-arbitro-y-a-zidane-en-el-burgos-granada\" target=\"_blank\" rel=\"nofollow noopener\">como ya ocurriera contra el Granada<\/a>, LaLiga ha denunciado los insultos escuchados en El Plant\u00edo durante un partido del Burgos CF. En esta ocasi\u00f3n, los c\u00e1nticos se dirigieron contra el M\u00e1laga CF, su portero, Alfonso Herrero -que visti\u00f3 de blanquinegro en la 2021-22, <a href=\"https:\/\/www.diariodeburgos.es\/noticia\/zac679e5b-f7e7-d2f1-87fd5f92f123291b\/202207\/alfonso-el-mirandes-es-un-paso-adelante-en-mi-carrera\" target=\"_blank\" rel=\"nofollow noopener\">antes de irse al Mirand\u00e9s<\/a>&#8211; y el defensa Einar Galilea a lo largo del encuentro entre burgaleses y malacitanos, correspondiente a la s\u00e9ptima jornada de LaLiga Hypermotion, disputado el domingo a orillas del Arlanz\u00f3n.<\/p>\n<p>Seg\u00fan el escrito\u00a0de denuncia remitido al Comit\u00e9 de Competici\u00f3n de la Real Federaci\u00f3n Espa\u00f1ola de F\u00fatbol y a la Comisi\u00f3n Antiviolencia, y de acuerdo a la informaci\u00f3n aportada por el representante oficial de Liga Nacional de F\u00fatbol Profesional en el encuentro, un grupo de aficionados del Burgos CF pertenecientes al grupo de animaci\u00f3n La Hinchada del Arlanz\u00f3n, ubicados tras la porter\u00eda del Fondo Sur, entonaron \u00abde forma coral y coordinada\u00bb durante algunos segundos el c\u00e1ntico &#8216;<strong>eh, cabr\u00f3n<\/strong>&#8216; coincidiendo con varios saques del meta del M\u00e1laga, <strong>Alfonso Herrero<\/strong>. Esto se produjo en los minutos 3, 17 y 47 de partido.\u00a0<\/p>\n<p>Pasada la media hora de juego,\u00a0desde la misma grada de animaci\u00f3n se escuch\u00f3 durante unos segundos el c\u00e1ntico &#8216;<strong>Puta M\u00e1laga, puta M\u00e1laga<\/strong>&#8216;. Y justo antes de comenzar la segunda parte, y tambi\u00e9n a un cuarto de hora del pitido final, un grupo de aficionados locales ubicados tras la porter\u00eda de Fondo Sur se volvieron a acordar del exportero blanquinegro: &#8216;<strong>Es una rata, Alfonso es una rata, es una rata<\/strong>&#8216;, se escuch\u00f3 en referencia a Alfonso Herrero.<\/p>\n<p>Por \u00faltimo, el informe de LaLiga recoge igualmente los c\u00e1nticos &#8216;<strong>p\u00edsalo, p\u00edsalo<\/strong>&#8216;, en referencia a un jugador visitante que estaba en el suelo, y &#8216;<strong>tonto, tonto<\/strong>&#8216; hacia el defensa malaguista <strong>Einar Galilea <\/strong>tras ser expulsado m\u00e1s all\u00e1 del minuto 90. Si bien\u00a0matiza que los hechos ocurrieron \u00fanicamente detr\u00e1s de la porter\u00eda del Fondo Sur, \u00abmanteniendo el resto de los aficionados locales presentes en el estadio un comportamiento adecuado\u00bb.<\/p>\n<p>Cabe recordar que cada semana\u00a0LaLiga remite un escrito de denuncia a Competici\u00f3n y a Antiviolencia con aquellos c\u00e1nticos que se producen en los encuentros de f\u00fatbol que inciten a la violencia o tengan un contenido insultante o intolerante. Estos c\u00e1nticos aparecen recogidos como comportamientos prohibidos y por tanto sancionables, tanto en el C\u00f3digo de Disciplina Deportiva de la RFEF como en la Legislaci\u00f3n contra la violencia, el racismo, la xenofobia y la intolerancia en el deporte.<\/p>\n","protected":false},"excerpt":{"rendered":"Por segunda semana consecutiva, como ya ocurriera contra el Granada, LaLiga ha denunciado los insultos escuchados en El&hellip;\n","protected":false},"author":2,"featured_media":159818,"comment_status":"","ping_status":"","sticky":false,"template":"","format":"standard","meta":{"footnotes":""},"categories":[268],"tags":[20879,10221,13931,2770,168,25,24,280,282,18015,4174,1963,281,23,167],"class_list":{"0":"post-159817","1":"post","2":"type-post","3":"status-publish","4":"format-standard","5":"has-post-thumbnail","7":"category-futbol","8":"tag-alfonso-herrero","9":"tag-burgos-cf","10":"tag-comite-de-competicion","11":"tag-complejo-deportivo-el-plantio","12":"tag-deportes","13":"tag-es","14":"tag-espana","15":"tag-football","16":"tag-futbol","17":"tag-granada-cf","18":"tag-laliga-hypermotion","19":"tag-malaga-cf","20":"tag-soccer","21":"tag-spain","22":"tag-sports"},"share_on_mastodon":{"url":"","error":""},"_links":{"self":[{"href":"https:\/\/www.europesays.com\/es\/wp-json\/wp\/v2\/posts\/159817","targetHints":{"allow":["GET"]}}],"collection":[{"href":"https:\/\/www.europesays.com\/es\/wp-json\/wp\/v2\/posts"}],"about":[{"href":"https:\/\/www.europesays.com\/es\/wp-json\/wp\/v2\/types\/post"}],"author":[{"embeddable":true,"href":"https:\/\/www.europesays.com\/es\/wp-json\/wp\/v2\/users\/2"}],"replies":[{"embeddable":true,"href":"https:\/\/www.europesays.com\/es\/wp-json\/wp\/v2\/comments?post=159817"}],"version-history":[{"count":0,"href":"https:\/\/www.europesays.com\/es\/wp-json\/wp\/v2\/posts\/159817\/revisions"}],"wp:featuredmedia":[{"embeddable":true,"href":"https:\/\/www.europesays.com\/es\/wp-json\/wp\/v2\/media\/159818"}],"wp:attachment":[{"href":"https:\/\/www.europesays.com\/es\/wp-json\/wp\/v2\/media?parent=159817"}],"wp:term":[{"taxonomy":"category","embeddable":true,"href":"https:\/\/www.europesays.com\/es\/wp-json\/wp\/v2\/categories?post=159817"},{"taxonomy":"post_tag","embeddable":true,"href":"https:\/\/www.europesays.com\/es\/wp-json\/wp\/v2\/tags?post=159817"}],"curies":[{"name":"wp","href":"https:\/\/api.w.org\/{rel}","templated":true}]}}