{"id":159819,"date":"2025-10-06T18:43:15","date_gmt":"2025-10-06T18:43:15","guid":{"rendered":"https:\/\/www.europesays.com\/es\/159819\/"},"modified":"2025-10-06T18:43:15","modified_gmt":"2025-10-06T18:43:15","slug":"se-muda-a-republica-dominicana","status":"publish","type":"post","link":"https:\/\/www.europesays.com\/es\/159819\/","title":{"rendered":"Se muda a Rep\u00fablica Dominicana"},"content":{"rendered":"<p class=\"paragraph\"><b>Isabel Pantoja ha decidido cambiar de residencia, <\/b>y su destino es Rep\u00fablica Dominicana, algo que ya han hecho otros artistas espa\u00f1oles destacados como el canario Danny Daniel, <a href=\"https:\/\/www.heraldo.es\/noticias\/sociedad\/2014\/10\/21\/oscar_renta_referente_mundial_moda_que_olvido_sus_raices_317315_310.html\" title=\"De la Renta, el referente mundial de la moda que no olvid\u00f3 sus ra\u00edces\" rel=\"nofollow noopener\" target=\"_blank\">Julio Iglesias<\/a> o, hace una d\u00e9cada, Diego El Cigala. As\u00ed lo asegura Antonio Rossi, veterano colaborador de Telecinco especializado en las vicisitudes del clan Pantoja.\u00a0 Tambi\u00e9n han fijado su residencia en Dominicana estrellas de la m\u00fasica latina como los puertorrique\u00f1os Gilberto Santa Rosa o Danny Rivera y el venezolano Ricardo Montaner.\u00a0<\/p>\n<p class=\"paragraph\">Las deudas de Cantora con Hacienda y diversas entidades financieras, <a href=\"https:\/\/www.heraldo.es\/noticias\/ocio-y-cultura\/2025\/08\/16\/escandalosa-cifra-podria-cobrar-isabel-pantoja-serie-documental-ficcion-1847370.html\" title=\"Isabel Pantoja: 10 millones de euros por contar su vida en un documental y una serie\" rel=\"nofollow noopener\" target=\"_blank\">la nula relaci\u00f3n con sus hijos Kiko e Isabel<\/a> y las deudas de la finca han pesado en la decisi\u00f3n de Isabel Pantoja, que seg\u00fan Rossi har\u00eda \u201cuna parada intermedia\u201d no especificada antes de asentarse definitivamente en suelo dominicano.<\/p>\n<p class=\"paragraph\">El hermano de Isabel, Agust\u00edn, est\u00e1 supervisando el desmantelamiento de la finca, que pasar\u00eda a manos de un grupo inversor; para su explotaci\u00f3n hay varias opciones, desde un centro cultural con museo dedicado a Paquirri a un complejo hotelero. <b>Cantora est\u00e1 en suelo gaditano, en el t\u00e9rmino municipal de Medina Sidonia, <\/b>y muy cerca de la popular Vejer de la Frontera.<\/p>\n<p class=\"paragraph\">Telecinco emiti\u00f3 im\u00e1genes de un cami\u00f3n de mudanzas cargando enseres y muebles con destino ulterior al puerto de C\u00e1diz. \u201cCantora ya no es un lugar para vivir ni para mantener. <b>Econ\u00f3micamente es insostenible. <\/b>El nuevo centro de operaciones ser\u00e1 Rep\u00fablica Dominicana, desde donde intentar\u00e1 relanzar su carrera internacional\u201d, dijo Rossi.<\/p>\n<p class=\"paragraph\">Cantora tiene 500 hect\u00e1reas de terreno, que incluyen tierras de cultivo, dehesa, cuadra y una peque\u00f1a plaza de toros, adem\u00e1s del edificio principal de dos plantas y peque\u00f1as edificaciones asistenciales. Isabel Pantoja se estableci\u00f3 de manera fija all\u00e1 <b>tras la fatal cogida de su marido, el diestro Francisco Rivera \u2018Paquirri\u2019, <\/b>en la plaza de toros de Pozoblanco (C\u00f3rdoba), el \u00a026 de septiembre de 1984. Paquirri muri\u00f3 en el hospital Militar de C\u00f3rdoba horas despu\u00e9s del suceso, a consecuencia de la extrema gravedad de las heridas sufridas.<\/p>\n","protected":false},"excerpt":{"rendered":"Isabel Pantoja ha decidido cambiar de residencia, y su destino es Rep\u00fablica Dominicana, algo que ya han hecho&hellip;\n","protected":false},"author":2,"featured_media":159820,"comment_status":"","ping_status":"","sticky":false,"template":"","format":"standard","meta":{"footnotes":""},"categories":[174],"tags":[255,146,147,25,24,256,6370,185,19665,23,692],"class_list":{"0":"post-159819","1":"post","2":"type-post","3":"status-publish","4":"format-standard","5":"has-post-thumbnail","7":"category-famosos","8":"tag-celebrities","9":"tag-entertainment","10":"tag-entretenimiento","11":"tag-es","12":"tag-espana","13":"tag-famosos","14":"tag-isabel-pantoja","15":"tag-musica","16":"tag-republica-dominicana","17":"tag-spain","18":"tag-telecinco"},"share_on_mastodon":{"url":"","error":""},"_links":{"self":[{"href":"https:\/\/www.europesays.com\/es\/wp-json\/wp\/v2\/posts\/159819","targetHints":{"allow":["GET"]}}],"collection":[{"href":"https:\/\/www.europesays.com\/es\/wp-json\/wp\/v2\/posts"}],"about":[{"href":"https:\/\/www.europesays.com\/es\/wp-json\/wp\/v2\/types\/post"}],"author":[{"embeddable":true,"href":"https:\/\/www.europesays.com\/es\/wp-json\/wp\/v2\/users\/2"}],"replies":[{"embeddable":true,"href":"https:\/\/www.europesays.com\/es\/wp-json\/wp\/v2\/comments?post=159819"}],"version-history":[{"count":0,"href":"https:\/\/www.europesays.com\/es\/wp-json\/wp\/v2\/posts\/159819\/revisions"}],"wp:featuredmedia":[{"embeddable":true,"href":"https:\/\/www.europesays.com\/es\/wp-json\/wp\/v2\/media\/159820"}],"wp:attachment":[{"href":"https:\/\/www.europesays.com\/es\/wp-json\/wp\/v2\/media?parent=159819"}],"wp:term":[{"taxonomy":"category","embeddable":true,"href":"https:\/\/www.europesays.com\/es\/wp-json\/wp\/v2\/categories?post=159819"},{"taxonomy":"post_tag","embeddable":true,"href":"https:\/\/www.europesays.com\/es\/wp-json\/wp\/v2\/tags?post=159819"}],"curies":[{"name":"wp","href":"https:\/\/api.w.org\/{rel}","templated":true}]}}