{"id":159821,"date":"2025-10-06T18:45:08","date_gmt":"2025-10-06T18:45:08","guid":{"rendered":"https:\/\/www.europesays.com\/es\/159821\/"},"modified":"2025-10-06T18:45:08","modified_gmt":"2025-10-06T18:45:08","slug":"ultimas-unidades-de-rip-cooltivarte-portal","status":"publish","type":"post","link":"https:\/\/www.europesays.com\/es\/159821\/","title":{"rendered":"Ultimas unidades de RIP &#8211; Cooltivarte Portal"},"content":{"rendered":"<p>\t\t\t\t<a href=\"https:\/\/cooltivarte.com\/portal\/author\/cooltivarte\/\" rel=\"nofollow noopener\" target=\"_blank\"><br \/>\n\t\t\t\t\tCooltivarte\t\t\t\t<\/a><\/p>\n<p class=\"jeg_author_desc\">\n\t\t\t\tSomos COOLTIVARTE.COM. Un portal digital dedicado a difundir el acontecer art\u00edstico y cultural del Uruguay.&#13;<br \/>\n&#13;<br \/>\nEstamos en la vuelta desde el a\u00f1o 2003, y como evoluci\u00f3n del bolet\u00edn Obolo Cultural, nos encontramos abocados a apoyar a los artistas nacionales brind\u00e1ndoles un espacio de difusi\u00f3n.&#13;<br \/>\n&#13;<br \/>\nCreemos en la idea de utilizar la potencialidad  que hoy d\u00eda nos otorga la web, para que la cultura uruguaya y sus creadores dispongan de una din\u00e1mica ventana, que los ponga en contacto entre s\u00ed y con el mundo.&#13;<br \/>\n&#13;<br \/>\nSomos COOLTIVARTE.COM y pretendemos  configurarnos como un portal din\u00e1mico, entretenido  y atento a los nuevos emprendimientos, que busque siempre la interacci\u00f3n con los artistas.\t\t\t<\/p>\n","protected":false},"excerpt":{"rendered":"Cooltivarte Somos COOLTIVARTE.COM. Un portal digital dedicado a difundir el acontecer art\u00edstico y cultural del Uruguay.&#13; &#13; Estamos&hellip;\n","protected":false},"author":2,"featured_media":159822,"comment_status":"","ping_status":"","sticky":false,"template":"","format":"standard","meta":{"footnotes":""},"categories":[172],"tags":[224,146,147,25,24,225,23],"class_list":{"0":"post-159821","1":"post","2":"type-post","3":"status-publish","4":"format-standard","5":"has-post-thumbnail","7":"category-libros","8":"tag-books","9":"tag-entertainment","10":"tag-entretenimiento","11":"tag-es","12":"tag-espana","13":"tag-libros","14":"tag-spain"},"share_on_mastodon":{"url":"","error":""},"_links":{"self":[{"href":"https:\/\/www.europesays.com\/es\/wp-json\/wp\/v2\/posts\/159821","targetHints":{"allow":["GET"]}}],"collection":[{"href":"https:\/\/www.europesays.com\/es\/wp-json\/wp\/v2\/posts"}],"about":[{"href":"https:\/\/www.europesays.com\/es\/wp-json\/wp\/v2\/types\/post"}],"author":[{"embeddable":true,"href":"https:\/\/www.europesays.com\/es\/wp-json\/wp\/v2\/users\/2"}],"replies":[{"embeddable":true,"href":"https:\/\/www.europesays.com\/es\/wp-json\/wp\/v2\/comments?post=159821"}],"version-history":[{"count":0,"href":"https:\/\/www.europesays.com\/es\/wp-json\/wp\/v2\/posts\/159821\/revisions"}],"wp:featuredmedia":[{"embeddable":true,"href":"https:\/\/www.europesays.com\/es\/wp-json\/wp\/v2\/media\/159822"}],"wp:attachment":[{"href":"https:\/\/www.europesays.com\/es\/wp-json\/wp\/v2\/media?parent=159821"}],"wp:term":[{"taxonomy":"category","embeddable":true,"href":"https:\/\/www.europesays.com\/es\/wp-json\/wp\/v2\/categories?post=159821"},{"taxonomy":"post_tag","embeddable":true,"href":"https:\/\/www.europesays.com\/es\/wp-json\/wp\/v2\/tags?post=159821"}],"curies":[{"name":"wp","href":"https:\/\/api.w.org\/{rel}","templated":true}]}}