{"id":159823,"date":"2025-10-06T18:49:08","date_gmt":"2025-10-06T18:49:08","guid":{"rendered":"https:\/\/www.europesays.com\/es\/159823\/"},"modified":"2025-10-06T18:49:08","modified_gmt":"2025-10-06T18:49:08","slug":"fc-barcelona-el-ataque-condena-a-la-defensa-futbol-deportes","status":"publish","type":"post","link":"https:\/\/www.europesays.com\/es\/159823\/","title":{"rendered":"FC Barcelona: el ataque condena a la defensa | F\u00fatbol | Deportes"},"content":{"rendered":"<p class=\"\"><a href=\"https:\/\/elpais.com\/deportes\/futbol\/2025-08-31\/hansi-flick-los-egos-matan-el-exito-de-un-equipo.html\" target=\"_blank\" rel=\"noreferrer nofollow noopener\" title=\"https:\/\/elpais.com\/deportes\/futbol\/2025-08-31\/hansi-flick-los-egos-matan-el-exito-de-un-equipo.html\">De fecha FIFA en fecha FIFA<\/a>, Hansi Flick se marcha al par\u00f3n de selecciones con dudas, sobre todo fastidiado con su Barcelona, ya sea por exceso de egos o por escasez de f\u00fatbol. En septiembre, antes de que sus jugadores se desperdigaran por el mundo, el Bar\u00e7a empat\u00f3 frente al Rayo en Vallecas. Algo no funcion\u00f3 en Madrid y el preparador cre\u00eda tener la respuesta: \u201cLos egos matan el \u00e9xito\u201d, solt\u00f3, todav\u00eda en caliente en la sala de prensa del campo del Rayo, despu\u00e9s de que Raphinha montara en c\u00f3lera porque Lamine Yamal le hab\u00eda birlado el penalti, tambi\u00e9n irritado con, seg\u00fan explican fuentes del \u00e1rea deportiva, la poca (o nula) actitud de Dani Olmo para presionar. \u201cEl a\u00f1o pasado jugamos y trabajamos como equipo. He hablado de lo de hoy con los jugadores porque la mayor\u00eda se van con las selecciones. Y hab\u00eda que decirlo\u201d, a\u00f1adi\u00f3 Flick.<\/p>\n<p>M\u00e1s informaci\u00f3n<\/p>\n<p class=\"\">Cuentan los jugadores que estaban presentes en el vestuario de Vallecas que la bronca de Flick en el campo del Rayo hab\u00eda sido \u201cbrutal\u201d. M\u00e1s fuerte, incluso, que la que les solt\u00f3 este domingo <a href=\"https:\/\/elpais.com\/deportes\/futbol\/2025-10-06\/sorteo-de-la-copa-del-rey-partidos-y-cruces-de-los-equipos-de-la-primera-ronda.html\" target=\"_blank\" rel=\"noreferrer nofollow noopener\" title=\"https:\/\/elpais.com\/deportes\/futbol\/2025-10-06\/sorteo-de-la-copa-del-rey-partidos-y-cruces-de-los-equipos-de-la-primera-ronda.html\">en el S\u00e1nchez Pizju\u00e1n despu\u00e9s de un nuevo descalabro ante el Sevilla<\/a>, una derrota que oblig\u00f3 a revisar el pasado: el Bar\u00e7a no perd\u00eda por tres goles en la Liga desde septiembre de 2015, tambi\u00e9n por 4-1 frente al Celta en Bala\u00eddos. \u201cEsto es diferente\u201d, se arranc\u00f3 el preparador azulgrana para intentar explicar las dificultades del Barcelona en Vallecas respecto a la de Sevilla. \u201cHoy [por este domingo]\u201d, prosigui\u00f3, \u201ces cuesti\u00f3n de f\u00fatbol y de marcar goles; si los marcas, ganas. Hoy no lo hemos hecho. El resultado no es bueno, pero hay que tener la cabeza alta y seguir\u201d.<\/p>\n<p class=\"\">Si en su momento en Vallecas los se\u00f1alados eran los delanteros, en el S\u00e1nchez Pizju\u00e1n fueron los defensas, <a href=\"https:\/\/elpais.com\/deportes\/futbol\/2025-01-23\/araujo-renueva-con-el-barcelona-hasta-2031.html\" target=\"_blank\" rel=\"noreferrer nofollow noopener\" title=\"https:\/\/elpais.com\/deportes\/futbol\/2025-01-23\/araujo-renueva-con-el-barcelona-hasta-2031.html\">especialmente Ronald Araujo<\/a>, reemplazado en el entretiempo. Y no fue por el penalti del central uruguayo a Isaac Romero que termin\u00f3 en el gol de Alexis S\u00e1nchez, sino porque parece que no termina de engancharse al estilo de Hansi Flick. De hecho, la campa\u00f1a pasada el l\u00edder de la defensa azulgrana era I\u00f1igo Mart\u00ednez, hoy en el Al-Nassr.<\/p>\n<p class=\"\">Una salida que Flick no llev\u00f3 ni lleva bien. \u201cNo estoy contento de que se vaya, es un gran jugador, tiene una personalidad tremenda y nunca pide nada. Sigui\u00f3 nuestra filosof\u00eda y fue uno de los l\u00edderes del equipo\u201d, desvel\u00f3, el pasado verano, el preparador del Barcelona. \u201cSi I\u00f1igo hubiera sido m\u00e1s joven y fundamental para el proyecto del club, podr\u00edamos haber intentado convencerle, pero habl\u00f3 con el m\u00edster y le dijo que ten\u00eda una oportunidad espectacular\u201d, contrarrest\u00f3 Deco.<\/p>\n<p class=\"\">Result\u00f3 que I\u00f1igo s\u00ed era fundamental para Flick. Hasta ahora, en los ocho partidos de la Liga, el entrenador prob\u00f3 con cuatro parejas de centrales distintas: Araujo-Cubars\u00ed, Eric Garc\u00eda-Cubars\u00ed, Araujo-Cristensen y Eric Garc\u00eda-Cristensen. Ninguna, sin embargo, pudo hacer olvidar a la que el curso pasado formaban Cubars\u00ed e I\u00f1igo Mart\u00ednez. \u201cI\u00f1igo mejoraba a Pau. Adem\u00e1s, estaba m\u00e1s c\u00f3modo porque no ten\u00eda que jugar de central zurdo\u201d, asegura uno de los centrocampistas del Barcelona. Desde el entorno de Cubars\u00ed, en cambio, no compran esa teor\u00eda: \u201cEl mejor partido que hizo Pau, cuando gan\u00f3 el MVP del partido ante el N\u00e1poles en Champions, lo hizo jugando por la izquierda. El problema de la defensa no es Pau ni la ausencia de I\u00f1igo\u201d.<\/p>\n<p class=\"\">El Barcelona ha encajado en la temporada una media de 1,2 goles por partido. Un dato calcado al de la temporada pasada. Y en los remates recibidos, la estad\u00edstica es mejor esta campa\u00f1a: 8,72 por 8,2. Sin embargo, ante el Sevilla recibi\u00f3 13 disparos por los 16 que les estamp\u00f3 el PSG en la Liga de Campeones. \u201cEstas ocasiones ya empiezan desde delante, tenemos que comenzar a presionar como la temporada pasada. Esto no puede ser. Es un partido y no es necesario hacer le\u00f1a del \u00e1rbol ca\u00eddo, pero tambi\u00e9n tiene que ser un punto de inflexi\u00f3n\u201d, subray\u00f3 Cubars\u00ed, tras la derrota en el campo del Sevilla.<\/p>\n<p class=\"\">La realidad, para Cubars\u00ed, es que Araujo no es el responsable. Una opini\u00f3n que comparte, en privado, otro de los zagueros azulgrana: \u201cSe qued\u00f3 tocado Ronald ayer. Se siente responsable de algo que no tiene la culpa. Es un problema de c\u00f3mo estamos organizados\u201d. Entienden en la zaga azulgrana que el primer problema es c\u00f3mo se origina el trabajo defensivo a partir de la delantera. Rashford no presiona como Raphinha ni Olmo imprime el ritmo de Gavi o Ferm\u00edn. Los problemas, siempre seg\u00fan las mismas fuentes, se agravan cuando juega Lewandowski: todav\u00eda letal en el \u00e1rea, ahora inofensivo en el juego colectivo.<\/p>\n<p class=\"\">\u201cSi no presionamos bien, no se puede jugar con la l\u00ednea de la defensa tan arriba\u201d, se queja el mismo zaguero. La respuesta de Flick todav\u00eda se hace esperar, al igual que una nueva soluci\u00f3n para cuando los equipos les pillan el truco del fuera de juego. En la direcci\u00f3n deportiva lo tienen claro: \u201cA veces, hay que tirar la l\u00ednea para atr\u00e1s. Las guerras no las ganan los valientes sino los inteligentes\u201d.<\/p>\n<p class=\"\">A la defensa del Barcelona la condena su ataque, un problema ahora que Joan Garc\u00eda est\u00e1 en la enfermer\u00eda. Un nuevo par\u00f3n, un nuevo problema para Hansi Flick.<\/p>\n","protected":false},"excerpt":{"rendered":"De fecha FIFA en fecha FIFA, Hansi Flick se marcha al par\u00f3n de selecciones con dudas, sobre todo&hellip;\n","protected":false},"author":2,"featured_media":159824,"comment_status":"","ping_status":"","sticky":false,"template":"","format":"standard","meta":{"footnotes":""},"categories":[93],"tags":[1540,168,1539,25,24,881,4970,282,1538,16773,1210,8138,47493,17499,33838,23,167],"class_list":{"0":"post-159823","1":"post","2":"type-post","3":"status-publish","4":"format-standard","5":"has-post-thumbnail","7":"category-deportes","8":"tag-competiciones","9":"tag-deportes","10":"tag-entrenadores","11":"tag-es","12":"tag-espana","13":"tag-fc-barcelona","14":"tag-flick","15":"tag-futbol","16":"tag-futbolistas","17":"tag-inigo-martinez","18":"tag-laliga-ea-sports","19":"tag-lamine-yamal","20":"tag-pau-cubarsi","21":"tag-robert-lewandowski","22":"tag-ronald-araujo","23":"tag-spain","24":"tag-sports"},"share_on_mastodon":{"url":"","error":""},"_links":{"self":[{"href":"https:\/\/www.europesays.com\/es\/wp-json\/wp\/v2\/posts\/159823","targetHints":{"allow":["GET"]}}],"collection":[{"href":"https:\/\/www.europesays.com\/es\/wp-json\/wp\/v2\/posts"}],"about":[{"href":"https:\/\/www.europesays.com\/es\/wp-json\/wp\/v2\/types\/post"}],"author":[{"embeddable":true,"href":"https:\/\/www.europesays.com\/es\/wp-json\/wp\/v2\/users\/2"}],"replies":[{"embeddable":true,"href":"https:\/\/www.europesays.com\/es\/wp-json\/wp\/v2\/comments?post=159823"}],"version-history":[{"count":0,"href":"https:\/\/www.europesays.com\/es\/wp-json\/wp\/v2\/posts\/159823\/revisions"}],"wp:featuredmedia":[{"embeddable":true,"href":"https:\/\/www.europesays.com\/es\/wp-json\/wp\/v2\/media\/159824"}],"wp:attachment":[{"href":"https:\/\/www.europesays.com\/es\/wp-json\/wp\/v2\/media?parent=159823"}],"wp:term":[{"taxonomy":"category","embeddable":true,"href":"https:\/\/www.europesays.com\/es\/wp-json\/wp\/v2\/categories?post=159823"},{"taxonomy":"post_tag","embeddable":true,"href":"https:\/\/www.europesays.com\/es\/wp-json\/wp\/v2\/tags?post=159823"}],"curies":[{"name":"wp","href":"https:\/\/api.w.org\/{rel}","templated":true}]}}