{"id":159833,"date":"2025-10-06T18:54:11","date_gmt":"2025-10-06T18:54:11","guid":{"rendered":"https:\/\/www.europesays.com\/es\/159833\/"},"modified":"2025-10-06T18:54:11","modified_gmt":"2025-10-06T18:54:11","slug":"la-cpi-condena-por-crimenes-de-lesa-humanidad-a-un-jefe-de-milicia-de-la-guerra-de-darfur","status":"publish","type":"post","link":"https:\/\/www.europesays.com\/es\/159833\/","title":{"rendered":"La CPI condena por cr\u00edmenes de lesa humanidad a un jefe de milicia de la guerra de Darfur"},"content":{"rendered":"<p>    <img src=\"https:\/\/www.europesays.com\/es\/wp-content\/uploads\/2025\/10\/2025-10-06T173A173A40Z-90123632.jpg\" width=\"1024\" height=\"682\" alt=\"\" loading=\"eager\" decoding=\"sync\" fetchpriority=\"high\"\/><\/p>\n<p>            afp_tickers        <\/p>\n<p>        Este contenido fue publicado en    <\/p>\n<p>        06 octubre 2025 &#8211; 20:25\n<\/p>\n<p>La Corte Penal Internacional (CPI) conden\u00f3 el lunes al jefe de una milicia de Sud\u00e1n por cr\u00edmenes de guerra y cr\u00edmenes de lesa humanidad cometidos hace m\u00e1s de veinte a\u00f1os durante la guerra civil en la regi\u00f3n de Darfur.<\/p>\n<p>Ali Muhammad Ali Abd Al Rahman, conocido por el nombre de guerra Ali Kushayb, fue declarado culpable de m\u00faltiples delitos, incluidos violaci\u00f3n, asesinato y tortura cometidos en Darfur entre 2003 y 2004.<\/p>\n<p>\u00abLa sala est\u00e1 convencida de que el acusado es culpable m\u00e1s all\u00e1 de toda duda razonable de los cr\u00edmenes que se le imputan\u00bb, declar\u00f3 la jueza Joanna Korner, presidenta de la CPI.\u00a0<\/p>\n<p>La sentencia se pronunciar\u00e1 posteriormente, precis\u00f3. Las audiencias est\u00e1n previstas del 17 al 21 de noviembre, tras las cuales se tomar\u00e1 una decisi\u00f3n \u00aben su debido momento\u00bb.<\/p>\n<p>Abd Al Rahman, con un traje azul y corbata roja, sigui\u00f3 los debates impasible, tomando notas de vez en cuando.<\/p>\n<p>La jueza Korner detall\u00f3 los relatos de violaciones colectivas, abusos y masacres.\u00a0<\/p>\n<p>Tambi\u00e9n explic\u00f3 que en una ocasi\u00f3n Abd Al Rahman hizo subir a unos cincuenta civiles a varios camiones, golpeando a algunos con hachas, los hizo tumbar en el suelo y orden\u00f3 a sus tropas ejecutarlos.<\/p>\n<p>\u00abEl acusado no se limitaba a dar \u00f3rdenes (\u2026) participaba personalmente en los abusos y luego estaba f\u00edsicamente presente, dando instrucciones para la ejecuci\u00f3n de los detenidos\u00bb, afirm\u00f3 la jueza.<\/p>\n<p>El fiscal acus\u00f3 a Abd Al Rahman de haber sido un alto responsable de las milicias \u00e1rabes llamadas yanyauid, y de haber participado activamente en la comisi\u00f3n de los cr\u00edmenes \u00abcon entusiasmo\u00bb.<\/p>\n<p>Sin embargo, \u00e9l siempre neg\u00f3 las acusaciones, afirmando que no es la persona que buscaban.\u00a0<\/p>\n<p>\u00abNo soy Ali Kushayb. No conozco a esa persona\u00bb, declar\u00f3 ante la CPI, pese a que ha sido identificado como el jefe de la milicia sudanesa de los yanyauid y aliado del derrocado presidente Omar al Bashir.<\/p>\n<p>Aunque se entreg\u00f3 voluntariamente en 2020, sostiene que las acusaciones \u00abno tienen nada que ver\u00bb con \u00e9l y asegura que solo dijo ser Ali Kushayb ante la CPI porque estaba \u00abdesesperado\u00bb.<\/p>\n<p>\u00abHac\u00eda dos meses que esperaba en la clandestinidad (\u2026) ten\u00eda miedo de ser arrestado por el gobierno sudan\u00e9s\u00bb, declar\u00f3. \u00abSi no hubiera dicho eso, la corte no me habr\u00eda recibido y estar\u00eda muerto\u00bb.<\/p>\n<p>\u2013 Civiles como objetivo \u2013<\/p>\n<p>Los combates comenzaron en 2003 en Darfur cuando los rebeldes, denunciando ser v\u00edctimas de discriminaci\u00f3n \u00e9tnica, tomaron las armas contra el r\u00e9gimen de Al Bashir, dominado por los \u00e1rabes.<\/p>\n<p>El gobierno de Sud\u00e1n reaccion\u00f3 desplegando a las milicias yanyauid, formadas por miembros de grupos n\u00f3madas de la regi\u00f3n.\u00a0<\/p>\n<p>Seg\u00fan la ONU, el conflicto en Darfur, que termin\u00f3 en 2020, dej\u00f3 300.000 muertos y 2,5 millones de desplazados.<\/p>\n<p>\u00abLa dura realidad es que los objetivos en este caso no eran rebeldes, sino civiles. Fueron atacados. Sufrieron. Perdieron la vida. Fueron marcados f\u00edsica y emocionalmente de m\u00faltiples maneras\u00bb, declar\u00f3 el fiscal de la CPI.<\/p>\n<p>Omar al Bashir, que gobern\u00f3 Sud\u00e1n con mano de hierro durante tres d\u00e9cadas, fue destituido en abril de 2019 tras meses de protestas y es buscado por la CPI por genocidio, cr\u00edmenes de guerra y cr\u00edmenes de lesa humanidad.<\/p>\n<p>Yaqub Mohamed, coordinador de personas desplazadas, dijo desde el campamento de Kalma, en Darfur del Sur, que el veredicto contra Ali Kushayb representa para los refugiados \u00abuna compensaci\u00f3n psicol\u00f3gica por la p\u00e9rdida de sus hijos hace m\u00e1s de 20 a\u00f1os\u00bb.<\/p>\n<p>\u00abNosotros, las v\u00edctimas, nunca cre\u00edmos realmente que la justicia vendr\u00eda a secar nuestras l\u00e1grimas\u00bb, afirm\u00f3, por su parte, una de las v\u00edctimas de Ali Kushayb.<\/p>\n<p>\u00abLo que deseamos hoy es regresar a nuestro hogar, encontrar la patria de nuestros ancestros y de nuestros padres\u00bb, agreg\u00f3.<\/p>\n<p>El Alto Comisionado de la ONU para los derechos humanos, Volker T\u00fcrk, dijo que la condena es un \u00abrecordatorio\u00bb para los que cometen cr\u00edmenes contra la humanidad de que \u00abno puede haber impunidad para los cr\u00edmenes a gran escala contra los civiles\u00bb.<\/p>\n<p>Desde abril de 2023, Sud\u00e1n vive una guerra entre el ej\u00e9rcito y los paramilitares de las Fuerzas de Apoyo R\u00e1pido (FSR), nacidas de las milicias yanyauid.<\/p>\n<p>Decenas de miles de personas han muerto y millones han sido desplazadas.<\/p>\n<p>El fiscal de la CPI espera emitir \u00f3rdenes de arresto relacionadas con la situaci\u00f3n actual en Sud\u00e1n.\u00a0<\/p>\n<p>Este nuevo conflicto, marcado por denuncias de atrocidades de ambas partes, ha dejado este pa\u00eds del noreste de \u00c1frica al borde de la hambruna, seg\u00fan las organizaciones humanitarias.<\/p>\n<p>ric-cvo\/pc\/mb\/rnr\/jvb<\/p>\n","protected":false},"excerpt":{"rendered":"afp_tickers Este contenido fue publicado en 06 octubre 2025 &#8211; 20:25 La Corte Penal Internacional (CPI) conden\u00f3 el&hellip;\n","protected":false},"author":2,"featured_media":159834,"comment_status":"","ping_status":"","sticky":false,"template":"","format":"standard","meta":{"footnotes":""},"categories":[42],"tags":[17,18,636,11892,13,14,11,61,62,63,64,11894,11895,19,20,7657,9,10,15,16,90,12,11896,21,22,47494,65,66,67],"class_list":{"0":"post-159833","1":"post","2":"type-post","3":"status-publish","4":"format-standard","5":"has-post-thumbnail","7":"category-internacional","8":"tag-breaking-news","9":"tag-breakingnews","10":"tag-conflict","11":"tag-crime","12":"tag-featured-news","13":"tag-featurednews","14":"tag-headlines","15":"tag-internacional","16":"tag-international","17":"tag-international-news","18":"tag-internationalnews","19":"tag-judiciary-system-of-justice","20":"tag-justice-and-rights","21":"tag-latest-news","22":"tag-latestnews","23":"tag-law-and-order","24":"tag-news","25":"tag-noticias","26":"tag-noticias-destacadas","27":"tag-noticiasdestacadas","28":"tag-ticker","29":"tag-titulares","30":"tag-trials","31":"tag-ultimas-noticias","32":"tag-ultimasnoticias","33":"tag-war-crime","34":"tag-world","35":"tag-world-news","36":"tag-worldnews"},"share_on_mastodon":{"url":"","error":""},"_links":{"self":[{"href":"https:\/\/www.europesays.com\/es\/wp-json\/wp\/v2\/posts\/159833","targetHints":{"allow":["GET"]}}],"collection":[{"href":"https:\/\/www.europesays.com\/es\/wp-json\/wp\/v2\/posts"}],"about":[{"href":"https:\/\/www.europesays.com\/es\/wp-json\/wp\/v2\/types\/post"}],"author":[{"embeddable":true,"href":"https:\/\/www.europesays.com\/es\/wp-json\/wp\/v2\/users\/2"}],"replies":[{"embeddable":true,"href":"https:\/\/www.europesays.com\/es\/wp-json\/wp\/v2\/comments?post=159833"}],"version-history":[{"count":0,"href":"https:\/\/www.europesays.com\/es\/wp-json\/wp\/v2\/posts\/159833\/revisions"}],"wp:featuredmedia":[{"embeddable":true,"href":"https:\/\/www.europesays.com\/es\/wp-json\/wp\/v2\/media\/159834"}],"wp:attachment":[{"href":"https:\/\/www.europesays.com\/es\/wp-json\/wp\/v2\/media?parent=159833"}],"wp:term":[{"taxonomy":"category","embeddable":true,"href":"https:\/\/www.europesays.com\/es\/wp-json\/wp\/v2\/categories?post=159833"},{"taxonomy":"post_tag","embeddable":true,"href":"https:\/\/www.europesays.com\/es\/wp-json\/wp\/v2\/tags?post=159833"}],"curies":[{"name":"wp","href":"https:\/\/api.w.org\/{rel}","templated":true}]}}