{"id":159836,"date":"2025-10-06T18:56:23","date_gmt":"2025-10-06T18:56:23","guid":{"rendered":"https:\/\/www.europesays.com\/es\/159836\/"},"modified":"2025-10-06T18:56:23","modified_gmt":"2025-10-06T18:56:23","slug":"el-juez-ordena-a-la-uco-buscar-si-pardo-de-vera-cobro-mordidas-por-los-claros-indicios-de-que-formo-parte-de-la-trama-abalos","status":"publish","type":"post","link":"https:\/\/www.europesays.com\/es\/159836\/","title":{"rendered":"El juez ordena a la UCO buscar si Pardo de Vera cobr\u00f3 mordidas por los \u00abclaros indicios\u00bb de que form\u00f3 parte de la &#8216;trama \u00c1balos&#8217;"},"content":{"rendered":"<p id=\"paragraph_1\">El juez de la Audiencia Nacional Ismael Moreno ha ordenado a la <a href=\"https:\/\/www.elespanol.com\/espana\/tribunales\/20251002\/uco-pide-juez-investigar-cuentas-expresidenta-adif-exjefe-carreteras-busca-contraprestaciones\/1003743951503_0.html?utm_cmp_rs=linksinline\" rel=\"nofollow noopener\" target=\"_blank\">Unidad Central Operativa<\/a> (UCO) de la Guardia Civil que investigue si<strong> Isabel Pardo de Vera<\/strong>, expresidenta de Adif, cobr\u00f3 comisiones ilegales por el supuesto ama\u00f1o de obras p\u00fablicas en el Ministerio de Transportes entre 2018 y 2021.<\/p>\n<p class=\"paragraph\" id=\"paragraph_2\">Tambi\u00e9n ha ordenado lo mismo respecto del exdirector general de Carreteras, <strong>Javier Herrero<\/strong>.<\/p>\n<p class=\"paragraph\" id=\"paragraph_3\">Ambos est\u00e1n investigados por las presuntas irregularidades en la adjudicaci\u00f3n de ciertas licitaciones p\u00fablicas mientras <strong><a href=\"https:\/\/www.elespanol.com\/espana\/politica\/20251003\/abalos-pago-origen-desconocido-familia-novias-jesica-andrea-fundacion\/1003743953614_0.html?utm_cmp_rs=linksinline\" rel=\"nofollow noopener\" target=\"_blank\">Jos\u00e9 Luis \u00c1balos<\/a><\/strong>\u00a0era ministro de Transportes. En concreto, por el supuesto \u00abfavorecimiento, de manera recurrente, de diferentes constructoras\u00bb.<\/p>\n<p class=\"paragraph\" id=\"paragraph_4\">A petici\u00f3n de la UCO y con el visto bueno de la <strong>Fiscal\u00eda Anticorrupci\u00f3n<\/strong>, el juez ha ordenado a 12 entidades bancarias y a Hacienda que remitan documentaci\u00f3n sobre las finanzas de Pardo de Vera y de Herrero.<\/p>\n<p class=\"paragraph\" id=\"paragraph_5\">Se trata de sus productos financieros, la identidad de las personas con las que comparten cuentas, los movimientos de las mismas (saldo, ingresos, pagos&#8230;) desde 2017, el posible cobro de cheques&#8230;<\/p>\n<p><img loading=\"lazy\" decoding=\"async\" alt=\"Pardo de Vera, el d\u00eda en que acudi\u00f3 a declarar como imputada por el \u2018caso Koldo\u2019 en la Audiencia Nacional.\" height=\"180\" src=\"https:\/\/www.europesays.com\/es\/wp-content\/uploads\/2025\/10\/1003743952417_259140019_320x180.jpg\" width=\"320\" data-lazy-status=\"processed\" data-lazy-info=\"remove loading item 1\"\/><\/p>\n<p class=\"paragraph\" id=\"paragraph_6\">El juez tambi\u00e9n ha pedido a la Agencia Tributaria la informaci\u00f3n fiscal de ambos ex altos cargos desde 2017 hasta 2024.<\/p>\n<p class=\"paragraph\" id=\"paragraph_7\">Una vez reciba estos datos, ser\u00e1 la Unidad Central Operativa la encargada de elaborar un informe con los mismos.<\/p>\n<p class=\"paragraph\" id=\"paragraph_8\">En una resoluci\u00f3n fechada este lunes, el juez Moreno se\u00f1ala que, en el presente caso, \u00abno nos encontramos con una mera sospecha, sino en la constancia y evidencia de claros indicios objetivados de la participaci\u00f3n de las personas investigadas\u00bb en la comisi\u00f3n de varios delitos.<\/p>\n<p class=\"paragraph\" id=\"paragraph_9\">En concreto, pertenencia a <strong>organizaci\u00f3n criminal, malversaci\u00f3n de caudales p\u00fablicos, cohecho, tr\u00e1fico de influencias y prevaricaci\u00f3n<\/strong>.<\/p>\n<p><img decoding=\"async\" alt=\"Fragmento de la resoluci\u00f3n de Moreno sobre Pardo de Vera y Javier Herrero.\" height=\"673\" loading=\"lazy\" width=\"1706\" data-lazy-status=\"processed\" id=\"daa4f61b98\" src=\"https:\/\/www.elespanol.com\/espana\/tribunales\/20251006\/juez-ordena-uco-buscar-pardo-vera-cobro-mordidas-claros-indicios-formo-parte-trama-abalos\/[\" https:=\"\" data-lazy-info=\"changed src\"\/><\/p>\n<p>                                                            Fragmento de la resoluci\u00f3n de Moreno sobre Pardo de Vera y Javier Herrero.<\/p>\n<p class=\"paragraph\" id=\"paragraph_10\">Sobre Pardo de Vera y Herrero, el magistrado se\u00f1ala que \u00abhabr\u00edan tenido una relevante participaci\u00f3n en la adjudicaci\u00f3n irregular de contratos de obra p\u00fablica en el seno del Ministerio de Transportes y Agenda Urbana entre los a\u00f1os 2018 y 2021\u00bb. Es decir, durante la era \u00c1balos.<\/p>\n<p class=\"paragraph\" id=\"paragraph_11\">Como recuerda el juez en su resoluci\u00f3n, en esta pieza separada del caso Koldo\/\u00c1balos se investiga si el exministro y su principal asesor, Koldo Garc\u00eda, cobraron \u00abcontraprestaciones econ\u00f3micas por su labor en beneficio de las constructoras\u00bb que obtuvieron los contratos supuestamente ama\u00f1ados.<\/p>\n<p><img decoding=\"async\" alt=\"La expresidenta de Adif, Isabel Pardo de Vera, en la Comisi\u00f3n de Investigaci\u00f3n del 'caso Koldo' en el Senado, el pasado 29 de mayo.\" height=\"180\" loading=\"lazy\" width=\"320\" data-lazy-status=\"processed\" id=\"249279b783\" src=\"https:\/\/www.elespanol.com\/espana\/tribunales\/20251006\/juez-ordena-uco-buscar-pardo-vera-cobro-mordidas-claros-indicios-formo-parte-trama-abalos\/[\" https:=\"\" data-lazy-info=\"changed src\"\/><\/p>\n<p class=\"paragraph\" id=\"paragraph_12\">\u00abSiendo \u2014a\u00f1ade Moreno\u2014\u00a0Isabel Pardo de Vera y Javier Herrero facilitadores de asistencia para las exitosas adjudicaciones proyectadas; cada uno, dentro de su \u00e1mbito de responsabilidad\u00bb.<\/p>\n<p class=\"paragraph\" id=\"paragraph_13\">En l\u00ednea con Anticorrupci\u00f3n,\u00a0el magistrado considera que \u00abel fin perseguido por parte de los investigados en esta trama era obtener un <strong>provecho econ\u00f3mico<\/strong>\u00ab.<\/p>\n<p class=\"paragraph\" id=\"paragraph_14\">Por ello, al situar a la expresidenta de Adif y al exdirector general de Carreteras como parte de esta trama, cree necesario analizar sus cuentas bancarias, a fin de determinar<strong> \u00absi pudieron ser tambi\u00e9n receptores de cualquier tipo de contraprestaci\u00f3n de la naturaleza que fuere\u00bb<\/strong>.<\/p>\n","protected":false},"excerpt":{"rendered":"El juez de la Audiencia Nacional Ismael Moreno ha ordenado a la Unidad Central Operativa (UCO) de la&hellip;\n","protected":false},"author":2,"featured_media":159837,"comment_status":"","ping_status":"","sticky":false,"template":"","format":"standard","meta":{"footnotes":""},"categories":[5],"tags":[6543,17,18,25,24,13,14,8810,1160,11,5610,12501,19,20,9,10,15,16,23,12,493,2155,21,22],"class_list":{"0":"post-159836","1":"post","2":"type-post","3":"status-publish","4":"format-standard","5":"has-post-thumbnail","7":"category-titulares","8":"tag-audiencia-nacional","9":"tag-breaking-news","10":"tag-breakingnews","11":"tag-es","12":"tag-espana","13":"tag-featured-news","14":"tag-featurednews","15":"tag-fiscalia-anticorrupcion","16":"tag-guardia-civil","17":"tag-headlines","18":"tag-jose-luis-abalos","19":"tag-koldo-garcia-izaguirre","20":"tag-latest-news","21":"tag-latestnews","22":"tag-news","23":"tag-noticias","24":"tag-noticias-destacadas","25":"tag-noticiasdestacadas","26":"tag-spain","27":"tag-titulares","28":"tag-tribunales","29":"tag-uco","30":"tag-ultimas-noticias","31":"tag-ultimasnoticias"},"share_on_mastodon":{"url":"","error":""},"_links":{"self":[{"href":"https:\/\/www.europesays.com\/es\/wp-json\/wp\/v2\/posts\/159836","targetHints":{"allow":["GET"]}}],"collection":[{"href":"https:\/\/www.europesays.com\/es\/wp-json\/wp\/v2\/posts"}],"about":[{"href":"https:\/\/www.europesays.com\/es\/wp-json\/wp\/v2\/types\/post"}],"author":[{"embeddable":true,"href":"https:\/\/www.europesays.com\/es\/wp-json\/wp\/v2\/users\/2"}],"replies":[{"embeddable":true,"href":"https:\/\/www.europesays.com\/es\/wp-json\/wp\/v2\/comments?post=159836"}],"version-history":[{"count":0,"href":"https:\/\/www.europesays.com\/es\/wp-json\/wp\/v2\/posts\/159836\/revisions"}],"wp:featuredmedia":[{"embeddable":true,"href":"https:\/\/www.europesays.com\/es\/wp-json\/wp\/v2\/media\/159837"}],"wp:attachment":[{"href":"https:\/\/www.europesays.com\/es\/wp-json\/wp\/v2\/media?parent=159836"}],"wp:term":[{"taxonomy":"category","embeddable":true,"href":"https:\/\/www.europesays.com\/es\/wp-json\/wp\/v2\/categories?post=159836"},{"taxonomy":"post_tag","embeddable":true,"href":"https:\/\/www.europesays.com\/es\/wp-json\/wp\/v2\/tags?post=159836"}],"curies":[{"name":"wp","href":"https:\/\/api.w.org\/{rel}","templated":true}]}}