{"id":159839,"date":"2025-10-06T19:03:09","date_gmt":"2025-10-06T19:03:09","guid":{"rendered":"https:\/\/www.europesays.com\/es\/159839\/"},"modified":"2025-10-06T19:03:09","modified_gmt":"2025-10-06T19:03:09","slug":"ferrari-sale-en-defensa-de-hamilton","status":"publish","type":"post","link":"https:\/\/www.europesays.com\/es\/159839\/","title":{"rendered":"Ferrari sale en defensa de Hamilton"},"content":{"rendered":"<p class=\"\">Sali\u00f3 ganando <b>Fernando Alonso<\/b>, ya que el espa\u00f1ol fue al \u00fanico al que afectaron directamente los <a href=\"https:\/\/as.com\/motor\/formula_1\/alonso-se-lleva-una-sorpresa-y-espera-castigo-para-hamilton-n\/\" target=\"_self\" rel=\"nofollow noopener\" title=\"https:\/\/as.com\/motor\/formula_1\/alonso-se-lleva-una-sorpresa-y-espera-castigo-para-hamilton-n\/\">cinco segundos de sanci\u00f3n<\/a> que le impusieron a <b>Lewis Hamilton<\/b> una vez concluy\u00f3 el <b>GP de Singapur <\/b>de <b>F1<\/b>. Pero una vez m\u00e1s, sali\u00f3 perdiendo <b>Ferrari <\/b>en otro domingo de esos donde el <b>SF-25 <\/b>volvi\u00f3 a dar problemas. La carrera en <b>Marina Bay<\/b> se declar\u00f3 de \u201calto riesgo\u201d debido a las elevadas temperaturas. Y sobre un asfalto que desprend\u00eda calor extremo, los frenos del monoplaza italiano se volvieron a resentir, reavivando un contratiempo que ha marcado la temporada para los de <b>Maranello <\/b>en reiteradas ocasiones.<\/p>\n<p class=\"\">No es la primera vez que <b>Ferrari <\/b>ha sufrido problemas con los frenos en este 2025. Pero s\u00ed puede ser la m\u00e1s cantosa, ya que incluso <b>Direcci\u00f3n de Carrera <\/b>se vio obligada a intervenir. El organismo investig\u00f3 y puso en duda si <b>Hamilton <\/b>afect\u00f3 a la seguridad del resto de la parrilla manteniendo el coche sobre el asfalto. Y aunque lleg\u00f3 una sanci\u00f3n m\u00ednima, casi insignificante, ya que el brit\u00e1nico tan solo perdi\u00f3 una posici\u00f3n, <b>Fred Vasseur <\/b>mostr\u00f3 su desacuerdo con la decisi\u00f3n. El team principal de la escuder\u00eda italiana admiti\u00f3 que <b>Lewis <\/b>se vio obligado a gestionar la frenada casi desde el momento en el que se apag\u00f3 el sem\u00e1foro (comenz\u00f3 la gesti\u00f3n en la vuelta ocho). Pero por encima de todo niega, que la situaci\u00f3n representara un problema de seguridad: \u201cPilot\u00f3 dentro de los m\u00e1rgenes de seguridad\u201d.<\/p>\n<p class=\"\">\u201cEra seguro porque adaptamos el ritmo. No es que Lewis estuviera presionando a fondo en la \u00faltima vuelta, pero fue 30 segundos m\u00e1s lento. En t\u00e9rminos de seguridad era prudente\u201d, trat\u00f3 de justificar <b>Vasseur, <\/b>sobre un contratiempo que incluso llev\u00f3 a su piloto a recortar varias curvas en las \u00faltimas vueltas de la carrera en <b>Marina Bay.<\/b> <b>Hamilton <\/b>se defendi\u00f3 de los frenos y un <b>Fernando Alonso<\/b> que acab\u00f3 convirti\u00e9ndose en una amenaza real. <b>Lewis <\/b>\u201ctuvo que adaptar su punto de frenado en cada vuelta, pero cuando le dimos un par de vueltas (libres), el ritmo era decente. Pero no se puede hacer bien el 95% de una carrera estando a la defensiva\u201d, segu\u00eda argumentando un <b>Vasseur<\/b> que, problemas aparte,<b> <\/b>tiene claro que el ritmo del <b>SF-25 <\/b>hubiese sido v\u00e1lido para estar en el podio. <\/p>\n<p>Noticias relacionadas<a href=\"https:\/\/as.com\/motor\/formula_1\/alonso-corrige-a-aston-martin-n\/\" class=\"s_m_w\" title=\"El espa\u00f1ol remont\u00f3 dos veces tras una mala preparaci\u00f3n de la clasificaci\u00f3n y el pit-stop de nueve segundos. Cowell aplaude la estrategia de salir con blandas. \" data-tb-link=\"\" rel=\"nofollow noopener\" target=\"_blank\"><img decoding=\"async\" src=\"https:\/\/www.europesays.com\/es\/wp-content\/uploads\/2025\/10\/1759777389_560_IJZRWHQGXZHODCWGBYML3CEJVQ.jpg\" alt=\"Alonso corrige a Aston Martin\" class=\"\" height=\"1\" width=\"1\"   loading=\"lazy\" data-tb-thumbnail=\"\"\/><\/a><a href=\"https:\/\/as.com\/motor\/formula_1\/alonso-se-lleva-una-sorpresa-y-espera-castigo-para-hamilton-n\/\" class=\"s_m_w\" title=\"\u201cHa sido una buena sorpresa\u201d, dice el espa\u00f1ol a AS tras un s\u00e9ptimo luchado: \u201cMe qued\u00f3 con el adelantamiento a Hadjar en la vuelta tres, que no se vio por TV\u201d. \" data-tb-link=\"\" rel=\"nofollow noopener\" target=\"_blank\"><img decoding=\"async\" src=\"https:\/\/www.europesays.com\/es\/wp-content\/uploads\/2025\/10\/1759777389_585_YWK7O5SYQ5KCDHIVDDBAGNDSE4.jpg\" alt=\"La FIA sanciona a Hamilton y Alonso se carga de raz\u00f3n\" class=\"\" height=\"1\" width=\"1\"   loading=\"lazy\" data-tb-thumbnail=\"\"\/><\/a><\/p>\n<p class=\"\">Sin embargo, la realidad en <b>Maranello <\/b>una vez cay\u00f3 la bandera a cuadros, es que su <b>SF-25<\/b> volvi\u00f3 a ser superado en la l\u00ednea de meta por<b> Mercedes, Red Bull y McLaren. <\/b>Las suposiciones no tienen ning\u00fan tipo de valor en la competici\u00f3n y por mucho que <b>Vasseur <\/b>insist\u00eda en que \u201cel ritmo no era malo\u201d sin gestionar los problemas de frenos, la realidad es que hubo quien lo hizo mejor. Aunque el team principal prefiere insistir en que \u201cel ritmo estaba ah\u00ed, y la diferencia con los coches que ten\u00eda delante era coherente con el delta que tienes en los neum\u00e1ticos\u201d. \u201cPero nada m\u00e1s que eso\u201d. Las cr\u00edticas se har\u00e1n a nivel interno. <\/p>\n<p class=\"\"><b>\u00a1Tus opiniones importan!<\/b> Comenta en los art\u00edculos y suscr\u00edbete gratis a nuestra <a href=\"https:\/\/asfan.as.com\/newsletters\/\" rel=\"nofollow noopener\" title=\"https:\/\/asfan.as.com\/newsletters\/\" target=\"_blank\">newsletter<\/a> y a las alertas informativas en la <a href=\"https:\/\/as.com\/aplicacion-de-as-n\/\" rel=\"nofollow noopener\" title=\"https:\/\/as.com\/aplicacion-de-as-n\/\" target=\"_blank\">App<\/a> o el canal de <a href=\"https:\/\/www.whatsapp.com\/channel\/0029VaAasdA7j6g745nz9M10\" rel=\"nofollow noopener\" title=\"https:\/\/www.whatsapp.com\/channel\/0029VaAasdA7j6g745nz9M10\" target=\"_blank\">WhatsApp<\/a>. \u00bfBuscas licenciar contenido? Haz clic <a href=\"https:\/\/profesional.elpais.com\/soluciones-sindicacion?utm_medium=interno&amp;utm_source=crosslinking&amp;utm_campaign=sindicacion_as_pie_articulos\" rel=\"nofollow noopener\" title=\"https:\/\/profesional.elpais.com\/soluciones-sindicacion?utm_medium=interno&amp;utm_source=crosslinking&amp;utm_campaign=sindicacion_as_pie_articulos\" target=\"_blank\">aqu\u00ed<\/a><\/p>\n","protected":false},"excerpt":{"rendered":"Sali\u00f3 ganando Fernando Alonso, ya que el espa\u00f1ol fue al \u00fanico al que afectaron directamente los cinco segundos&hellip;\n","protected":false},"author":2,"featured_media":159840,"comment_status":"","ping_status":"","sticky":false,"template":"","format":"standard","meta":{"footnotes":""},"categories":[270],"tags":[168,25,24,306,271,272,23,167],"class_list":{"0":"post-159839","1":"post","2":"type-post","3":"status-publish","4":"format-standard","5":"has-post-thumbnail","7":"category-formula-1","8":"tag-deportes","9":"tag-es","10":"tag-espana","11":"tag-f1","12":"tag-formula-1","13":"tag-formula1","14":"tag-spain","15":"tag-sports"},"share_on_mastodon":{"url":"","error":""},"_links":{"self":[{"href":"https:\/\/www.europesays.com\/es\/wp-json\/wp\/v2\/posts\/159839","targetHints":{"allow":["GET"]}}],"collection":[{"href":"https:\/\/www.europesays.com\/es\/wp-json\/wp\/v2\/posts"}],"about":[{"href":"https:\/\/www.europesays.com\/es\/wp-json\/wp\/v2\/types\/post"}],"author":[{"embeddable":true,"href":"https:\/\/www.europesays.com\/es\/wp-json\/wp\/v2\/users\/2"}],"replies":[{"embeddable":true,"href":"https:\/\/www.europesays.com\/es\/wp-json\/wp\/v2\/comments?post=159839"}],"version-history":[{"count":0,"href":"https:\/\/www.europesays.com\/es\/wp-json\/wp\/v2\/posts\/159839\/revisions"}],"wp:featuredmedia":[{"embeddable":true,"href":"https:\/\/www.europesays.com\/es\/wp-json\/wp\/v2\/media\/159840"}],"wp:attachment":[{"href":"https:\/\/www.europesays.com\/es\/wp-json\/wp\/v2\/media?parent=159839"}],"wp:term":[{"taxonomy":"category","embeddable":true,"href":"https:\/\/www.europesays.com\/es\/wp-json\/wp\/v2\/categories?post=159839"},{"taxonomy":"post_tag","embeddable":true,"href":"https:\/\/www.europesays.com\/es\/wp-json\/wp\/v2\/tags?post=159839"}],"curies":[{"name":"wp","href":"https:\/\/api.w.org\/{rel}","templated":true}]}}