{"id":159841,"date":"2025-10-06T19:04:14","date_gmt":"2025-10-06T19:04:14","guid":{"rendered":"https:\/\/www.europesays.com\/es\/159841\/"},"modified":"2025-10-06T19:04:14","modified_gmt":"2025-10-06T19:04:14","slug":"el-gran-problema-que-amenaza-ahora-a-joan-penarroya","status":"publish","type":"post","link":"https:\/\/www.europesays.com\/es\/159841\/","title":{"rendered":"el gran problema que amenaza ahora a Joan Pe\u00f1arroya"},"content":{"rendered":"<p>    Noticias relacionadas<\/p>\n<p class=\"paragraph\" id=\"paragraph_1\"><a href=\"https:\/\/cronicaglobal.elespanol.com\/culemania\/secciones\/20250929\/lio-barca-basket-fichajes-navarro-entran-penarroya\/1003742692854_0.html?utm_cmp_rs=linksinline\" target=\"_blank\" rel=\"nofollow noopener\"><strong>El Bar\u00e7a de basket<\/strong> <\/a>no ilusiona. Al menos, en estos inicios del curso nuevo. Sigue el mismo entrenador (<strong>Joan Pe\u00f1arroya)<\/strong> y la plantilla se ha debilitado por los recortes presupuestarios de <a href=\"https:\/\/cronicaglobal.elespanol.com\/culemania\/palco\/20250930\/barca-auditor-formulan-camp-nou-psl-contabilizados\/1003742692445_0.html?utm_cmp_rs=linksinline\" target=\"_blank\" rel=\"nofollow noopener\">Joan Laporta<\/a>. El calendario, adem\u00e1s, puede pasar factura a un equipo en construcci\u00f3n.<\/p>\n<p class=\"paragraph\" id=\"paragraph_2\">El verano ha sido complicado en el Palau Blaugrana. El presupuesto destinado a los salarios de la plantilla se ha reducido de 31,5 millones a 28,7. <strong>Justin Anderson no fue renovado por motivos econ\u00f3micos y <a href=\"https:\/\/cronicaglobal.elespanol.com\/culemania\/secciones\/20250825\/jabari-parker-nba-nutriendo-barca-basket-debilitado\/1003742683777_0.html?utm_cmp_rs=linksinline\" target=\"_blank\" rel=\"nofollow noopener\">Jabari Parker<\/a> cort\u00f3 su vinculaci\u00f3n con el club<\/strong>. Sus sustitutos, <strong>Cale y Norris<\/strong>, son dos jugadores de perfil bajo. Demasiado.<\/p>\n<p>Dos derrotas<\/p>\n<p class=\"paragraph\" id=\"paragraph_3\">El Bar\u00e7a, de momento, no seduce. El equipo de <strong>Pe\u00f1arroya<\/strong> ha perdido los dos \u00faltimos partidos disputados <strong>contra el Joventut (Lliga Catalana) y el Lleida (amistoso)<\/strong>.<\/p>\n<p><img decoding=\"async\" alt=\"Clyburn, Punter y Laprovittola, tras ganar al Andorra en la Lliga Catalana\" data-imgm=\"true\" height=\"180\" loading=\"lazy\"  src=\"https:\/\/www.europesays.com\/es\/wp-content\/uploads\/2025\/09\/1003742689795_15164376_1024x576.jpg\"  width=\"320\"\/><\/p>\n<p>                                                            Clyburn, Punter y Laprovittola, tras ganar al Andorra en la Lliga Catalana<\/p>\n<p>                    FCB<\/p>\n<p class=\"paragraph\" id=\"paragraph_4\">Pe\u00f1arroya asume que el curso ser\u00e1 dif\u00edcil. <strong>Laprovittola<\/strong> acaba de volver de una grave lesi\u00f3n de rodilla y est\u00e1 muy lejos de su mejor forma, mientras que <strong>Juan N\u00fa\u00f1ez<\/strong> se ha resentido de sus problemas. Falta por ver tambi\u00e9n si <strong>Clyburn y Shengelia<\/strong> se compenetran mejor que en Italia.<\/p>\n<p>El calendario<\/p>\n<p class=\"paragraph\" id=\"paragraph_5\">El Bar\u00e7a necesita que Cale y Norris aporten m\u00e1s, y que <strong>Juani Marcos<\/strong> asuma m\u00e1s responsabilidades en la direcci\u00f3n. Tambi\u00e9n es imprescindible que el equipo mejore en defensa.<\/p>\n<p><img decoding=\"async\" alt=\"Kevin Punter busca a Shengelia en la pintura, durante el Bar\u00e7a de basket-Joventut\" data-imgm=\"true\" height=\"180\" loading=\"lazy\"  src=\"https:\/\/www.europesays.com\/es\/wp-content\/uploads\/2025\/10\/1003742691633_15200101_1024x576.jpg\"  width=\"320\"\/><\/p>\n<p>                                                            Kevin Punter busca a Shengelia en la pintura, durante el Bar\u00e7a de basket-Joventut<\/p>\n<p>                    FCB<\/p>\n<p class=\"paragraph\" id=\"paragraph_6\">Condicionado por los recortes, el Bar\u00e7a no parte como favorito en la Euroliga. Ni se le espera en la Final Four de una competici\u00f3n en la que disputar\u00e1 su primer partido contra el <strong>Hapoel Tel Aviv<\/strong> en Sof\u00eda. En la segunda jornada visita la pista del <strong>Panathinaikos<\/strong>. En la Liga Endesa, mientras, debuta en la cancha del <strong>Valencia<\/strong>, actual campe\u00f3n de la Supercopa de Espa\u00f1a.<\/p>\n<p class=\"paragraph\" id=\"paragraph_7\">Satoransky, Laprovittola, Willy Hernang\u00f3mez y Vesely superan los 30 a\u00f1os. De su rendimiento y del liderazgo de Kevin Punter depende que el Bar\u00e7a tenga opciones en la Liga y la Euroliga. Con Dar\u00edo Brizuela y Joel Parra, los jugadores m\u00e1s combativos, no basta.<\/p>\n","protected":false},"excerpt":{"rendered":"Noticias relacionadas El Bar\u00e7a de basket no ilusiona. Al menos, en estos inicios del curso nuevo. Sigue el&hellip;\n","protected":false},"author":2,"featured_media":159842,"comment_status":"","ping_status":"","sticky":false,"template":"","format":"standard","meta":{"footnotes":""},"categories":[269],"tags":[299,298,168,25,24,4469,8869,4468,4470,23,167],"class_list":{"0":"post-159841","1":"post","2":"type-post","3":"status-publish","4":"format-standard","5":"has-post-thumbnail","7":"category-baloncesto","8":"tag-baloncesto","9":"tag-basketball","10":"tag-deportes","11":"tag-es","12":"tag-espana","13":"tag-fcb-basket","14":"tag-joan-penarroya","15":"tag-juan-carlos-navarro","16":"tag-secciones","17":"tag-spain","18":"tag-sports"},"share_on_mastodon":{"url":"","error":""},"_links":{"self":[{"href":"https:\/\/www.europesays.com\/es\/wp-json\/wp\/v2\/posts\/159841","targetHints":{"allow":["GET"]}}],"collection":[{"href":"https:\/\/www.europesays.com\/es\/wp-json\/wp\/v2\/posts"}],"about":[{"href":"https:\/\/www.europesays.com\/es\/wp-json\/wp\/v2\/types\/post"}],"author":[{"embeddable":true,"href":"https:\/\/www.europesays.com\/es\/wp-json\/wp\/v2\/users\/2"}],"replies":[{"embeddable":true,"href":"https:\/\/www.europesays.com\/es\/wp-json\/wp\/v2\/comments?post=159841"}],"version-history":[{"count":0,"href":"https:\/\/www.europesays.com\/es\/wp-json\/wp\/v2\/posts\/159841\/revisions"}],"wp:featuredmedia":[{"embeddable":true,"href":"https:\/\/www.europesays.com\/es\/wp-json\/wp\/v2\/media\/159842"}],"wp:attachment":[{"href":"https:\/\/www.europesays.com\/es\/wp-json\/wp\/v2\/media?parent=159841"}],"wp:term":[{"taxonomy":"category","embeddable":true,"href":"https:\/\/www.europesays.com\/es\/wp-json\/wp\/v2\/categories?post=159841"},{"taxonomy":"post_tag","embeddable":true,"href":"https:\/\/www.europesays.com\/es\/wp-json\/wp\/v2\/tags?post=159841"}],"curies":[{"name":"wp","href":"https:\/\/api.w.org\/{rel}","templated":true}]}}