{"id":159845,"date":"2025-10-06T19:06:17","date_gmt":"2025-10-06T19:06:17","guid":{"rendered":"https:\/\/www.europesays.com\/es\/159845\/"},"modified":"2025-10-06T19:06:17","modified_gmt":"2025-10-06T19:06:17","slug":"se-llego-a-un-acuerdo-amistoso","status":"publish","type":"post","link":"https:\/\/www.europesays.com\/es\/159845\/","title":{"rendered":"Se lleg\u00f3 a un acuerdo amistoso"},"content":{"rendered":"<p class=\"paragraph\" id=\"paragraph_1\">En v\u00edsperas del <strong>s\u00e9ptimo aniversario del fallecimiento de <a href=\"https:\/\/www.elespanol.com\/corazon\/20250722\/justicia-desahucia-familia-montserrat-caballe-sede-fundacion-impagos-euros\/1003743856163_0.html?utm_cmp_rs=linksinline\" rel=\"nofollow noopener\" target=\"_blank\">Montserrat Caball\u00e9<\/a><\/strong>, su hermano Carlos y su sobrina Montserrat ya est\u00e1n tranquilos con respecto a la<strong> orden de<\/strong> <strong>desahucio<\/strong> que pesaba sobre ellos y la sede de la <strong>Fundaci\u00f3n Privada Montserrat Caball\u00e9<\/strong>.<\/p>\n<p class=\"paragraph\" id=\"paragraph_2\">Fue el pasado mes de julio cuando <a href=\"https:\/\/www.elespanol.com\/corazon\/?utm_cmp_rs=linksinline\" target=\"_blank\" rel=\"nofollow noopener\"><strong>EL ESPA\u00d1OL<\/strong><\/a> public\u00f3 en exclusiva la decisi\u00f3n de la justicia de ordenar el desalojo de los implicados por el <strong>impago desde 2023<\/strong>, de<strong> 41.256,73 euros<\/strong> del alquiler del inmueble de 250 metros cuadrados, sito en la c\u00e9ntrica calle Muntaner de la Ciudad Condal.<\/p>\n<p class=\"paragraph\" id=\"paragraph_3\">Tal y como ha declarado <strong>Montserrat Mart\u00ed<\/strong> (52 a\u00f1os), hija de la cantante de \u00f3pera, en el programa Y ahora Sonsoles, \u00abtodo ha sido muy confuso\u00bb, ya que realmente la orden de desahucio que tendr\u00eda que haberse ejecutado este 3 de octubre pesaba sobre el domicilio donde viven el hermano y la sobrina de la soprano, que tambi\u00e9n es donde se encuentra la Fundaci\u00f3n.<\/p>\n<p><img loading=\"lazy\" decoding=\"async\" alt=\"Montserrat Caball\u00e9, en una fotograf\u00eda de archivo.\" height=\"180\" src=\"https:\/\/www.europesays.com\/es\/wp-content\/uploads\/2025\/10\/1003743919105_258590504_320x180.jpg\" width=\"320\" data-lazy-status=\"processed\" data-lazy-info=\"remove loading item 1\"\/><\/p>\n<p><img decoding=\"async\" alt=\"Montserrat Caball\u00e9 Claus en la presentaci\u00f3n de 'El Fantasma de la \u00d3pera' en Barcelona.\" data-imgm=\"true\" height=\"180\" loading=\"lazy\"  src=\"https:\/\/www.europesays.com\/es\/wp-content\/uploads\/2025\/10\/1003743947251_259072489_1024x576.jpg\"  width=\"320\"\/><\/p>\n<p>                                                            Montserrat Caball\u00e9 Claus en la presentaci\u00f3n de &#8216;El Fantasma de la \u00d3pera&#8217; en Barcelona.<\/p>\n<p>                    Jordi Galderic<\/p>\n<p class=\"paragraph\" id=\"paragraph_4\">Es decir, existe un contrato mixto con dos titulares arrendatarios y, concretamente, el se\u00f1or Caball\u00e9 ten\u00eda que haber abonado una <strong>cuota de 1.163,68 euros mensuales<\/strong>.<\/p>\n<p class=\"paragraph\" id=\"paragraph_5\">Mientras Montsita, como cari\u00f1osamente se le conoce a Montserrat Mart\u00ed se encontraba en Madrid homenajeando a su madre, su prima Montserrat Caball\u00e9 acud\u00eda en el teatro T\u00edvoli de Barcelona al <strong>estreno del musical El fantasma de la \u00f3pera<\/strong>, cuyo protagonista principal es Daniel Diges.<\/p>\n<p class=\"paragraph\" id=\"paragraph_6\">Ante los medios presentes, entre los que se encontraba este peri\u00f3dico, Montserrat ha comentado: \u00ab<strong>Olvidadlo todo<\/strong>. A disfrutar, venimos a disfrutar de este maravilloso musical que ya vimos en Londres y vamos a ver ahora la versi\u00f3n que se ha hecho aqu\u00ed. Pero seguro que el conjunto que Andrew Lloyd Webber ha hecho con Antonio Banderas es un espect\u00e1culo impresionante\u00bb.<\/p>\n<p class=\"paragraph\" id=\"paragraph_7\">Afortunadamente, <strong>la ejecuci\u00f3n del desahucio ya no se realizar\u00e1<\/strong> el pr\u00f3ximo 3 de octubre porque se ha demostrado la<strong> vulnerabilidad de Carlos Caball\u00e9<\/strong>. Ante la insistencia sobre el tema, la protagonista de la noticia ha reiterado que \u00abya est\u00e1 todo solucionado, arreglado y ya no se vuelve a hablar m\u00e1s del tema. Siempre ha habido buena voluntad para arreglarlo. Se lleg\u00f3 a un acuerdo amistoso y ha quedado todo arreglado ya\u00bb.<\/p>\n<p><img decoding=\"async\" alt=\"Montserrat Caball\u00e9 en una imagen de archivo.\" data-imgm=\"true\" height=\"180\" loading=\"lazy\"  src=\"https:\/\/www.europesays.com\/es\/wp-content\/uploads\/2025\/10\/1003743858084_257509195_1024x576.jpg\"  width=\"320\"\/><\/p>\n<p>                                                            Montserrat Caball\u00e9 en una imagen de archivo.<\/p>\n<p>                    Gtres<\/p>\n<p class=\"paragraph\" id=\"paragraph_8\">Octubre siempre es un mes significativo para la familia porque se celebra el aniversario de la muerte de la soprano acaecida el 6 de octubre de 2018 a los 85 a\u00f1os. Curiosamente, este a\u00f1o tambi\u00e9n se cumplen <strong>siete d\u00e9cadas desde que Caball\u00e9 pisara por primera vez un escenario<\/strong> donde cant\u00f3 el papel titular de La serva padrona en el Teatro Fortuny de Reus (Tarragona).<\/p>\n<p class=\"paragraph\" id=\"paragraph_9\">Considerada una de las mejores voces junto a su amiga <strong>Mar\u00eda Callas<\/strong>, mucho se ha hablado de posibles <strong>homenajes<\/strong> a la estrella catalana del bel canto. Entre ellos, una estatua junto a <strong>Freddy Mercury<\/strong>. No hay que olvidar que ambos cantaron el himno Barcelona con motivo de las Olimpiadas de 1992 que lamentablemente el artista brit\u00e1nico no pudo disfrutar porque hab\u00eda fallecido previamente a ra\u00edz de las complicaciones derivadas del sida.<\/p>\n<p><img decoding=\"async\" alt=\"Montserrat Caball\u00e9, en una fotograf\u00eda de archivo.\" data-imgm=\"true\" height=\"180\" loading=\"lazy\"  src=\"https:\/\/www.europesays.com\/es\/wp-content\/uploads\/2025\/10\/1003743919105_258590501_1024x576.jpg\"  width=\"320\"\/><\/p>\n<p>                                                            Montserrat Caball\u00e9, en una fotograf\u00eda de archivo.<\/p>\n<p>                    Gtres<\/p>\n<p class=\"paragraph\" id=\"paragraph_10\">Sobre ello tambi\u00e9n se ha pronunciado la hija de la soprano. \u00abYo tambi\u00e9n lo he o\u00eddo hace dos a\u00f1os\u00bb, asegura Montserrat, \u00abpero no me han dicho nada m\u00e1s. Todav\u00eda no hay constancia. Dijeron que dir\u00edan algo, pero tambi\u00e9n<strong> estamos esperando que pongan su nombre en alguna calle o en alg\u00fan espacio p\u00fablico<\/strong>, que todav\u00eda tampoco se ha hecho. Se hablan de muchas cosas pero, \u00a1T\u00fa has visto algo? Yo tampoco\u00bb.<\/p>\n<p class=\"paragraph\" id=\"paragraph_11\">En esta noche tan especial para el teatro musical no han faltado otros rostros conocidos como <strong>Javier Sard\u00e1<\/strong> (67), <strong>Carlos Latre<\/strong> (46), <strong>Rebeca<\/strong> (50) y <strong>Mar\u00eda Lapiedra<\/strong> (41) con <strong>Gustavo Gonz\u00e1lez<\/strong> (59), entre otros<\/p>\n","protected":false},"excerpt":{"rendered":"En v\u00edsperas del s\u00e9ptimo aniversario del fallecimiento de Montserrat Caball\u00e9, su hermano Carlos y su sobrina Montserrat ya&hellip;\n","protected":false},"author":2,"featured_media":159846,"comment_status":"","ping_status":"","sticky":false,"template":"","format":"standard","meta":{"footnotes":""},"categories":[174],"tags":[255,9205,146,147,25,24,256,2158,23,493],"class_list":{"0":"post-159845","1":"post","2":"type-post","3":"status-publish","4":"format-standard","5":"has-post-thumbnail","7":"category-famosos","8":"tag-celebrities","9":"tag-desahucios","10":"tag-entertainment","11":"tag-entretenimiento","12":"tag-es","13":"tag-espana","14":"tag-famosos","15":"tag-justicia","16":"tag-spain","17":"tag-tribunales"},"share_on_mastodon":{"url":"","error":""},"_links":{"self":[{"href":"https:\/\/www.europesays.com\/es\/wp-json\/wp\/v2\/posts\/159845","targetHints":{"allow":["GET"]}}],"collection":[{"href":"https:\/\/www.europesays.com\/es\/wp-json\/wp\/v2\/posts"}],"about":[{"href":"https:\/\/www.europesays.com\/es\/wp-json\/wp\/v2\/types\/post"}],"author":[{"embeddable":true,"href":"https:\/\/www.europesays.com\/es\/wp-json\/wp\/v2\/users\/2"}],"replies":[{"embeddable":true,"href":"https:\/\/www.europesays.com\/es\/wp-json\/wp\/v2\/comments?post=159845"}],"version-history":[{"count":0,"href":"https:\/\/www.europesays.com\/es\/wp-json\/wp\/v2\/posts\/159845\/revisions"}],"wp:featuredmedia":[{"embeddable":true,"href":"https:\/\/www.europesays.com\/es\/wp-json\/wp\/v2\/media\/159846"}],"wp:attachment":[{"href":"https:\/\/www.europesays.com\/es\/wp-json\/wp\/v2\/media?parent=159845"}],"wp:term":[{"taxonomy":"category","embeddable":true,"href":"https:\/\/www.europesays.com\/es\/wp-json\/wp\/v2\/categories?post=159845"},{"taxonomy":"post_tag","embeddable":true,"href":"https:\/\/www.europesays.com\/es\/wp-json\/wp\/v2\/tags?post=159845"}],"curies":[{"name":"wp","href":"https:\/\/api.w.org\/{rel}","templated":true}]}}