{"id":159847,"date":"2025-10-06T19:08:11","date_gmt":"2025-10-06T19:08:11","guid":{"rendered":"https:\/\/www.europesays.com\/es\/159847\/"},"modified":"2025-10-06T19:08:11","modified_gmt":"2025-10-06T19:08:11","slug":"javier-milei-relanza-su-campana-y-presenta-su-nuevo-libro-en-un-estadio-cerrado","status":"publish","type":"post","link":"https:\/\/www.europesays.com\/es\/159847\/","title":{"rendered":"Javier Milei relanza su campa\u00f1a y presenta su nuevo libro en un estadio cerrado"},"content":{"rendered":"\n<p>La idea del Gobierno es que el mandatario pueda inyectar energ\u00eda al armado de <strong>La Libertad Avanza (LLA)<\/strong> en varios distritos, buscando un revulsivo tras el reciente esc\u00e1ndalo que involucr\u00f3 a <strong><a href=\"https:\/\/www.ambito.com\/politica\/el-gobierno-admitio-que-el-escandalo-jose-luis-espert-golpeo-la-campana-la-libertad-avanza-n6198735\" target=\"_blank\" rel=\"follow nofollow noopener\">Jos\u00e9 Luis Espert<\/a><\/strong>, y que deriv\u00f3 en que baje su candidatura.<\/p>\n<p>Fuentes de la campa\u00f1a nacional confirmaron que el plan es que Milei visite la mayor cantidad de lugares posibles en esta corta<strong> \u00abventana de tiempo\u00bb. <\/strong>Por lo que esta semana, el libertario visitar\u00eda cinco provincias, antes de un nuevo viaje a Estados Unidos.<\/p>\n<p>Lemoine y Milei en el Movistar   <\/p>\n<p> Javier Milei encabezar\u00e1 la presentaci\u00f3n de su nuevo libro en el Movistar Arena.<\/p>\n<p>     Javier Milei presenta su libro <\/p>\n<p>La semana arranca con un evento at\u00edpico: la presentaci\u00f3n del libro de Milei, <strong>\u201cLa Construcci\u00f3n del Milagro\u201d<\/strong>, en el <strong>Movistar Arena<\/strong>.<\/p>\n<p>Este evento no solo contar\u00e1 con la presencia de casi todo el Gabinete, sino que culminar\u00e1 con un <strong>show musical<\/strong> protagonizado por el propio presidente. El Presidente se subir\u00e1 al escenario junto a <strong>\u201cLa Banda Presidencial\u201d<\/strong>, integrada por los Benegas Lynch (Bertie en bater\u00eda y Joaqu\u00edn en guitarra) y el bi\u00f3grafo Marcelo Duclos (bajo). El vocero presidencial, <strong>Manuel Adorni<\/strong>, ser\u00e1 el presentador del show.<\/p>\n<p>El mandatario <strong>ensaya una hoja de canciones elegidas por su \u201cmensaje pol\u00edtico\u201d <\/strong>que interpretar\u00e1 en la previa a la presentaci\u00f3n de su nueva obra.<\/p>\n<p>La idea del libertario es protagonizar un mega evento en el Movistar Arena que incluya una etapa musical y otra de fundamentaci\u00f3n de su obra, y trabaja para sumar a<strong> funcionarios de su Gabinete a la interpretaci\u00f3n de la pieza final del mini concierto.<\/strong><\/p>\n<p><strong> Javier Milei sorprendi\u00f3 con un \u00ablive\u00bb de la prueba de sonido en la previa de su recital<\/strong>  <\/p>\n<p><strong> Javier Milei <\/strong>realiz\u00f3 un vivo en Instagram previo a <strong>la prueba de sonido<a href=\"https:\/\/www.ambito.com\/politica\/javier-milei-publicara-un-nuevo-libro-se-titulara-la-construccion-del-milagro-n6192985\" target=\"_blank\" rel=\"follow noopener nofollow\"> en el Movistar Arena<\/a><\/strong>, donde presentar\u00e1 su nuevo libro <strong> \u201cLa construcci\u00f3n del milagro\u201d <\/strong>este lunes 6 de octubre. El evento se realizar\u00e1 luego del estallido pol\u00edtico protagonizado por la renuncia de <strong><a href=\"https:\/\/www.ambito.com\/politica\/jose-luis-espert-renuncio-la-comision-presupuesto-la-camara-diputados-n6198854\" target=\"_blank\" rel=\"follow noopener nofollow\">Jos\u00e9 Luis Espert<\/a><\/strong> a su candidatura a diputado, cuestionado por su v\u00ednculo con <strong>Fred Machado.<\/strong><\/p>\n<p> Durante la transmisi\u00f3n, el mandatario brind\u00f3 detalles del show, confirmando que cantar\u00e1 en vivo junto a <strong><a href=\"https:\/\/www.ambito.com\/politica\/javier-milei-ensayo-junto-lilia-lemoine-y-su-banda-antes-la-presentacion-del-nuevo-libro-el-movistar-arena-n6198546\" target=\"_blank\" rel=\"follow noopener nofollow\">\u00abLa Banda del Presidente\u00bb <\/a><\/strong> y mostr\u00f3 c\u00f3mo ser\u00e1 la estructura del escenario <strong>\u00abesto se est\u00e1 poniendo bueno, divertido\u00bb<\/strong>, adelant\u00f3. Posteriormente, cant\u00f3 junto a Lilia Lemoine: <strong>\u00abYo soy un liberal, soy de todos el m\u00e1s liberal, no me pod\u00e9s pisar porque soy capitalista\u00bb.<\/strong><\/p>\n","protected":false},"excerpt":{"rendered":"La idea del Gobierno es que el mandatario pueda inyectar energ\u00eda al armado de La Libertad Avanza (LLA)&hellip;\n","protected":false},"author":2,"featured_media":159848,"comment_status":"","ping_status":"","sticky":false,"template":"","format":"standard","meta":{"footnotes":""},"categories":[172],"tags":[224,146,147,25,24,225,23],"class_list":{"0":"post-159847","1":"post","2":"type-post","3":"status-publish","4":"format-standard","5":"has-post-thumbnail","7":"category-libros","8":"tag-books","9":"tag-entertainment","10":"tag-entretenimiento","11":"tag-es","12":"tag-espana","13":"tag-libros","14":"tag-spain"},"share_on_mastodon":{"url":"","error":""},"_links":{"self":[{"href":"https:\/\/www.europesays.com\/es\/wp-json\/wp\/v2\/posts\/159847","targetHints":{"allow":["GET"]}}],"collection":[{"href":"https:\/\/www.europesays.com\/es\/wp-json\/wp\/v2\/posts"}],"about":[{"href":"https:\/\/www.europesays.com\/es\/wp-json\/wp\/v2\/types\/post"}],"author":[{"embeddable":true,"href":"https:\/\/www.europesays.com\/es\/wp-json\/wp\/v2\/users\/2"}],"replies":[{"embeddable":true,"href":"https:\/\/www.europesays.com\/es\/wp-json\/wp\/v2\/comments?post=159847"}],"version-history":[{"count":0,"href":"https:\/\/www.europesays.com\/es\/wp-json\/wp\/v2\/posts\/159847\/revisions"}],"wp:featuredmedia":[{"embeddable":true,"href":"https:\/\/www.europesays.com\/es\/wp-json\/wp\/v2\/media\/159848"}],"wp:attachment":[{"href":"https:\/\/www.europesays.com\/es\/wp-json\/wp\/v2\/media?parent=159847"}],"wp:term":[{"taxonomy":"category","embeddable":true,"href":"https:\/\/www.europesays.com\/es\/wp-json\/wp\/v2\/categories?post=159847"},{"taxonomy":"post_tag","embeddable":true,"href":"https:\/\/www.europesays.com\/es\/wp-json\/wp\/v2\/tags?post=159847"}],"curies":[{"name":"wp","href":"https:\/\/api.w.org\/{rel}","templated":true}]}}