{"id":159853,"date":"2025-10-06T19:14:10","date_gmt":"2025-10-06T19:14:10","guid":{"rendered":"https:\/\/www.europesays.com\/es\/159853\/"},"modified":"2025-10-06T19:14:10","modified_gmt":"2025-10-06T19:14:10","slug":"zara-rebaja-por-sorpresa-a-17-euros-su-chaqueta-de-ante-de-tendencia-de-otono-mas-clasica-y-elegante-de-2025","status":"publish","type":"post","link":"https:\/\/www.europesays.com\/es\/159853\/","title":{"rendered":"Zara rebaja por sorpresa a 17 euros su chaqueta de ante de tendencia de oto\u00f1o m\u00e1s cl\u00e1sica y elegante de 2025"},"content":{"rendered":"<p data-journey-content=\"true\" data-node-id=\"0\" class=\"css-6wxqfj emevuu60\">Las <strong data-node-id=\"0.1\"><a href=\"https:\/\/www.elle.com\/es\/moda\/noticias\/a66101387\/prendas-de-tendencia-de-otono-2025-looks-de-entretiempo-expertas-en-moda-armario\/\" data-vars-ga-outbound-link=\"https:\/\/www.elle.com\/es\/moda\/noticias\/a66101387\/prendas-de-tendencia-de-otono-2025-looks-de-entretiempo-expertas-en-moda-armario\/\" data-vars-ga-ux-element=\"Hyperlink\" data-vars-ga-call-to-action=\"expertas de moda estamos de acuerdo \" data-node-id=\"0.1.0\" class=\"body-link css-103hk4r emevuu60\" rel=\"nofollow noopener\" target=\"_blank\">expertas de moda estamos de acuerdo <\/a><\/strong>en que la prenda que obsesiona a todo el mundo, y es literalmente al planeta entero son las <strong data-node-id=\"0.3\"><a href=\"https:\/\/www.elle.com\/es\/moda\/noticias\/a66035946\/chaquetas-de-ante-mujer-baratas-otono-zara-mango-stradivarius-primark-pullbear-bershka\/\" data-vars-ga-outbound-link=\"https:\/\/www.elle.com\/es\/moda\/noticias\/a66035946\/chaquetas-de-ante-mujer-baratas-otono-zara-mango-stradivarius-primark-pullbear-bershka\/\" data-vars-ga-ux-element=\"Hyperlink\" data-vars-ga-call-to-action=\"chaquetas de ante\" data-node-id=\"0.3.0\" class=\"body-link css-103hk4r emevuu60\" rel=\"nofollow noopener\" target=\"_blank\">chaquetas de ante<\/a><\/strong>. Una de las tendencia de oto\u00f1o de 2025 que sigue tras su fulgurante \u00e9xito en 2024, y que parece ser una de las prwndas m\u00e1s buscadas de esta temporada. Para dar con una ideal para ti tienes que pensar en tus gustos y en el presupuesto, ya que lo mejor,<strong data-node-id=\"0.5\"> como experta te lo digo, es que compres una &#8216;vintage&#8217; en Vinted, ya que no solo es m\u00e1s sostenible sino que es m\u00e1s aut\u00e9ntico<\/strong>. Por unos 35\/50 euros puedes tener una chaqueta de ante bonita y eterna. Si tu precupuesto es menor, traigo buenas noticias y es que<strong data-node-id=\"0.7\"><a href=\"https:\/\/www.elle.com\/es\/zara-mujer-novedades\/\" data-vars-ga-outbound-link=\"https:\/\/www.elle.com\/es\/zara-mujer-novedades\/\" data-vars-ga-ux-element=\"Hyperlink\" data-vars-ga-call-to-action=\" Zara \" data-node-id=\"0.7.0\" class=\"body-link css-103hk4r emevuu60\" rel=\"nofollow noopener\" target=\"_blank\"> Zara <\/a><\/strong>ha rebajado por sorpresa una de sus chaquetas de ante m\u00e1s cl\u00e1sicas y elegantes, la que tiene dise\u00f1o de blazer ligera, que es m\u00e1s vers\u00e1til en estilismos de trabajo.<\/p>\n<p data-journey-content=\"true\" data-node-id=\"1\" class=\"css-6wxqfj emevuu60\"><strong data-node-id=\"1.0\">\u00bfPor qu\u00e9 Zara rebaja estas prendas en pleno arranque de temporada?<\/strong> Esa es una de las grandes inc\u00f3gnitas, s\u00f3lo resueltas parcialmente por uno de los grandes expertos en estrategia de consumo, Pedro Mu\u00f1oz Revueltam, que aseguira que \u00abZara puede hacer estos descuentos porque necesita liberar stock, y como sabe que su compradora no se va a quedar con lo que nadie quiere, que parece ser una estrategia habitual en las firmas, de vez en cuando rebaja estas piezas que si quieren. Y las fideliza\u00bb. <\/p>\n<p data-journey-content=\"true\" data-node-id=\"2\" class=\"css-6wxqfj emevuu60\">En esta nueva era de consumo<strong data-node-id=\"2.1\">, la firma que fidelice a sus compradoras entre tanta oferta se lleva el premio gordo, y Zara lo hace muy bien<\/strong>.<\/p>\n<p data-journey-content=\"true\" data-node-id=\"4\" class=\"css-6wxqfj emevuu60\"> Lo haga opor lo que lo haga les tenemos que dar las gracias porque elegir rebajar a 17,99 euros esta <strong data-node-id=\"4.1\">chaqueta de ante, la m\u00e1s cl\u00e1sica y elegante del oto\u00f1o 2025 es un regalo<\/strong>. <br data-node-id=\"4.3\"\/><\/p>\n<p>Algunos looks que podemos emular con la chaqueta de ante de Zara de 17,99 euros <\/p>\n<p data-journey-content=\"true\" data-node-id=\"6\" class=\"css-6wxqfj emevuu60\">Sobre vestidos blancos, dos piezas de tendencia, sobre <strong data-node-id=\"6.1\"><a href=\"https:\/\/www.elle.com\/es\/moda\/tendencias\/a62633925\/como-combinar-jerseys-finos-tendencias-looks\/\" data-vars-ga-outbound-link=\"https:\/\/www.elle.com\/es\/moda\/tendencias\/a62633925\/como-combinar-jerseys-finos-tendencias-looks\/\" data-vars-ga-ux-element=\"Hyperlink\" data-vars-ga-call-to-action=\"looks con jersey fino\" data-node-id=\"6.1.0\" class=\"body-link css-103hk4r emevuu60\" rel=\"nofollow noopener\" target=\"_blank\">looks con jersey fino<\/a><\/strong>, con <strong data-node-id=\"6.3\"><a href=\"https:\/\/www.elle.com\/es\/moda\/noticias\/a68164210\/vaqueros-de-tendencia-de-otono-2025-looks-de-entretiempo-expertas-en-moda-armario\/\" data-vars-ga-outbound-link=\"https:\/\/www.elle.com\/es\/moda\/noticias\/a68164210\/vaqueros-de-tendencia-de-otono-2025-looks-de-entretiempo-expertas-en-moda-armario\/\" data-vars-ga-ux-element=\"Hyperlink\" data-vars-ga-call-to-action=\"vaqueros de tendencia \" data-node-id=\"6.3.0\" class=\"body-link css-103hk4r emevuu60\" rel=\"nofollow noopener\" target=\"_blank\">vaqueros de tendencia <\/a><\/strong>o con lo que quieras. Va con TODO.<\/p>\n<p><img draggable=\"true\" alt=\"chaquetas de ante de zara baratas\" title=\"chaquetas de ante de zara baratas\" loading=\"lazy\" width=\"3262\" height=\"4894\" decoding=\"async\" data-nimg=\"1\" style=\"color:transparent;width:100%;height:auto;\"   src=\"https:\/\/www.europesays.com\/es\/wp-content\/uploads\/2025\/10\/looks-que-podemos-emular-con-la-chaqueta-de-ante-de-zara-de-17-99-euros-4-68e3ad2f82b33.jpg\" class=\"css-0 e1g79fud0\"\/><a target=\"_blank\" rel=\"noopener nofollow\" data-theme-key=\"base-link\" href=\"https:\/\/pinterest.com\/pin\/create\/button\/?url=https:\/\/www.elle.com\/es\/moda\/noticias\/a68845226\/zara-rebajas-chaqueta-de-ante-de-tendencia-de-otono-clasica-elegante-2025\/&amp;description=- ElleSpain&amp;media=https:\/\/hips.hearstapps.com\/hmg-prod\/images\/looks-que-podemos-emular-con-la-chaqueta-de-ante-de-zara-de-17-99-euros-4-68e3ad2f82b33.jpg?resize=1600:*\" class=\"pinterest css-on9hn5 e1c1bym14\"><img decoding=\"async\" data-dynamic-svg=\"true\" src=\"https:\/\/www.elle.com\/_assets\/design-tokens\/fre\/static\/icons\/social\/pinterest.e8cf655.svg?primary=%2523ffffff\" loading=\"lazy\" data-testid=\"dynamic-svg-base\" height=\"auto\" width=\"auto\" alt=\"pinterest\" class=\"css-4lml0h e1mlxuuw1\"\/><\/a><\/p>\n<p>Edward Berthelot<\/p>\n<p><img draggable=\"true\" alt=\"looks que podemos emular con la chaqueta de ante de zara de 17,99 euros\" title=\" looks que podemos emular con la chaqueta de ante de Zara de 17,99 euros\" loading=\"lazy\" width=\"5405\" height=\"7709\" decoding=\"async\" data-nimg=\"1\" style=\"color:transparent;width:100%;height:auto;\"   src=\"https:\/\/www.europesays.com\/es\/wp-content\/uploads\/2025\/10\/gettyimages-2114049435-68e3a7d93a6dd.jpg\" class=\"css-0 e1g79fud0\"\/><a target=\"_blank\" rel=\"noopener nofollow\" data-theme-key=\"base-link\" href=\"https:\/\/pinterest.com\/pin\/create\/button\/?url=https:\/\/www.elle.com\/es\/moda\/noticias\/a68845226\/zara-rebajas-chaqueta-de-ante-de-tendencia-de-otono-clasica-elegante-2025\/&amp;description=- ElleSpain&amp;media=https:\/\/hips.hearstapps.com\/hmg-prod\/images\/gettyimages-2114049435-68e3a7d93a6dd.jpg?resize=1600:*\" class=\"pinterest css-on9hn5 e1c1bym14\"><img decoding=\"async\" data-dynamic-svg=\"true\" src=\"https:\/\/www.elle.com\/_assets\/design-tokens\/fre\/static\/icons\/social\/pinterest.e8cf655.svg?primary=%2523ffffff\" loading=\"lazy\" data-testid=\"dynamic-svg-base\" height=\"auto\" width=\"auto\" alt=\"pinterest\" class=\"css-4lml0h e1mlxuuw1\"\/><\/a><\/p>\n<p>Cortesia Zara<\/p>\n<p><img draggable=\"true\" alt=\"looks que podemos emular con la chaqueta de ante de zara de 17,99 euros\" title=\" looks que podemos emular con la chaqueta de ante de Zara de 17,99 euros\" loading=\"lazy\" width=\"3747\" height=\"5446\" decoding=\"async\" data-nimg=\"1\" style=\"color:transparent;width:100%;height:auto;\"   src=\"https:\/\/www.europesays.com\/es\/wp-content\/uploads\/2025\/10\/looks-que-podemos-emular-con-la-chaqueta-de-ante-de-zara-de-17-99-euros-2-68e3a80aad0de.jpg\" class=\"css-0 e1g79fud0\"\/><a target=\"_blank\" rel=\"noopener nofollow\" data-theme-key=\"base-link\" href=\"https:\/\/pinterest.com\/pin\/create\/button\/?url=https:\/\/www.elle.com\/es\/moda\/noticias\/a68845226\/zara-rebajas-chaqueta-de-ante-de-tendencia-de-otono-clasica-elegante-2025\/&amp;description=- ElleSpain&amp;media=https:\/\/hips.hearstapps.com\/hmg-prod\/images\/looks-que-podemos-emular-con-la-chaqueta-de-ante-de-zara-de-17-99-euros-2-68e3a80aad0de.jpg?resize=1600:*\" class=\"pinterest css-on9hn5 e1c1bym14\"><img decoding=\"async\" data-dynamic-svg=\"true\" src=\"https:\/\/www.elle.com\/_assets\/design-tokens\/fre\/static\/icons\/social\/pinterest.e8cf655.svg?primary=%2523ffffff\" loading=\"lazy\" data-testid=\"dynamic-svg-base\" height=\"auto\" width=\"auto\" alt=\"pinterest\" class=\"css-4lml0h e1mlxuuw1\"\/><\/a><\/p>\n<p>Cortesia Zara<\/p>\n<p><img draggable=\"true\" alt=\"looks que podemos emular con la chaqueta de ante de zara de 17,99 euros\" title=\" looks que podemos emular con la chaqueta de ante de Zara de 17,99 euros\" loading=\"lazy\" width=\"3915\" height=\"5873\" decoding=\"async\" data-nimg=\"1\" style=\"color:transparent;width:100%;height:auto;\"   src=\"https:\/\/www.europesays.com\/es\/wp-content\/uploads\/2025\/10\/looks-que-podemos-emular-con-la-chaqueta-de-ante-de-zara-de-17-99-euros-3-68e3a80abe391.jpg\" class=\"css-0 e1g79fud0\"\/><a target=\"_blank\" rel=\"noopener nofollow\" data-theme-key=\"base-link\" href=\"https:\/\/pinterest.com\/pin\/create\/button\/?url=https:\/\/www.elle.com\/es\/moda\/noticias\/a68845226\/zara-rebajas-chaqueta-de-ante-de-tendencia-de-otono-clasica-elegante-2025\/&amp;description=- ElleSpain&amp;media=https:\/\/hips.hearstapps.com\/hmg-prod\/images\/looks-que-podemos-emular-con-la-chaqueta-de-ante-de-zara-de-17-99-euros-3-68e3a80abe391.jpg?resize=1600:*\" class=\"pinterest css-on9hn5 e1c1bym14\"><img decoding=\"async\" data-dynamic-svg=\"true\" src=\"https:\/\/www.elle.com\/_assets\/design-tokens\/fre\/static\/icons\/social\/pinterest.e8cf655.svg?primary=%2523ffffff\" loading=\"lazy\" data-testid=\"dynamic-svg-base\" height=\"auto\" width=\"auto\" alt=\"pinterest\" class=\"css-4lml0h e1mlxuuw1\"\/><\/a><\/p>\n<p>Cortesia Zara<\/p>\n<p>La chaqueta de ante de Zara rebajada a 17,99 euros  <img draggable=\"true\" alt=\"chaqueta de ante de zara rebajada\" title=\"chaqueta de ante de Zara rebajada \" loading=\"lazy\" width=\"1440\" height=\"2160\" decoding=\"async\" data-nimg=\"1\" style=\"color:transparent;width:100%;height:auto;\"   src=\"https:\/\/www.europesays.com\/es\/wp-content\/uploads\/2025\/10\/la-chaqueta-de-ante-de-zara-rebajada-68e3a881e9409.jpg\" class=\"css-0 e1g79fud0\"\/><a target=\"_blank\" rel=\"noopener nofollow\" data-theme-key=\"base-link\" href=\"https:\/\/pinterest.com\/pin\/create\/button\/?url=https:\/\/www.elle.com\/es\/moda\/noticias\/a68845226\/zara-rebajas-chaqueta-de-ante-de-tendencia-de-otono-clasica-elegante-2025\/&amp;description=- ElleSpain&amp;media=https:\/\/hips.hearstapps.com\/hmg-prod\/images\/la-chaqueta-de-ante-de-zara-rebajada-68e3a881e9409.jpg?resize=1600:*\" class=\"pinterest css-on9hn5 e1c1bym14\"><img decoding=\"async\" data-dynamic-svg=\"true\" src=\"https:\/\/www.elle.com\/_assets\/design-tokens\/fre\/static\/icons\/social\/pinterest.e8cf655.svg?primary=%2523ffffff\" loading=\"lazy\" data-testid=\"dynamic-svg-base\" height=\"auto\" width=\"auto\" alt=\"pinterest\" class=\"css-4lml0h e1mlxuuw1\"\/><\/a><\/p>\n<p>Cortesia Zara<\/p>\n<p>Zara Chaqueta de ante<\/p>\n<p><a target=\"_blank\" rel=\"nofollow noopener\" data-theme-key=\"product-image-wrapper\" href=\"https:\/\/www.zara.com\/es\/es\/blazer-efecto-ante-p03046271.html?v1=463253484&amp;v2=2604624\" aria-label=\"18\u00a0\u20ac en ZARA for Chaqueta de ante\" data-href=\"https:\/\/www.zara.com\/es\/es\/blazer-efecto-ante-p03046271.html?v1=463253484&amp;v2=2604624\" data-product-url=\"https:\/\/www.zara.com\/es\/es\/blazer-efecto-ante-p03046271.html?v1=463253484&amp;v2=2604624\" data-affiliate=\"false\" data-affiliate-network=\"\" data-vars-ga-call-to-action=\"18\u00a0\u20ac en ZARA\" data-vars-ga-media-role=\"\" data-vars-ga-media-type=\"Single Product Embed\" data-vars-ga-outbound-link=\"https:\/\/www.zara.com\/es\/es\/blazer-efecto-ante-p03046271.html?v1=463253484&amp;v2=2604624\" data-vars-ga-product-brand=\"Zara\" data-vars-ga-product-id=\"01b54336-49a1-48c4-9eb2-d7b8b6488c03\" data-vars-ga-product-price=\"17,99\u00a0\u20ac\" data-vars-ga-product-retailer-id=\"8947f4af-233d-4319-ac03-52bcc0cba1d7\" data-vars-ga-product-sem3-brand=\"Zara\" data-vars-ga-link-treatment=\"sale | (not set)\" class=\"product-image-link ebgq4gw2 e1b8bpvs0 css-g6od0w e1c1bym14\" data-><img  alt=\"Chaqueta de ante\" title=\"Chaqueta de ante\" src=\"https:\/\/www.europesays.com\/es\/wp-content\/uploads\/2025\/10\/1759750339-la-chaqueta-de-ante-de-zara-rebajada-2-68e3a8aa70405.jpg\" width=\"1440\" height=\"2160\" decoding=\"async\" loading=\"lazy\"\/><\/a><\/p>\n<p>Ahora 40% de descuento<\/p>\n<p>Cr\u00e9dito: Zara Si te gusta en color chocolate, tiene su precio original (tambi\u00e9n asequible) <img draggable=\"true\" alt=\"chaqueta de ante de zara rebajada\" title=\"chaqueta de ante de Zara rebajada \" loading=\"lazy\" width=\"1440\" height=\"2160\" decoding=\"async\" data-nimg=\"1\" style=\"color:transparent;width:100%;height:auto;\"   src=\"https:\/\/www.europesays.com\/es\/wp-content\/uploads\/2025\/10\/la-chaqueta-de-ante-de-zara-rebajada-3-68e3a88207da1.jpg\" class=\"css-0 e1g79fud0\"\/><a target=\"_blank\" rel=\"noopener nofollow\" data-theme-key=\"base-link\" href=\"https:\/\/pinterest.com\/pin\/create\/button\/?url=https:\/\/www.elle.com\/es\/moda\/noticias\/a68845226\/zara-rebajas-chaqueta-de-ante-de-tendencia-de-otono-clasica-elegante-2025\/&amp;description=- ElleSpain&amp;media=https:\/\/hips.hearstapps.com\/hmg-prod\/images\/la-chaqueta-de-ante-de-zara-rebajada-3-68e3a88207da1.jpg?resize=1600:*\" class=\"pinterest css-on9hn5 e1c1bym14\"><img decoding=\"async\" data-dynamic-svg=\"true\" src=\"https:\/\/www.elle.com\/_assets\/design-tokens\/fre\/static\/icons\/social\/pinterest.e8cf655.svg?primary=%2523ffffff\" loading=\"lazy\" data-testid=\"dynamic-svg-base\" height=\"auto\" width=\"auto\" alt=\"pinterest\" class=\"css-4lml0h e1mlxuuw1\"\/><\/a><\/p>\n<p>Cortesia Zara<\/p>\n<p>Zara Chaqueta de ante<\/p>\n<p><a target=\"_blank\" rel=\"nofollow noopener\" data-theme-key=\"product-image-wrapper\" href=\"https:\/\/www.zara.com\/es\/es\/blazer-efecto-ante-p03046271.html?v1=463253484&amp;v2=2604624\" aria-label=\"30\u00a0\u20ac en ZARA for Chaqueta de ante\" data-href=\"https:\/\/www.zara.com\/es\/es\/blazer-efecto-ante-p03046271.html?v1=463253484&amp;v2=2604624\" data-product-url=\"https:\/\/www.zara.com\/es\/es\/blazer-efecto-ante-p03046271.html?v1=463253484&amp;v2=2604624\" data-affiliate=\"false\" data-affiliate-network=\"\" data-vars-ga-call-to-action=\"30\u00a0\u20ac en ZARA\" data-vars-ga-media-role=\"\" data-vars-ga-media-type=\"Single Product Embed\" data-vars-ga-outbound-link=\"https:\/\/www.zara.com\/es\/es\/blazer-efecto-ante-p03046271.html?v1=463253484&amp;v2=2604624\" data-vars-ga-product-brand=\"Zara\" data-vars-ga-product-id=\"bb210b21-1885-4e97-9814-2f2ff00ead87\" data-vars-ga-product-price=\"29,95\u00a0\u20ac\" data-vars-ga-product-retailer-id=\"54427a35-8d5d-4185-8a98-1079da3afde3\" data-vars-ga-product-sem3-brand=\"Zara\" data-vars-ga-link-treatment=\"(not set) | (not set)\" class=\"product-image-link ebgq4gw2 e1b8bpvs0 css-g6od0w e1c1bym14\" data-><img  alt=\"Chaqueta de ante\" title=\"Chaqueta de ante\" src=\"https:\/\/www.europesays.com\/es\/wp-content\/uploads\/2025\/10\/1759750404-la-chaqueta-de-ante-de-zara-rebajada-4-68e3a881d05e4.jpg\" width=\"1440\" height=\"2160\" decoding=\"async\" loading=\"lazy\"\/><\/a><img src=\"https:\/\/www.europesays.com\/es\/wp-content\/uploads\/2025\/10\/1759778050_28_d87bcd66-0484-4385-a508-98d9bf758058_1548085786.jpg\" alt=\"Headshot of Paula Llanos\" title=\"Headshot of Paula Llanos\" width=\"100%\" height=\"100%\" decoding=\"async\" loading=\"lazy\" class=\"css-o0wq4v ev8dhu53\"\/><\/p>\n<p>Paula Llanos es Jefa de moda en ELLE.es. Licenciada en Periodismo en la Universidad Pontificia de Salamanca, con experiencia en prensa escrita, radio y televisi\u00f3n pero con total vocaci\u00f3n digital. Desde el a\u00f1o 2000 (18 a\u00f1os) \u00a0en internet, en prensa femenina 13 a\u00f1os y 10 a\u00f1os en Elle.es Adicta a la moda, las compras e Instagram. Experta en crear necesidades e identificar prendas y accesorios con una sola foto y en hacer titulares con juegos de palabras.<\/p>\n","protected":false},"excerpt":{"rendered":"Las expertas de moda estamos de acuerdo en que la prenda que obsesiona a todo el mundo, y&hellip;\n","protected":false},"author":2,"featured_media":159854,"comment_status":"","ping_status":"","sticky":false,"template":"","format":"standard","meta":{"footnotes":""},"categories":[91],"tags":[1655,253,146,147,25,24,23],"class_list":{"0":"post-159853","1":"post","2":"type-post","3":"status-publish","4":"format-standard","5":"has-post-thumbnail","7":"category-entretenimiento","8":"tag-afiliacion","9":"tag-discover","10":"tag-entertainment","11":"tag-entretenimiento","12":"tag-es","13":"tag-espana","14":"tag-spain"},"share_on_mastodon":{"url":"","error":""},"_links":{"self":[{"href":"https:\/\/www.europesays.com\/es\/wp-json\/wp\/v2\/posts\/159853","targetHints":{"allow":["GET"]}}],"collection":[{"href":"https:\/\/www.europesays.com\/es\/wp-json\/wp\/v2\/posts"}],"about":[{"href":"https:\/\/www.europesays.com\/es\/wp-json\/wp\/v2\/types\/post"}],"author":[{"embeddable":true,"href":"https:\/\/www.europesays.com\/es\/wp-json\/wp\/v2\/users\/2"}],"replies":[{"embeddable":true,"href":"https:\/\/www.europesays.com\/es\/wp-json\/wp\/v2\/comments?post=159853"}],"version-history":[{"count":0,"href":"https:\/\/www.europesays.com\/es\/wp-json\/wp\/v2\/posts\/159853\/revisions"}],"wp:featuredmedia":[{"embeddable":true,"href":"https:\/\/www.europesays.com\/es\/wp-json\/wp\/v2\/media\/159854"}],"wp:attachment":[{"href":"https:\/\/www.europesays.com\/es\/wp-json\/wp\/v2\/media?parent=159853"}],"wp:term":[{"taxonomy":"category","embeddable":true,"href":"https:\/\/www.europesays.com\/es\/wp-json\/wp\/v2\/categories?post=159853"},{"taxonomy":"post_tag","embeddable":true,"href":"https:\/\/www.europesays.com\/es\/wp-json\/wp\/v2\/tags?post=159853"}],"curies":[{"name":"wp","href":"https:\/\/api.w.org\/{rel}","templated":true}]}}