{"id":159860,"date":"2025-10-06T19:18:09","date_gmt":"2025-10-06T19:18:09","guid":{"rendered":"https:\/\/www.europesays.com\/es\/159860\/"},"modified":"2025-10-06T19:18:09","modified_gmt":"2025-10-06T19:18:09","slug":"la-convalidacion-del-embargo-de-armas-a-israel-en-apoyo-a-gaza-en-el-aire","status":"publish","type":"post","link":"https:\/\/www.europesays.com\/es\/159860\/","title":{"rendered":"la convalidaci\u00f3n del embargo de armas a Israel en apoyo a Gaza, en el aire"},"content":{"rendered":"<p>Este martes se debate si convalidar o rechazar el <a href=\"https:\/\/www.boe.es\/diario_boe\/txt.php?id=BOE-A-2025-18831\" rel=\"nofollow noopener\" target=\"_blank\">real decreto ley<\/a> de \u201cMedidas contra el genocidio en Gaza y de apoyo a la poblaci\u00f3n palestina\u201d que anunci\u00f3 el Gobierno el pasado 9 de septiembre entre las que se incluye el embargo de armas a Israel.<\/p>\n<p><strong>Qu\u00e9 se vota.<\/strong> El real decreto que se vota este martes incluye el embargo de armas a Israel y otras medidas de apoyo a Gaza, aprobadas por el Consejo de Ministros y que est\u00e1n<a href=\"https:\/\/www.boe.es\/diario_boe\/txt.php?id=BOE-A-2025-18831\" rel=\"nofollow noopener\" target=\"_blank\"> en vigor desde el 23 de septiembre<\/a>.\u00a0<\/p>\n<ul class=\"wp-block-list\">\n<li>Instalar <a href=\"https:\/\/www.newtral.es\/embargo-armas-israel-consejo-ministros\/20250923\/\" rel=\"nofollow noopener\" target=\"_blank\">un <strong>embargo de armas a Israel<\/strong><\/a> por el que se proh\u00edban las exportaciones destinadas a Israel y las importaciones originarias de Israel de material de defensa y de tecnolog\u00edas de doble uso.\u00a0<\/li>\n<li>Denegar el tr\u00e1nsito por puertos espa\u00f1oles a las embarcaciones que transporten combustibles que puedan ser usados por las fuerzas armadas de Israel. Esta es una medida sobre la que Sumar ha planteado ya, en forma de <a href=\"https:\/\/www.newtral.es\/protocolo-buques-israel-sumar\/20250930\/\" rel=\"nofollow noopener\" target=\"_blank\">proposici\u00f3n de ley<\/a>, impulsar un protocolo de inspecci\u00f3n para buques.\u00a0<\/li>\n<li>Denegar que entren al espacio a\u00e9reo espa\u00f1ol las aeronaves que porten material militar que tenga como origen o destino Israel. Esta medida no afecta a las bases de Rota y Mor\u00f3n puesto que la medida no modifica el Convenio de Cooperaci\u00f3n para la Defensa con Estados Unidos, con lo que EEUU podr\u00eda hacer env\u00edos de materiales a trav\u00e9s de ellas.\u00a0<\/li>\n<\/ul>\n<p><strong>El embargo.<\/strong> El hecho de que el Consejo de Ministros pueda autorizar de manera puntual operaciones comerciales que involucren a este pa\u00eds ha generado desacuerdo entre algunas formaciones pol\u00edticas, que no han considerado el embargo como una medida absoluta.<\/p>\n<p><strong>Algunas posturas.\u00a0<\/strong><\/p>\n<p><strong>PSOE y Sumar.<\/strong> El Gobierno de coalici\u00f3n votar\u00e1, previsiblemente, a favor de la propuesta ya que esta ha nacido de un acuerdo en el Consejo de Ministros.\u00a0<\/p>\n<p><strong>PP, Vox y UPN.<\/strong> Estas tres formaciones se han posicionado en contra de brindar protecci\u00f3n a Gaza o limitar el comercio armament\u00edstico actual y, por tanto, se prev\u00e9 que se declaren en contra del texto que se votar\u00e1 este martes.\u00a0<\/p>\n<p><strong>Podemos, en el punto de mira.<\/strong> Los cuatro diputados de Podemos tienen el poder de hacer decaer el texto este martes si se unen a la postura del PP, Vox y de UPN. La portavoz de la formaci\u00f3n, Ione Belarra, ha expresado en alguna ocasi\u00f3n su descontento con el texto, el cual ha tachado de enga\u00f1o, como hizo durante <a href=\"https:\/\/www.cuatro.com\/noticias\/internacional\/20251002\/todo-mentira-ione-belarra-secretaria-podemos-votacion-embargo-armas-israel_18_016758571.html\" rel=\"nofollow noopener\" target=\"_blank\">una entrevista<\/a> concedida a un medio de comunicaci\u00f3n aunque no ha llegado a afirmar el sentido del voto de su partido.\u00a0<\/p>\n<p>Se prev\u00e9 que otros partidos como Junts o Bildu apoyen el texto, seg\u00fan <a href=\"https:\/\/www.europapress.es\/nacional\/noticia-junts-apoyara-decreto-embargo-armas-israel-allana-camino-convalidacion-20251002182356.html\" rel=\"nofollow noopener\" target=\"_blank\">inform\u00f3<\/a> Europa Press en el caso de Junts y el propio <a href=\"https:\/\/x.com\/PelloOtxandiano\/status\/1965396659170320770\" rel=\"nofollow\">portavoz del partido<\/a>, Pello Otxandiano, en el caso de Bildu.\u00a0\u00a0<\/p>\n<p>(*) La convalidaci\u00f3n o derogaci\u00f3n de un real decreto-ley se decide a trav\u00e9s de mayor\u00eda simple de los votos de los diputados del Congreso. Es decir, con m\u00e1s s\u00edes que noes la norma podr\u00eda salir adelante.\u00a0<\/p>\n","protected":false},"excerpt":{"rendered":"Este martes se debate si convalidar o rechazar el real decreto ley de \u201cMedidas contra el genocidio en&hellip;\n","protected":false},"author":2,"featured_media":159861,"comment_status":"","ping_status":"","sticky":false,"template":"","format":"standard","meta":{"footnotes":""},"categories":[8],"tags":[17,18,12495,14892,25,24,13,14,11,19,20,27545,9,10,15,16,23,12,21,22],"class_list":{"0":"post-159860","1":"post","2":"type-post","3":"status-publish","4":"format-standard","5":"has-post-thumbnail","7":"category-espana","8":"tag-breaking-news","9":"tag-breakingnews","10":"tag-conflicto-israel-palestina","11":"tag-congreso-de-los-diputados","12":"tag-es","13":"tag-espana","14":"tag-featured-news","15":"tag-featurednews","16":"tag-headlines","17":"tag-latest-news","18":"tag-latestnews","19":"tag-legislacion","20":"tag-news","21":"tag-noticias","22":"tag-noticias-destacadas","23":"tag-noticiasdestacadas","24":"tag-spain","25":"tag-titulares","26":"tag-ultimas-noticias","27":"tag-ultimasnoticias"},"share_on_mastodon":{"url":"","error":""},"_links":{"self":[{"href":"https:\/\/www.europesays.com\/es\/wp-json\/wp\/v2\/posts\/159860","targetHints":{"allow":["GET"]}}],"collection":[{"href":"https:\/\/www.europesays.com\/es\/wp-json\/wp\/v2\/posts"}],"about":[{"href":"https:\/\/www.europesays.com\/es\/wp-json\/wp\/v2\/types\/post"}],"author":[{"embeddable":true,"href":"https:\/\/www.europesays.com\/es\/wp-json\/wp\/v2\/users\/2"}],"replies":[{"embeddable":true,"href":"https:\/\/www.europesays.com\/es\/wp-json\/wp\/v2\/comments?post=159860"}],"version-history":[{"count":0,"href":"https:\/\/www.europesays.com\/es\/wp-json\/wp\/v2\/posts\/159860\/revisions"}],"wp:featuredmedia":[{"embeddable":true,"href":"https:\/\/www.europesays.com\/es\/wp-json\/wp\/v2\/media\/159861"}],"wp:attachment":[{"href":"https:\/\/www.europesays.com\/es\/wp-json\/wp\/v2\/media?parent=159860"}],"wp:term":[{"taxonomy":"category","embeddable":true,"href":"https:\/\/www.europesays.com\/es\/wp-json\/wp\/v2\/categories?post=159860"},{"taxonomy":"post_tag","embeddable":true,"href":"https:\/\/www.europesays.com\/es\/wp-json\/wp\/v2\/tags?post=159860"}],"curies":[{"name":"wp","href":"https:\/\/api.w.org\/{rel}","templated":true}]}}