{"id":159862,"date":"2025-10-06T19:19:37","date_gmt":"2025-10-06T19:19:37","guid":{"rendered":"https:\/\/www.europesays.com\/es\/159862\/"},"modified":"2025-10-06T19:19:37","modified_gmt":"2025-10-06T19:19:37","slug":"sorteo-de-la-copa-del-rey","status":"publish","type":"post","link":"https:\/\/www.europesays.com\/es\/159862\/","title":{"rendered":"Sorteo de la Copa del Rey"},"content":{"rendered":"<p>Las Rozas (Madrid) (EFE).- Ciudad Lucena (3\u00aa RFEF)-Villarreal (1\u00aa), Atl\u00e9tico Palma del R\u00edo (Regional)-Betis (1\u00aa), Puerto de Vega (Regional)-Celta de Vigo (1\u00aa) y Yuncos (Regional)-Rayo Vallecano (1\u00aa) son algunos de los emparejamientos para la primera eliminatoria de la Copa del Rey, seg\u00fan depar\u00f3 este lunes el sorteo celebrado en la Ciudad del F\u00fatbol de Las Rozas (Madrid).<\/p>\n<p>La novedad de este sorteo<\/p>\n<p>Para esta edici\u00f3n, la Real Federaci\u00f3n Espa\u00f1ola de F\u00fatbol ha introducido una novedad en el sorteo de las dos primeras rondas, que est\u00e1 condicionado, aparte de por la condici\u00f3n de local del rival de inferior categor\u00eda, tambi\u00e9n por la proximidad geogr\u00e1fica, dividi\u00e9ndose la geograf\u00eda del pa\u00eds en cuatro grupos.<\/p>\n<blockquote class=\"twitter-tweet\" data-media-max-width=\"560\">\n<p lang=\"es\" dir=\"ltr\">\ud83d\udd34 \ud835\uddda\ud835\udde5\ud835\udde8\ud835\udde3\ud835\udde2 \ud835\udfed | As\u00ed quedan los enfrentamientos.<a href=\"https:\/\/twitter.com\/hashtag\/LaCopaMola?src=hash&amp;ref_src=twsrc%5Etfw\" rel=\"nofollow noopener\" target=\"_blank\">#LaCopaMola<\/a>\ud83c\udfc6 | <a href=\"https:\/\/twitter.com\/hashtag\/CopadelReyMAPFRE?src=hash&amp;ref_src=twsrc%5Etfw\" rel=\"nofollow noopener\" target=\"_blank\">#CopadelReyMAPFRE<\/a> <a href=\"https:\/\/t.co\/QFRekMqWcY\" rel=\"nofollow\">pic.twitter.com\/QFRekMqWcY<\/a><\/p>\n<p>\u2014 RFEF (@rfef) <a href=\"https:\/\/twitter.com\/rfef\/status\/1975176057675501876?ref_src=twsrc%5Etfw\" rel=\"nofollow noopener\" target=\"_blank\">October 6, 2025<\/a><\/p><\/blockquote>\n<p>Real Madrid, Barcelona, Atl\u00e9tico de Madrid y Athletic Club de Bilbao, los cuatro clubes que disputar\u00e1n la Supercopa de Espa\u00f1a en enero, est\u00e1n exentos de participar hasta dieciseisavos.<\/p>\n<p>Villarreal, con un calendario exigente por la Champions<\/p>\n<p>El Villarreal, dirigido por Marcelino Garc\u00eda Toral, iniciar\u00e1 su andadura en la Copa del Rey, en una temporada muy exigente en la que tambi\u00e9n est\u00e1 jugando Liga de Campeones, frente al Ciudad de Lucena, al que visitar\u00e1 en el municipio cordob\u00e9s.<\/p>\n<p>El objetivo del conjunto castellonense es pasar de ronda y evitar sorpresas como la de la pasada temporada, cuando cay\u00f3 en segunda ronda con el Pontevedra, y el a\u00f1o anterior en dieciseisavos con Unionistas de Salamanca.<\/p>\n<blockquote class=\"twitter-tweet\" data-media-max-width=\"560\">\n<p lang=\"es\" dir=\"ltr\">\ud83d\udd34 \ud835\uddda\ud835\udde5\ud835\udde8\ud835\udde3\ud835\udde2 \ud835\udff0 | Definidos los \u00faltimos partidos de esta eliminatoria.<a href=\"https:\/\/twitter.com\/hashtag\/LaCopaMola?src=hash&amp;ref_src=twsrc%5Etfw\" rel=\"nofollow noopener\" target=\"_blank\">#LaCopaMola<\/a>\ud83c\udfc6 | <a href=\"https:\/\/twitter.com\/hashtag\/CopaDelReyMAPFRE?src=hash&amp;ref_src=twsrc%5Etfw\" rel=\"nofollow noopener\" target=\"_blank\">#CopaDelReyMAPFRE<\/a> <a href=\"https:\/\/t.co\/HMwqo68gq6\" rel=\"nofollow\">pic.twitter.com\/HMwqo68gq6<\/a><\/p>\n<p>\u2014 RFEF (@rfef) <a href=\"https:\/\/twitter.com\/rfef\/status\/1975172023786643717?ref_src=twsrc%5Etfw\" rel=\"nofollow noopener\" target=\"_blank\">October 6, 2025<\/a><\/p><\/blockquote>\n<p>Equipos de Liga Europa y Conference<\/p>\n<p>Los dos equipos que disputan la Liga Europa tampoco quieren sorpresas en sus respectivos partidos de primera ronda. El Celta de Vigo lo har\u00e1 en Asturias, frente al Puerto de Vega, de Regional, y el Betis contra el Atl\u00e9tico Palma del R\u00edo, liderado por el delantero Sergio Le\u00f3n, con pasado verdiblanco.<\/p>\n<p>El Rayo Vallecano, que esta temporada ha regresado a Europa veinticuatro a\u00f1os despu\u00e9s para disputar la Liga Conferencia, abordar\u00e1 el autob\u00fas para adentrarse en la provincia de Toledo y jugar contra el Yuncos, de categor\u00eda Regional, que tratar\u00e1 de dar la sorpresa.<\/p>\n<blockquote class=\"twitter-tweet\" data-media-max-width=\"560\">\n<p lang=\"es\" dir=\"ltr\">\ud83d\udd34 \ud835\uddda\ud835\udde5\ud835\udde8\ud835\udde3\ud835\udde2 \ud835\udfef | Ya conocemos los cruces.<a href=\"https:\/\/twitter.com\/hashtag\/LaCopaMola?src=hash&amp;ref_src=twsrc%5Etfw\" rel=\"nofollow noopener\" target=\"_blank\">#LaCopaMola<\/a>\ud83c\udfc6 | <a href=\"https:\/\/twitter.com\/hashtag\/CopaDelReyMAPFRE?src=hash&amp;ref_src=twsrc%5Etfw\" rel=\"nofollow noopener\" target=\"_blank\">#CopaDelReyMAPFRE<\/a> <a href=\"https:\/\/t.co\/DCjcgpCOOH\" rel=\"nofollow\">pic.twitter.com\/DCjcgpCOOH<\/a><\/p>\n<p>\u2014 RFEF (@rfef) <a href=\"https:\/\/twitter.com\/rfef\/status\/1975169276228128834?ref_src=twsrc%5Etfw\" rel=\"nofollow noopener\" target=\"_blank\">October 6, 2025<\/a><\/p><\/blockquote>\n<p>Un duelo especial para la \u2018familia\u2019 Mayoral es el que enfrentar\u00e1 al Inter Valdemoro con el Getafe, ya que Quique y Borja, hermanos, se medir\u00e1n cada uno con una camiseta en busca del pase a la segunda ronda de la Copa del Rey.<\/p>\n<p>Valencia, Mallorca, Osasuna, Alav\u00e9s y Real Sociedad<\/p>\n<p>El Valencia, ocho veces campe\u00f3n de la Copa del Rey, la \u00faltima vez en 2019, se medir\u00e1 al Maracena, de Granada, de Regional, la misma categor\u00eda que el Sant Just, que jugar\u00e1 contra el Mallorca; el CD Sant Jordi, que lo har\u00e1 con Osasuna; el Getxo con el Alav\u00e9s y la SD Negreira con la Real Sociedad.<\/p>\n<p>Cuatro equipos de la Copa RFEF se medir\u00e1n a un Primera<\/p>\n<p>Los cuatro equipos de la Copa RFEF tambi\u00e9n se medir\u00e1n a un Primera. El Orihuela lo har\u00e1 con el Levante, el Toledo con el Sevilla, el Atl\u00e8tic Lleida frente al Espanyol y el Ourense CF con el Real Oviedo.<\/p>\n<blockquote class=\"twitter-tweet\" data-media-max-width=\"560\">\n<p lang=\"es\" dir=\"ltr\">\ud83d\udd34 \ud835\uddda\ud835\udde5\ud835\udde8\ud835\udde3\ud835\udde2 \ud835\udfee | Estas son las eliminatorias.<a href=\"https:\/\/twitter.com\/hashtag\/LaCopaMola?src=hash&amp;ref_src=twsrc%5Etfw\" rel=\"nofollow noopener\" target=\"_blank\">#LaCopaMola<\/a>\ud83c\udfc6 | <a href=\"https:\/\/twitter.com\/hashtag\/CopaDelReyMAPFRE?src=hash&amp;ref_src=twsrc%5Etfw\" rel=\"nofollow noopener\" target=\"_blank\">#CopaDelReyMAPFRE<\/a> <a href=\"https:\/\/t.co\/P24DsBy4zA\" rel=\"nofollow\">pic.twitter.com\/P24DsBy4zA<\/a><\/p>\n<p>\u2014 RFEF (@rfef) <a href=\"https:\/\/twitter.com\/rfef\/status\/1975164916693631350?ref_src=twsrc%5Etfw\" rel=\"nofollow noopener\" target=\"_blank\">October 6, 2025<\/a><\/p><\/blockquote>\n<p>Emparejamientos primera ronda (28-30 octubre):<\/p>\n<p>Yuncos (Regional) \u2013 Rayo Vallecano (1\u00aa)<br \/>Inter Valdemoro (Regional) \u2013 Getafe (1\u00aa)<br \/>UD Los Garres (Regional) \u2013 Elche (1\u00aa)<br \/>Maracena (Regional) \u2013 Valencia (1\u00aa)<br \/>Atl\u00e9tico Palma R\u00edo (Regional) \u2013 Real Betis (1\u00aa)<br \/>Sant Just (Regional) \u2013 Mallorca (1\u00aa)<br \/>CD Sant Jordi (Regional) \u2013 Osasuna (1\u00aa)<br \/>Getxo (Regional) \u2013 Alav\u00e9s (1\u00aa)<br \/>Puerto de Vega (Regional) \u2013 Celta de Vigo (1\u00aa)<br \/>SD Negreira (Regional) \u2013 Real Sociedad (1\u00aa)<br \/>Orihuela (Copa RFEF) \u2013 Levante (1\u00aa)<br \/>Toledo (Copa RFEF) \u2013 Sevilla (1\u00aa)<br \/>Atl\u00e8tic Lleida (Copa RFEF) \u2013 Espanyol (1\u00aa)<br \/>Ourense CF (Copa RFEF) \u2013 Real Oviedo (1\u00aa)<br \/>UD San Fernando (3\u00aa RFEF) \u2013 Albacete (2\u00aa)<br \/>CD Azuaga (3\u00aa RFEF) \u2013 Legan\u00e9s (2\u00aa)<br \/>CD Roda (3\u00aa RFEF) \u2013 Granada (2\u00aa)<br \/>Ciudad de Lucena (3\u00aa RFEF) \u2013 Villarreal (1\u00aa)<br \/>CD Cieza (3\u00aa RFEF) \u2013 C\u00f3rdoba (2\u00aa)<br \/>CE Constancia (3\u00aa RFEF) \u2013 Girona (1\u00aa)<br \/>Valle de Eg\u00fc\u00e9s (3\u00aa RFEF) \u2013 Andorra (2\u00aa)<br \/>Caudal Deportivo (3\u00aa RFEF) \u2013 Real Sporting de Gij\u00f3n (2\u00aa)<br \/>CD Tropez\u00f3n (3\u00aa RFEF) \u2013 Cultural y Deportiva Leonesa (2\u00aa)<br \/>Portugalete (3\u00aa RFEF) \u2013 Real Valladolid (2\u00aa)<br \/>Atl\u00e9tico Tordesillas (3\u00aa RFEF) \u2013 Real Burgos (2\u00aa)<br \/>N\u00e1xara (2\u00aa RFEF) \u2013 Eibar (2\u00aa)<br \/>Atl\u00e9tico Astorga (2\u00aa RFEF) \u2013 Mirand\u00e9s (2\u00aa)<br \/>Rayo Majadahonda (2\u00aa RFEF) \u2013 Talavera de la Reina (1\u00aa RFEF)<br \/>Navalcarnero (2\u00aa RFEF) \u2013 AD M\u00e9rida (1\u00aa RFEF)<br \/>Alcal\u00e1 (2\u00aa RFEF) \u2013 Tenerife (1\u00aa RFEF)<br \/>CD Extremadura (2\u00aa RFEF) \u2013 UD Las Palmas (2\u00aa)<br \/>Quintanar del Rey (2\u00aa RFEF) \u2013 Ibiza (1\u00aa RFEF)<br \/>Torrent (2\u00aa RFEF) \u2013 Juventud de Torremolinos (1\u00aa RFEF)<br \/>La Uni\u00f3n Atl\u00e9tico (2\u00aa RFEF) \u2013 Ceuta (2\u00aa)<br \/>UCAM Murcia (2\u00aa RFEF) \u2013 C\u00e1diz (2\u00aa)<br \/>Atl\u00e9tico Antoniano (2\u00aa RFEF) \u2013 Castell\u00f3n (2\u00aa)<br \/>CD Estepona F\u00fatbol Senior (2\u00aa RFEF) \u2013 M\u00e1laga (2\u00aa)<br \/>Puente Genil (2\u00aa RFEF) \u2013 Cartagena (1\u00aa RFEF)<br \/>CF Lorca Deportiva (2\u00aa RFEF) \u2013 Almer\u00eda (2\u00aa)<br \/>Real Ja\u00e9n (2\u00aa RFEF) \u2013 CD Eldense (1\u00aa RFEF)<br \/>Utebo (2\u00aa RFEF) \u2013 Huesca (2\u00aa)<br \/>Atl\u00e9tico Baleares (2\u00aa RFEF) \u2013 Gimnastic de Tarragona (1\u00aa RFEF)<br \/>UE Sant Andreu (2\u00aa RFEF) \u2013 Teruel (1\u00aa RFEF)<br \/>Reus (2\u00aa RFEF) \u2013 Europa (1\u00aa RFEF)<br \/>Poblense (2\u00aa RFEF) \u2013 Sabadell (1\u00aa RFEF)<br \/>Mutilvera (2\u00aa RFEF) \u2013 Real Zaragoza (2\u00aa)<br \/>Ebro (2\u00aa RFEF) \u2013 Tarazona (1\u00aa RFEF)<br \/>UD Ourense (2\u00aa RFEF) \u2013 Pontevedra (1\u00aa RFEF)<br \/>Numancia (2\u00aa RFEF) \u2013 Arenas Club (1\u00aa RFEF)<br \/>Real \u00c1vila (2\u00aa RFEF) \u2013 Real Avil\u00e9s (1\u00aa RFEF)<br \/>Langreo (2\u00aa RFEF) \u2013 Racing Club Ferrol (1\u00aa RFEF)<br \/>SD Logro\u00f1\u00e9s (2\u00aa RFEF) \u2013 Real Racing Club de Santander (2\u00aa)<br \/>UD Logro\u00f1\u00e9s (2\u00aa RFEF) \u2013 Ponferradina (1\u00aa)<br \/>S\u00e1mano (2\u00aa RFEF) \u2013 RC Deportivo La Coru\u00f1a (2\u00aa).<br \/>Real Murcia (1\u00aa RFEF) \u2013 Antequera (1\u00aa RFEF).<br \/>Guadalajara (1\u00aa RFEF) \u2013 Cacere\u00f1o (1\u00aa RFEF). <\/p>\n<p>\t\t<script async src=\"https:\/\/platform.twitter.com\/widgets.js\" charset=\"utf-8\"><\/script><\/p>\n","protected":false},"excerpt":{"rendered":"Las Rozas (Madrid) (EFE).- Ciudad Lucena (3\u00aa RFEF)-Villarreal (1\u00aa), Atl\u00e9tico Palma del R\u00edo (Regional)-Betis (1\u00aa), Puerto de Vega&hellip;\n","protected":false},"author":2,"featured_media":159863,"comment_status":"","ping_status":"","sticky":false,"template":"","format":"standard","meta":{"footnotes":""},"categories":[5],"tags":[17,18,1941,25,24,13,14,282,11,19,20,9,10,15,16,23,12,21,22],"class_list":{"0":"post-159862","1":"post","2":"type-post","3":"status-publish","4":"format-standard","5":"has-post-thumbnail","7":"category-titulares","8":"tag-breaking-news","9":"tag-breakingnews","10":"tag-copa-del-rey","11":"tag-es","12":"tag-espana","13":"tag-featured-news","14":"tag-featurednews","15":"tag-futbol","16":"tag-headlines","17":"tag-latest-news","18":"tag-latestnews","19":"tag-news","20":"tag-noticias","21":"tag-noticias-destacadas","22":"tag-noticiasdestacadas","23":"tag-spain","24":"tag-titulares","25":"tag-ultimas-noticias","26":"tag-ultimasnoticias"},"share_on_mastodon":{"url":"","error":""},"_links":{"self":[{"href":"https:\/\/www.europesays.com\/es\/wp-json\/wp\/v2\/posts\/159862","targetHints":{"allow":["GET"]}}],"collection":[{"href":"https:\/\/www.europesays.com\/es\/wp-json\/wp\/v2\/posts"}],"about":[{"href":"https:\/\/www.europesays.com\/es\/wp-json\/wp\/v2\/types\/post"}],"author":[{"embeddable":true,"href":"https:\/\/www.europesays.com\/es\/wp-json\/wp\/v2\/users\/2"}],"replies":[{"embeddable":true,"href":"https:\/\/www.europesays.com\/es\/wp-json\/wp\/v2\/comments?post=159862"}],"version-history":[{"count":0,"href":"https:\/\/www.europesays.com\/es\/wp-json\/wp\/v2\/posts\/159862\/revisions"}],"wp:featuredmedia":[{"embeddable":true,"href":"https:\/\/www.europesays.com\/es\/wp-json\/wp\/v2\/media\/159863"}],"wp:attachment":[{"href":"https:\/\/www.europesays.com\/es\/wp-json\/wp\/v2\/media?parent=159862"}],"wp:term":[{"taxonomy":"category","embeddable":true,"href":"https:\/\/www.europesays.com\/es\/wp-json\/wp\/v2\/categories?post=159862"},{"taxonomy":"post_tag","embeddable":true,"href":"https:\/\/www.europesays.com\/es\/wp-json\/wp\/v2\/tags?post=159862"}],"curies":[{"name":"wp","href":"https:\/\/api.w.org\/{rel}","templated":true}]}}