{"id":159866,"date":"2025-10-06T19:22:12","date_gmt":"2025-10-06T19:22:12","guid":{"rendered":"https:\/\/www.europesays.com\/es\/159866\/"},"modified":"2025-10-06T19:22:12","modified_gmt":"2025-10-06T19:22:12","slug":"trump-anuncia-el-ufc-de-la-casa-blanca-para-el-dia-de-su-80-cumpleanos","status":"publish","type":"post","link":"https:\/\/www.europesays.com\/es\/159866\/","title":{"rendered":"Trump anuncia el UFC de la Casa Blanca para el d\u00eda de su 80 cumplea\u00f1os"},"content":{"rendered":"<p class=\"\"><b>Donald Trump <\/b>(14 de junio de 1946) no se ha podido aguantar el secreto y a m\u00e1s de <b>8 meses<\/b> vista, ha desvelado la fecha del esperado evento que la <b>UFC <\/b>celebrar\u00e1 en la<b> Casa Blanca<\/b> para conmemorar el <b>250 aniversario <\/b>de los <b>Estados Unidos<\/b> como naci\u00f3n.<\/p>\n<p class=\"\">En una de sus c\u00e9lebres comparecencias en un evento de las <b>Fuerzas Armadas,<\/b> el empresario y presidente estadounidense aprovech\u00f3 para anunciar la fecha elegida para el evento de <b>UFC <\/b>que albergar\u00e1 la casa presidencial: \u201cEl 14 de junio del a\u00f1o que viene tendremos una gran pelea de la UFC en la <b>Casa Blanca\u201d.<\/b><\/p>\n<p><img decoding=\"async\" src=\"https:\/\/www.europesays.com\/es\/wp-content\/uploads\/2025\/10\/ZRAJFSFOPNOCDE3F46UDUICZD4.jpg\" alt=\"Trump anuncia el UFC de la Casa Blanca para el d\u00eda de su 80 cumplea\u00f1os\" height=\"4000\" width=\"6000\"   loading=\"lazy\"\/>Jonathan Ernst<\/p>\n<p class=\"\">A muchos de los aficionados no conf\u00edan plenamente en la fecha anunciada por <b>Trump<\/b>. El <b>14 de junio de 2026<\/b> es domingo y es un d\u00eda realmente inusual para un evento de <b>UFC<\/b>, y m\u00e1s en horario vespertino como suelen ser los celebrados en <b>suelo estadounidense.<\/b><\/p>\n<p>McGregor, Topuria y mucho m\u00e1s<\/p>\n<p class=\"\">Desde que se anunci\u00f3 el evento de la <b>Casa Blanca,<\/b> muchos han sido los peleadores que han levantado la mano y quieren ser<b> parte de una cartelera<\/b> que, seguro, estar\u00e1 repleta de las<b> mayores estrellas<\/b> del momento dentro de las MMA.<\/p>\n<p>Noticias relacionadas<a href=\"https:\/\/as.com\/masdeporte\/polideportivo\/topuria-dispuesto-a-encabezar-el-ufc-casa-blanca-quien-quiere-apostar-n\/\" class=\"s_m_w\" title=\"El hispanogeorgiano comparti\u00f3 un mensaje en sus redes sociales asegurando que estar\u00e1 en la pelea estelar del evento del pr\u00f3ximo 4 de julio en la capital estadounidense. \" data-tb-link=\"\" rel=\"nofollow noopener\" target=\"_blank\"><img decoding=\"async\" src=\"https:\/\/www.europesays.com\/es\/wp-content\/uploads\/2025\/10\/FT3JAO5VRNBVPIOJXTWGYI5AVE.jpg\" alt=\"Topuria, dispuesto a encabezar el UFC Casa Blanca: \u201c\u00bfQui\u00e9n quiere apostar?\u201d \" class=\"\" height=\"1\" width=\"1\"   loading=\"lazy\" data-tb-thumbnail=\"\"\/><\/a><a href=\"https:\/\/as.com\/masdeporte\/polideportivo\/mcgregor-se-afila-para-su-regreso-en-el-ufc-casa-blanca-n\/\" class=\"s_m_w\" title=\"El irland\u00e9s comparte im\u00e1genes de \u00e9l entrenando y prepar\u00e1ndose para volver a la jaula el 4 de julio de 2026 como parte de las celebraciones del 250 aniversario de la Independencia de Estados Unidos. \" data-tb-link=\"\" rel=\"nofollow noopener\" target=\"_blank\"><img decoding=\"async\" src=\"https:\/\/www.europesays.com\/es\/wp-content\/uploads\/2025\/10\/H4JTOAPPMJE7VC26W6R4MSLY2I.jpg\" alt=\"McGregor se afila para su regreso en el UFC Casa Blanca \" class=\"\" height=\"1\" width=\"1\"   loading=\"lazy\" data-tb-thumbnail=\"\"\/><\/a><\/p>\n<p class=\"\"><b>Ilia Topuria<\/b> lleg\u00f3 a \u2018apostar\u2019 con los fans que ser\u00eda la estelar del evento, <b>McGregor <\/b>ha anunciado que ya est\u00e1 entrenando para llegar al 100% a la fecha y <b>Jon Jones<\/b> dijo que una pelea en la Casa Blanca le sacar\u00eda del retiro. Adem\u00e1s, el contrato con <b>Paramount <\/b>puede traer consigo una serie de cambios y novedades que hagan de esta velada, un d\u00eda para la historia que, casualmente o no, coincide con el octag\u00e9simo cumplea\u00f1os de <b>Donald Trump.<\/b><\/p>\n<p class=\"\"><b>\u00a1Tus opiniones importan!<\/b> Comenta en los art\u00edculos y suscr\u00edbete gratis a nuestra <a href=\"https:\/\/asfan.as.com\/newsletters\/\" target=\"_blank\" rel=\"nofollow noopener\" title=\"https:\/\/asfan.as.com\/newsletters\/\">newsletter<\/a> y a las alertas informativas en la <a href=\"https:\/\/as.com\/aplicacion-de-as-n\/\" target=\"_blank\" rel=\"nofollow noopener\" title=\"https:\/\/as.com\/aplicacion-de-as-n\/\">App<\/a> o el canal de <a href=\"https:\/\/www.whatsapp.com\/channel\/0029VaAasdA7j6g745nz9M10\" target=\"_blank\" rel=\"nofollow noopener\" title=\"https:\/\/www.whatsapp.com\/channel\/0029VaAasdA7j6g745nz9M10\">WhatsApp<\/a>. \u00bfBuscas licenciar contenido? Haz clic <a href=\"https:\/\/profesional.elpais.com\/soluciones-sindicacion?utm_medium=interno&amp;utm_source=crosslinking&amp;utm_campaign=sindicacion_as_pie_articulos\" target=\"_blank\" rel=\"nofollow noopener\" title=\"https:\/\/profesional.elpais.com\/soluciones-sindicacion?utm_medium=interno&amp;utm_source=crosslinking&amp;utm_campaign=sindicacion_as_pie_articulos\">aqu\u00ed<\/a><\/p>\n","protected":false},"excerpt":{"rendered":"Donald Trump (14 de junio de 1946) no se ha podido aguantar el secreto y a m\u00e1s de&hellip;\n","protected":false},"author":2,"featured_media":159867,"comment_status":"","ping_status":"","sticky":false,"template":"","format":"standard","meta":{"footnotes":""},"categories":[276],"tags":[168,25,24,23,167,343],"class_list":{"0":"post-159866","1":"post","2":"type-post","3":"status-publish","4":"format-standard","5":"has-post-thumbnail","7":"category-ufc","8":"tag-deportes","9":"tag-es","10":"tag-espana","11":"tag-spain","12":"tag-sports","13":"tag-ufc"},"share_on_mastodon":{"url":"","error":""},"_links":{"self":[{"href":"https:\/\/www.europesays.com\/es\/wp-json\/wp\/v2\/posts\/159866","targetHints":{"allow":["GET"]}}],"collection":[{"href":"https:\/\/www.europesays.com\/es\/wp-json\/wp\/v2\/posts"}],"about":[{"href":"https:\/\/www.europesays.com\/es\/wp-json\/wp\/v2\/types\/post"}],"author":[{"embeddable":true,"href":"https:\/\/www.europesays.com\/es\/wp-json\/wp\/v2\/users\/2"}],"replies":[{"embeddable":true,"href":"https:\/\/www.europesays.com\/es\/wp-json\/wp\/v2\/comments?post=159866"}],"version-history":[{"count":0,"href":"https:\/\/www.europesays.com\/es\/wp-json\/wp\/v2\/posts\/159866\/revisions"}],"wp:featuredmedia":[{"embeddable":true,"href":"https:\/\/www.europesays.com\/es\/wp-json\/wp\/v2\/media\/159867"}],"wp:attachment":[{"href":"https:\/\/www.europesays.com\/es\/wp-json\/wp\/v2\/media?parent=159866"}],"wp:term":[{"taxonomy":"category","embeddable":true,"href":"https:\/\/www.europesays.com\/es\/wp-json\/wp\/v2\/categories?post=159866"},{"taxonomy":"post_tag","embeddable":true,"href":"https:\/\/www.europesays.com\/es\/wp-json\/wp\/v2\/tags?post=159866"}],"curies":[{"name":"wp","href":"https:\/\/api.w.org\/{rel}","templated":true}]}}