{"id":159870,"date":"2025-10-06T19:27:21","date_gmt":"2025-10-06T19:27:21","guid":{"rendered":"https:\/\/www.europesays.com\/es\/159870\/"},"modified":"2025-10-06T19:27:21","modified_gmt":"2025-10-06T19:27:21","slug":"la-durisima-sancion-que-recibio-el-jugador-que-le-piso-la-cabeza-a-un-rival-en-un-partido-de-basquet-amateur","status":"publish","type":"post","link":"https:\/\/www.europesays.com\/es\/159870\/","title":{"rendered":"La dur\u00edsima sanci\u00f3n que recibi\u00f3 el jugador que le pis\u00f3 la cabeza a un rival en un partido de b\u00e1squet amateur"},"content":{"rendered":"<p class=\"left paragraph font__body-regular\">En las \u00faltimas horas se viraliz\u00f3 en las redes sociales un video que muestra un <b>brutal ataque de un jugador hacia un rival en el marco de un partido de <\/b><a href=\"https:\/\/tn.com.ar\/deportes\/basquetbol\/2025\/09\/25\/pippen-lanzo-una-indirecta-para-jordan-al-ser-consultado-sobre-quien-fue-el-mejor-jugador-de-la-nba\/\" target=\"_blank\" rel=\"noreferrer nofollow noopener\" title=\"https:\/\/tn.com.ar\/deportes\/basquetbol\/2025\/09\/25\/pippen-lanzo-una-indirecta-para-jordan-al-ser-consultado-sobre-quien-fue-el-mejor-jugador-de-la-nba\/\"><b>b\u00e1squet <\/b><\/a><b>amateur <\/b>disputado el domingo en la Ciudad de Buenos Aires. Tras la difusi\u00f3n de las escalofriantes im\u00e1genes,<b> se dio a conocer la dur\u00edsima sanci\u00f3n que recibi\u00f3 el agresor.<\/b><\/p>\n<p class=\"left paragraph font__body-regular\"><b>Le\u00e9 tambi\u00e9n: <\/b><a href=\"https:\/\/tn.com.ar\/deportes\/basquetbol\/2025\/09\/25\/la-reaccion-de-los-hinchas-de-boca-en-un-partido-de-la-lnb-tras-un-gol-de-palmeiras-a-river-en-la-libertadores\/\" target=\"_blank\" rel=\"noreferrer nofollow noopener\" title=\"https:\/\/tn.com.ar\/deportes\/basquetbol\/2025\/09\/25\/la-reaccion-de-los-hinchas-de-boca-en-un-partido-de-la-lnb-tras-un-gol-de-palmeiras-a-river-en-la-libertadores\/\"><b>La reacci\u00f3n de los hinchas de Boca en un partido de la LNB tras un gol de Palmeiras a River en la Libertadores<\/b><\/a><\/p>\n<p class=\"left paragraph font__body-regular\">La organizaci\u00f3n del torneo dio a conocer los nombres de los involucrados y los castigos que les aplicaron. En primera instancia se resolvi\u00f3 la <b>expulsi\u00f3n de Santiago Corval\u00e1n Olivera del equipo CASI de todas las competencias<\/b> organizadas por la Asociaci\u00f3n Civil B\u00e1squet Entre Amigos (BEA). Se trata del hombre que le peg\u00f3 un codazo y le pis\u00f3 la cabeza a un rival.<\/p>\n<p class=\"left paragraph font__body-regular\">Adem\u00e1s, <b>se suspendi\u00f3 a otros tres jugadores del equipo 3Tiempo, que son compa\u00f1eros del jugador agredido<\/b>. Tambi\u00e9n se amonest\u00f3 a ambos conjuntos y se le dio por ganado el partido a 3Tiempo por 20-0.<\/p>\n<p>C\u00f3mo fue el brutal ataque en un partido de b\u00e1squet amateur<\/p>\n<p class=\"left paragraph font__body-regular\">En el video difundido por el perfil de TikTok @basquetsos se puede ver como dos jugadores chocan en medio de una jugada. Santiago Corval\u00e1n, identificado con el n\u00famero 4 en la espalda, reacciona de la peor manera: <b>primero le pega un codazo en la nuca a su rival y lo hace caer. Luego, le pisa la cabeza.<\/b><\/p>\n<p><img decoding=\"async\" class=\"image image_placeholder\" alt=\"Video Placeholder\" draggable=\"true\" src=\"https:\/\/www.europesays.com\/es\/wp-content\/uploads\/2025\/10\/https:\/\/thumbs.vodgc.net\/1-14-G0A4sr1759190618746-1759191597.jpg\"\/><\/p>\n<p>La brutal agresi\u00f3n en un partido de b\u00e1squet amateur (Video y capturas: TikTok @basquetsos)<\/p>\n<p class=\"left paragraph font__body-regular\">Inmediatamente se desat\u00f3 un <b>tumulto que incluy\u00f3 golpes de pu\u00f1o y patadas <\/b>debido a que los compa\u00f1eros del jugador agredido salieron a defenderlo.<\/p>\n<p>El comunicado de la Asociaci\u00f3n Civil B\u00e1squet Entre Amigos<\/p>\n<p class=\"left paragraph font__body-regular\">Un d\u00eda despu\u00e9s de la salvaje agresi\u00f3n, la organizaci\u00f3n del torneo \u201cB\u00e1squet Entre Amigos\u201d public\u00f3 un comunicado para repudiar los hechos de violencia. Hab\u00edan anticipado, adem\u00e1s, que tomar\u00edan fuertes medidas.<\/p>\n<p class=\"left paragraph font__body-regular\">\u201cLa Asociaci\u00f3n Civil B\u00e1squet Entre Amigos manifiesta su m\u00e1s <b>en\u00e9rgico rechazo a todo hecho de violencia, dentro o fuera de las canchas<\/b>. Lamentamos profundamente el episodio ocurrido el domingo 28 de septiembre en el marco de nuestra competencia\u201d, publicaron en las redes sociales de la competencia amateur.<\/p>\n<p><img decoding=\"async\" loading=\"lazy\" fetchpriority=\"low\" data-testid=\"loading-testid\" class=\"image content-image image_placeholder\" alt=\"El comunicado de la organizaci\u00f3n del torneo tras la salvaje agresi\u00f3n (Foto: IG\/@basquet.entre.amigos)\" width=\"767\" height=\"1368\" src=\"https:\/\/www.europesays.com\/es\/wp-content\/uploads\/2025\/10\/el-comunicado-de-la-organizacion-del-torneo-tras-la-salvaje-agresion-foto-igbasquetentreamigos-NBZPJ.jpeg\"\/><\/p>\n<p>El comunicado de la organizaci\u00f3n del torneo tras la salvaje agresi\u00f3n (Foto: IG\/@basquet.entre.amigos)<\/p>\n<p class=\"left paragraph font__body-regular\">\u201c<b>Acompa\u00f1amos al jugador agredido y a su familia, poni\u00e9ndonos a disposici\u00f3n para lo que sea necesario.<\/b> Asimismo, agradecemos el respaldo de las instituciones, as\u00ed como de todos los equipos que d\u00eda a d\u00eda sostienen el esp\u00edritu de este torneo, nacido y mantenido bajo los valores de la amistad, el respeto y la pasi\u00f3n por el b\u00e1squet\u201d, se\u00f1alaron desde la organizaci\u00f3n.<\/p>\n<p class=\"left paragraph font__body-regular\">Y, finalmente, insistieron: \u201c<b>La violencia no tiene lugar en nuestra comunidad deportiva. <\/b>Seguiremos trabajando para que el b\u00e1squet siga siendo un espacio de encuentro y crecimiento para todos y todas\u201d.<\/p>\n","protected":false},"excerpt":{"rendered":"En las \u00faltimas horas se viraliz\u00f3 en las redes sociales un video que muestra un brutal ataque de&hellip;\n","protected":false},"author":2,"featured_media":159871,"comment_status":"","ping_status":"","sticky":false,"template":"","format":"standard","meta":{"footnotes":""},"categories":[269],"tags":[11971,299,298,4597,168,25,24,23,167],"class_list":{"0":"post-159870","1":"post","2":"type-post","3":"status-publish","4":"format-standard","5":"has-post-thumbnail","7":"category-baloncesto","8":"tag-agresion","9":"tag-baloncesto","10":"tag-basketball","11":"tag-basquet","12":"tag-deportes","13":"tag-es","14":"tag-espana","15":"tag-spain","16":"tag-sports"},"share_on_mastodon":{"url":"","error":""},"_links":{"self":[{"href":"https:\/\/www.europesays.com\/es\/wp-json\/wp\/v2\/posts\/159870","targetHints":{"allow":["GET"]}}],"collection":[{"href":"https:\/\/www.europesays.com\/es\/wp-json\/wp\/v2\/posts"}],"about":[{"href":"https:\/\/www.europesays.com\/es\/wp-json\/wp\/v2\/types\/post"}],"author":[{"embeddable":true,"href":"https:\/\/www.europesays.com\/es\/wp-json\/wp\/v2\/users\/2"}],"replies":[{"embeddable":true,"href":"https:\/\/www.europesays.com\/es\/wp-json\/wp\/v2\/comments?post=159870"}],"version-history":[{"count":0,"href":"https:\/\/www.europesays.com\/es\/wp-json\/wp\/v2\/posts\/159870\/revisions"}],"wp:featuredmedia":[{"embeddable":true,"href":"https:\/\/www.europesays.com\/es\/wp-json\/wp\/v2\/media\/159871"}],"wp:attachment":[{"href":"https:\/\/www.europesays.com\/es\/wp-json\/wp\/v2\/media?parent=159870"}],"wp:term":[{"taxonomy":"category","embeddable":true,"href":"https:\/\/www.europesays.com\/es\/wp-json\/wp\/v2\/categories?post=159870"},{"taxonomy":"post_tag","embeddable":true,"href":"https:\/\/www.europesays.com\/es\/wp-json\/wp\/v2\/tags?post=159870"}],"curies":[{"name":"wp","href":"https:\/\/api.w.org\/{rel}","templated":true}]}}