{"id":159876,"date":"2025-10-06T19:35:14","date_gmt":"2025-10-06T19:35:14","guid":{"rendered":"https:\/\/www.europesays.com\/es\/159876\/"},"modified":"2025-10-06T19:35:14","modified_gmt":"2025-10-06T19:35:14","slug":"la-uefa-da-luz-verde-a-que-el-villarreal-barcelona-se-juegue-en-miami-tudn-la-liga","status":"publish","type":"post","link":"https:\/\/www.europesays.com\/es\/159876\/","title":{"rendered":"La UEFA da luz verde a que el Villarreal-Barcelona se juegue en Miami | TUDN La Liga"},"content":{"rendered":"<p>Pese a reiterar su oposici\u00f3n a que los encuentros de ligas nacionales se celebren fuera del pa\u00eds, el organismo europeo <b> justific\u00f3 su decisi\u00f3n en la falta de claridad del marco regulatorio de la FIFA<\/b>, actualmente en revisi\u00f3n.<\/p>\n<p>El Comit\u00e9 Ejecutivo de la UEFA tambi\u00e9n dio luz verde al duelo <b>Milan-Como<\/b>, que se jugar\u00e1 en <b>Perth<\/b> (Australia) el 7 y 8 de febrero de 2026, coincidiendo con la inauguraci\u00f3n de los Juegos Ol\u00edmpicos de Invierno de Mil\u00e1n-Cortina.<\/p>\n<p>En un comunicado, <b>la UEFA insisti\u00f3 en que la medida no sienta precedent<\/b>e y subray\u00f3 que la mayor\u00eda de federaciones, ligas, clubes y jugadores consultados expresaron su rechazo a disputar partidos dom\u00e9sticos en el extranjero.<\/p>\n<p>El presidente del organismo europeo, <b>Aleksander Ceferin<\/b>, reafirm\u00f3 que <b>los campeonatos nacionales \u201cdeben mantenerse en su entorno local\u201d<\/b>, advirtiendo que cualquier excepci\u00f3n \u201cpuede distorsionar la competici\u00f3n y perjudicar a los aficionados\u201d.<\/p>\n","protected":false},"excerpt":{"rendered":"Pese a reiterar su oposici\u00f3n a que los encuentros de ligas nacionales se celebren fuera del pa\u00eds, el&hellip;\n","protected":false},"author":2,"featured_media":159877,"comment_status":"","ping_status":"","sticky":false,"template":"","format":"standard","meta":{"footnotes":""},"categories":[93],"tags":[948,168,25,24,47497,288,6584,23,167,6674,47498],"class_list":{"0":"post-159876","1":"post","2":"type-post","3":"status-publish","4":"format-standard","5":"has-post-thumbnail","7":"category-deportes","8":"tag-aprueba","9":"tag-deportes","10":"tag-es","11":"tag-espana","12":"tag-jornada-17","13":"tag-laliga","14":"tag-miami","15":"tag-spain","16":"tag-sports","17":"tag-uefa","18":"tag-villarreal-vs-barcelona"},"share_on_mastodon":{"url":"","error":""},"_links":{"self":[{"href":"https:\/\/www.europesays.com\/es\/wp-json\/wp\/v2\/posts\/159876","targetHints":{"allow":["GET"]}}],"collection":[{"href":"https:\/\/www.europesays.com\/es\/wp-json\/wp\/v2\/posts"}],"about":[{"href":"https:\/\/www.europesays.com\/es\/wp-json\/wp\/v2\/types\/post"}],"author":[{"embeddable":true,"href":"https:\/\/www.europesays.com\/es\/wp-json\/wp\/v2\/users\/2"}],"replies":[{"embeddable":true,"href":"https:\/\/www.europesays.com\/es\/wp-json\/wp\/v2\/comments?post=159876"}],"version-history":[{"count":0,"href":"https:\/\/www.europesays.com\/es\/wp-json\/wp\/v2\/posts\/159876\/revisions"}],"wp:featuredmedia":[{"embeddable":true,"href":"https:\/\/www.europesays.com\/es\/wp-json\/wp\/v2\/media\/159877"}],"wp:attachment":[{"href":"https:\/\/www.europesays.com\/es\/wp-json\/wp\/v2\/media?parent=159876"}],"wp:term":[{"taxonomy":"category","embeddable":true,"href":"https:\/\/www.europesays.com\/es\/wp-json\/wp\/v2\/categories?post=159876"},{"taxonomy":"post_tag","embeddable":true,"href":"https:\/\/www.europesays.com\/es\/wp-json\/wp\/v2\/tags?post=159876"}],"curies":[{"name":"wp","href":"https:\/\/api.w.org\/{rel}","templated":true}]}}