{"id":159878,"date":"2025-10-06T19:36:13","date_gmt":"2025-10-06T19:36:13","guid":{"rendered":"https:\/\/www.europesays.com\/es\/159878\/"},"modified":"2025-10-06T19:36:13","modified_gmt":"2025-10-06T19:36:13","slug":"adelanto-de-la-vacunacion-contra-la-gripe-la-rioja","status":"publish","type":"post","link":"https:\/\/www.europesays.com\/es\/159878\/","title":{"rendered":"Adelanto de la vacunaci\u00f3n contra la gripe &#8211; La Rioja"},"content":{"rendered":"<ol>\n<li><a href=\"https:\/\/news.google.com\/rss\/articles\/CBMihwFBVV95cUxPZG1pMktieWhXU0wzU1dpbHdSeUF5RWhqNENJLW9YMXB1bFg3am1LRE9rWFRSbktaSTJteDd0dEhPNHctSWoxQV9aLUIxUUtpWXNzbldWQnZuY0R6M3k4WWlRVndaaVRtd2JWaFRLZUZUVDN4a1R3a2RkV0stMnFLOWpqS2tOLVHSAYwBQVVfeXFMT2M5WXpaaDlNaVhDemlWai1tS3dSX0Q5YUxxQUliRjNuaE4wR0N1VVVOZmdjLUxsM292eC1wRG55NXZoTjFOUENKcUhMX2FEM2ZhcVlaMXMyTVI5R1YxRXZMZFZjbnNfS0ZFRXN1Y3dlM2ozZGF2NmlvT2RUSElrMjlTZWNEdmdtU0I0aXc?oc=5\" target=\"_blank\" rel=\"nofollow noopener\">Adelanto de la vacunaci\u00f3n contra la gripe<\/a>&nbsp;&nbsp;La Rioja<\/li>\n<li><a href=\"https:\/\/news.google.com\/rss\/articles\/CBMiygFBVV95cUxNU2x1LXZPZnhHNkdLaWhpRVhveG9jSGdaSGFJVVlUbm9sZDVDYWlfVm1Td05UOVhjbGl0NzZ3dXlBMFpQVlZrTVpRVEpPSmtMNEhQak15N1l0R19NRF9jdmpwc0pNMlVNYnBhaVIwOVhvN3p6ZkxCU0owX2l2QlUtbm5PbFhsbXJVQW9tZHdfOW96ZmdWdjFBQUxvUGNabFljUF8xV1VPSWx6ZnVWTkxlYWFiYlV5c3ZaQXFkanZVeUlyWlZqOUZuemp3?oc=5\" target=\"_blank\" rel=\"nofollow noopener\">Las novedades de la campa\u00f1a de la gripe en La Rioja: los menores de entre 3 y 11 a\u00f1os ser\u00e1n vacunados en los colegios sin pinchazo<\/a>&nbsp;&nbsp;elDiario.es<\/li>\n<li><a href=\"https:\/\/news.google.com\/rss\/articles\/CBMiswFBVV95cUxNSzE0OE9QT3ZFME9zaWFTZW5JQk44ZmhaWlNmZTNfbWtwQkp0UUMxY2FCQ2oxUkdPOWpHYU55VXMtcDY5eHEtZnNkbXRyR2JZODhqRUZOb0Jvd3RkUDl0c0dJNTVQQWhDeG9mQ2MtNDNvN01JZUV1UmNlVUNfTDVHVkNSaUtBWjk1UWZVVlJpSFY0VmdnTnR3cTFHRE5jdDJwMnJLTnlCVGRlZGNwV1FHU19OMA?oc=5\" target=\"_blank\" rel=\"nofollow noopener\">La campa\u00f1a de vacunaci\u00f3n contra la gripe, seg\u00fan Tris<\/a>&nbsp;&nbsp;La Rioja<\/li>\n<li><a href=\"https:\/\/news.google.com\/rss\/articles\/CBMiigFBVV95cUxPSzRzTWU3Z0RuSWpKV3FSYm5xRm9CdmxueTE1YzRKMWRRR2xNVzBFZ2J4dDBiU05qVi1rZnZWdFVFRmJjRFEzd2hRU0hCQ1h0UEd2dzZsZGZUcGNRVXQtQzEtQUYzcEZwV1dHdkZsbDhfUzNFNTZEcTV6eTJoaXh2REU5NFhYT3pMM2c?oc=5\" target=\"_blank\" rel=\"nofollow noopener\">M034-VARIOS VACUNACION GRIPE COLEGIOS<\/a>&nbsp;&nbsp;atlas-news.com<\/li>\n<li><a href=\"https:\/\/news.google.com\/rss\/articles\/CBMizwFBVV95cUxQaTIyc1FkYjdnTGRLOVFFSGVnWWtkUXYwQU12MENHNDkxcGdMTnFlUmI1OFItdVZPR0VjSXBxOVQxN2hfS1djNkhoSG5nTlpfYndYR3IyRWpiUFdYLS1od0xNWWVleS1FUVE1Q29fLTNqQ2ItLWZpSUhCeE5iNTBpcWpkOXJCQVNMSF9wQ3Q4WmpWMnd2QkF0SHdjYXRjanQySDczRFl3MGE5M3FFYVRBMXNqQkMyVmxJRjFwUkJKSXRRbXB5cC03cjFyYU81Tms?oc=5\" target=\"_blank\" rel=\"nofollow noopener\">Comienza la vacunaci\u00f3n contra la gripe en los colegios riojanos, por primera vez hasta los 11 a\u00f1os<\/a>&nbsp;&nbsp;EFE &#8211; Agencia de noticias<\/li>\n<\/ol>\n","protected":false},"excerpt":{"rendered":"Adelanto de la vacunaci\u00f3n contra la gripe&nbsp;&nbsp;La Rioja Las novedades de la campa\u00f1a de la gripe en La&hellip;\n","protected":false},"author":2,"featured_media":159879,"comment_status":"","ping_status":"","sticky":false,"template":"","format":"standard","meta":{"footnotes":""},"categories":[92],"tags":[25,24,7749,165,47499,166,23,7589],"class_list":{"0":"post-159878","1":"post","2":"type-post","3":"status-publish","4":"format-standard","5":"has-post-thumbnail","7":"category-salud","8":"tag-es","9":"tag-espana","10":"tag-gripe","11":"tag-health","12":"tag-hemerotecaadelanto","13":"tag-salud","14":"tag-spain","15":"tag-vacunacion"},"share_on_mastodon":{"url":"","error":""},"_links":{"self":[{"href":"https:\/\/www.europesays.com\/es\/wp-json\/wp\/v2\/posts\/159878","targetHints":{"allow":["GET"]}}],"collection":[{"href":"https:\/\/www.europesays.com\/es\/wp-json\/wp\/v2\/posts"}],"about":[{"href":"https:\/\/www.europesays.com\/es\/wp-json\/wp\/v2\/types\/post"}],"author":[{"embeddable":true,"href":"https:\/\/www.europesays.com\/es\/wp-json\/wp\/v2\/users\/2"}],"replies":[{"embeddable":true,"href":"https:\/\/www.europesays.com\/es\/wp-json\/wp\/v2\/comments?post=159878"}],"version-history":[{"count":0,"href":"https:\/\/www.europesays.com\/es\/wp-json\/wp\/v2\/posts\/159878\/revisions"}],"wp:featuredmedia":[{"embeddable":true,"href":"https:\/\/www.europesays.com\/es\/wp-json\/wp\/v2\/media\/159879"}],"wp:attachment":[{"href":"https:\/\/www.europesays.com\/es\/wp-json\/wp\/v2\/media?parent=159878"}],"wp:term":[{"taxonomy":"category","embeddable":true,"href":"https:\/\/www.europesays.com\/es\/wp-json\/wp\/v2\/categories?post=159878"},{"taxonomy":"post_tag","embeddable":true,"href":"https:\/\/www.europesays.com\/es\/wp-json\/wp\/v2\/tags?post=159878"}],"curies":[{"name":"wp","href":"https:\/\/api.w.org\/{rel}","templated":true}]}}