{"id":159892,"date":"2025-10-06T19:43:10","date_gmt":"2025-10-06T19:43:10","guid":{"rendered":"https:\/\/www.europesays.com\/es\/159892\/"},"modified":"2025-10-06T19:43:10","modified_gmt":"2025-10-06T19:43:10","slug":"invicto-y-nunca-se-rinde","status":"publish","type":"post","link":"https:\/\/www.europesays.com\/es\/159892\/","title":{"rendered":"invicto y nunca se rinde"},"content":{"rendered":"<p class=\"ft-text\">Nadie en el <strong>Attica 21 Hotels OAR Coru\u00f1a <\/strong>pod\u00eda adivinar antes de comenzar su nueva andadura por la <strong>Divisi\u00f3n de Honor Plata <\/strong>un camino f\u00e1cil y asequible para un equipo que llevaba casi dos d\u00e9cadas buscando su billete de regreso a la segunda categor\u00eda del balonmano espa\u00f1ol. Seguramente el viaje tendr\u00e1 curvas, pero el primer mes del conjunto oarista roza la perfecci\u00f3n.<\/p>\n<p class=\"ft-text\">El equipo coru\u00f1\u00e9s es uno de los dos invictos que quedan en la Divisi\u00f3n de Honor Plata despu\u00e9s de cuatro jornadas al encadenar dos triunfos y dos empates. Solo el <strong>Agustinos de Alicante <\/strong>le sigue y le supera en ritmo, con pleno de victorias hasta el momento. Seis puntos de ocho posibles marcan el paso firme con el que el <strong>OAR <\/strong>se dirige hacia el objetivo primordial de este curso: la permanencia.<\/p>\n<p class=\"ft-text\">M\u00e1s all\u00e1 de las cifras, el <strong>OAR <\/strong>puede presumir del c\u00f3mo y no solo del qu\u00e9. Arranc\u00f3 la liga con dos victorias de much\u00edsimo peso. Dobleg\u00f3 a domicilio al <strong>Cisne <\/strong>(26-28) en el derbi de equipos gallegos en Plata. Una semana despu\u00e9s, San Francisco Javier vio la garra de su equipo, que logr\u00f3 mantener a raya al <strong>San Pablo Burgos<\/strong> (33-30), equipo que el curso pasado se qued\u00f3 a las puertas de <strong>Asobal <\/strong>y que est\u00e1 llamado a pelear por los puestos nobles tambi\u00e9n esta temporada. Los pupilos de <strong>Nando Gonz\u00e1lez<\/strong> demostraron sangre fr\u00eda en los minutos finales de ambos duelos para decantarlos a su favor.<\/p>\n<p class=\"ft-text\">Esfuerzo, trabajo en equipo y la certeza de goleadores como <strong>\u00c1lex Chan <\/strong>y<strong> Alberto Rold\u00e1n<\/strong> gu\u00edan a un equipo en el que nunca falla el gen competitivo. Esas virtudes fueron las que les han permitido mantenerse invictos y sumar en las dos \u00faltimas jornadas. En <strong>Oviedo <\/strong>mandaron durante buena parte del encuentro y, aunque los asturianos apretaron en busca de la remontada en el tramo final, supieron amarrar al menos un punto (26-26) con buenas defensas en las \u00faltimas posesiones.<\/p>\n<p class=\"ft-text\">El pasado s\u00e1bado, lleg\u00f3 el mayor ejercicio de compromiso. Los coru\u00f1eses empataron (29-29) contra el <strong>Trops M\u00e1laga<\/strong> un duelo que llegaron a perder por cuatro goles en varios tramos. Nadie baj\u00f3 los brazos y, a base de insistir, el empate se tradujo en un punto m\u00e1s en el casillero. Ya son seis en cuatro jornadas. Todav\u00eda queda mucho camino por delante, pero el <strong>OAR <\/strong>puede estar muy satisfecho con su regreso so\u00f1ado a Divisi\u00f3n de Honor Plata.<\/p>\n","protected":false},"excerpt":{"rendered":"Nadie en el Attica 21 Hotels OAR Coru\u00f1a pod\u00eda adivinar antes de comenzar su nueva andadura por la&hellip;\n","protected":false},"author":2,"featured_media":159893,"comment_status":"","ping_status":"","sticky":false,"template":"","format":"standard","meta":{"footnotes":""},"categories":[278],"tags":[376,168,8656,25,24,375,5902,5967,5972,2596,3656,33079,23,167],"class_list":{"0":"post-159892","1":"post","2":"type-post","3":"status-publish","4":"format-standard","5":"has-post-thumbnail","7":"category-balonmano","8":"tag-balonmano","9":"tag-deportes","10":"tag-division-de-honor-plata","11":"tag-es","12":"tag-espana","13":"tag-handball","14":"tag-invicto","15":"tag-oar","16":"tag-oar-coruna","17":"tag-regreso","18":"tag-rinde","19":"tag-sonado","20":"tag-spain","21":"tag-sports"},"share_on_mastodon":{"url":"","error":""},"_links":{"self":[{"href":"https:\/\/www.europesays.com\/es\/wp-json\/wp\/v2\/posts\/159892","targetHints":{"allow":["GET"]}}],"collection":[{"href":"https:\/\/www.europesays.com\/es\/wp-json\/wp\/v2\/posts"}],"about":[{"href":"https:\/\/www.europesays.com\/es\/wp-json\/wp\/v2\/types\/post"}],"author":[{"embeddable":true,"href":"https:\/\/www.europesays.com\/es\/wp-json\/wp\/v2\/users\/2"}],"replies":[{"embeddable":true,"href":"https:\/\/www.europesays.com\/es\/wp-json\/wp\/v2\/comments?post=159892"}],"version-history":[{"count":0,"href":"https:\/\/www.europesays.com\/es\/wp-json\/wp\/v2\/posts\/159892\/revisions"}],"wp:featuredmedia":[{"embeddable":true,"href":"https:\/\/www.europesays.com\/es\/wp-json\/wp\/v2\/media\/159893"}],"wp:attachment":[{"href":"https:\/\/www.europesays.com\/es\/wp-json\/wp\/v2\/media?parent=159892"}],"wp:term":[{"taxonomy":"category","embeddable":true,"href":"https:\/\/www.europesays.com\/es\/wp-json\/wp\/v2\/categories?post=159892"},{"taxonomy":"post_tag","embeddable":true,"href":"https:\/\/www.europesays.com\/es\/wp-json\/wp\/v2\/tags?post=159892"}],"curies":[{"name":"wp","href":"https:\/\/api.w.org\/{rel}","templated":true}]}}