{"id":159894,"date":"2025-10-06T19:49:12","date_gmt":"2025-10-06T19:49:12","guid":{"rendered":"https:\/\/www.europesays.com\/es\/159894\/"},"modified":"2025-10-06T19:49:12","modified_gmt":"2025-10-06T19:49:12","slug":"sorpresa-en-la-f1-jack-doohan-podria-pasar-a-otra-escuderia-tras-perder-su-lugar-como-titular-en-alpine-con-colapinto","status":"publish","type":"post","link":"https:\/\/www.europesays.com\/es\/159894\/","title":{"rendered":"Sorpresa en la F1: Jack Doohan podr\u00eda pasar a otra escuder\u00eda tras perder su lugar como titular en Alpine con Colapinto"},"content":{"rendered":"<p><img alt=\"Jack Doohan, junto a su\" class=\"global-image\" decoding=\"async\" fetchpriority=\"high\" height=\"3714\" loading=\"eager\" src=\"https:\/\/www.europesays.com\/es\/wp-content\/uploads\/2025\/10\/3JRYNHKTPJHTDGIPFY4K6DMJXI.JPG\" width=\"5169\"\/>Jack Doohan, junto a su entorno, est\u00e1n evaluando opciones fuera de Alpine (REUTERS\/Manon Cruz)<\/p>\n<p class=\"paragraph\">La temporada 2025 de la <b>F\u00f3rmula 1 <\/b>se sumergi\u00f3 en la recta final y varias escuder\u00edas ya tienen los ojos puestos en el 2026, cuando comenzar\u00e1 a regir un nuevo reglamento t\u00e9cnico. <b>Alpine<\/b>, que dedic\u00f3 todo el a\u00f1o a la construcci\u00f3n del monoplaza del pr\u00f3ximo curso, asegur\u00f3 que en las pr\u00f3ximas semanas confirmar\u00e1 al compa\u00f1ero de <b>Pierre Gasly<\/b> en la dupla titular. M\u00e1s all\u00e1 de que <b>Flavio Briatore<\/b> oficializ\u00f3 que la pelea est\u00e1 entre <b>Franco Colapinto<\/b> y <b>Paul Aaron<\/b>, <a rel=\"noopener noreferrer nofollow\" href=\"https:\/\/www.infobae.com\/deportes\/2025\/10\/06\/se-acerca-el-anuncio-de-alpine-por-que-colapinto-cumplio-con-su-penultima-prueba-para-seguir-en-la-f1-en-2026\/\" target=\"_blank\" title=\"https:\/\/www.infobae.com\/deportes\/2025\/10\/06\/se-acerca-el-anuncio-de-alpine-por-que-colapinto-cumplio-con-su-penultima-prueba-para-seguir-en-la-f1-en-2026\/\">el argentino tendr\u00eda todo encaminado para seguir en la <b>F\u00f3rmula 1<\/b><\/a>. Estas declaraciones del l\u00edder del equipo tambi\u00e9n dejaron en claro la posici\u00f3n del otro piloto reserva:<b> Jack Doohan, quien ya tendr\u00eda conversaciones con otra escuder\u00eda de la <\/b><b>M\u00e1xima, <\/b><b>no entra en los planes del equipo franc\u00e9s.<\/b><\/p>\n<p class=\"paragraph\">Tras iniciar el a\u00f1o como titular, el australiano fue eyectado de su butaca despu\u00e9s de seis participaciones -siete si se suma el GP de Abu Dhabi 2024-, en las que protagoniz\u00f3 varios accidentes y no logr\u00f3 concretar buenos resultados, lo que debilit\u00f3 su posici\u00f3n interna. Ante este panorama, seg\u00fan el periodista especializado Chris Medland y el medio Crash,<b> el entorno del piloto australiano ya habr\u00eda iniciado contactos para asumir el rol de piloto de reserva de Haas<\/b>, en un contexto donde<a rel=\"noopener noreferrer nofollow\" href=\"https:\/\/www.infobae.com\/deportes\/2025\/09\/30\/el-analisis-sobre-la-definicion-de-la-segunda-butaca-en-alpine-para-2026-que-impacto-a-la-f1-colapinto-es-la-opcion-mas-probable\/\" target=\"_blank\" title=\"https:\/\/www.infobae.com\/deportes\/2025\/09\/30\/el-analisis-sobre-la-definicion-de-la-segunda-butaca-en-alpine-para-2026-que-impacto-a-la-f1-colapinto-es-la-opcion-mas-probable\/\"> las opciones de Doohan para continuar en Alpine parecen cada vez m\u00e1s limitadas.<\/a><\/p>\n<p class=\"paragraph\">Ante la p\u00e9rdida de peso en la estructura interna en la escuder\u00eda, <b>la estrategia del entorno de Doohan se centra en explorar alternativas fuera de Enstone<\/b>. Seg\u00fan lo relatado por Chris Medland en el p\u00f3dcast Pit Pass F1, el padre del piloto, <b>Mick Doohan, fue visto manteniendo conversaciones con el jefe de Haas, Ayao Komatsu<\/b>, durante el \u00faltimo fin de semana de competici\u00f3n en el Gran Premio de Singapur. <\/p>\n<p class=\"paragraph\"><b>\u201cPara un piloto que lleg\u00f3 a la F1 este a\u00f1o y ya no compite, Jack Doohan ha sido vinculado con una posible transferencia a Haas. Mick Doohan estuvo hablando con Ayao Komatsu un buen rato esta tarde. Lo observ\u00e9, y ha estado all\u00ed un par de veces este fin de semana\u201d<\/b>, asegur\u00f3.<\/p>\n<p><img alt=\"Briatore asegur\u00f3 que la dupla\" class=\"global-image\" decoding=\"async\" fetchpriority=\"low\" height=\"834\" loading=\"lazy\" src=\"https:\/\/www.europesays.com\/es\/wp-content\/uploads\/2025\/10\/6PJ3J6ZIQ5DPVCNDLTCAX5SIAU.jpeg\" width=\"1415\"\/>Briatore asegur\u00f3 que la dupla titular de Alpine de cara al 2026 la confirmar\u00e1n en los pr\u00f3ximos meses, aunque todo est\u00e1 encaminado para que Colapinto acompa\u00f1e a Gasly<\/p>\n<p class=\"paragraph\">El inter\u00e9s de Haas en reforzar su plantilla de pilotos de reserva tambi\u00e9n podr\u00eda responder a la situaci\u00f3n de que <a rel=\"noopener noreferrer nofollow\" href=\"https:\/\/www.infobae.com\/deportes\/2025\/09\/08\/un-piloto-de-la-formula-1-quedo-al-borde-de-ser-suspendido-por-una-carrera-tras-recibir-una-dura-sancion-en-el-gp-de-italia\/\" target=\"_blank\" title=\"https:\/\/www.infobae.com\/deportes\/2025\/09\/08\/un-piloto-de-la-formula-1-quedo-al-borde-de-ser-suspendido-por-una-carrera-tras-recibir-una-dura-sancion-en-el-gp-de-italia\/\"><b>Ollie Bearman <\/b>se encuentra a un solo punto de penalizaci\u00f3n en la superlicencia<\/a>, lo que lo ubic\u00f3 en la orilla de una sanci\u00f3n por una carrera. Actualmente, el tercer piloto de la escuder\u00eda es <b>Ry\u014d Hirakawa<\/b>, con experiencia en el Campeonato Mundial de Resistencia, <b>pero sin una presencia consolidada en la F\u00f3rmula 1<\/b>. De hecho, <a rel=\"noopener noreferrer nofollow\" href=\"https:\/\/www.infobae.com\/deportes\/2025\/04\/11\/el-piloto-de-reserva-que-se-fue-de-alpine-explico-las-razones-de-su-partida-a-haas-el-efecto-colapinto\/\" target=\"_blank\" title=\"https:\/\/www.infobae.com\/deportes\/2025\/04\/11\/el-piloto-de-reserva-que-se-fue-de-alpine-explico-las-razones-de-su-partida-a-haas-el-efecto-colapinto\/\">el japon\u00e9s recal\u00f3 en el equipo estadounidense desde Alpine a principios de a\u00f1o<\/a>.<\/p>\n<p class=\"paragraph\">Medland tambi\u00e9n se\u00f1al\u00f3 la posibilidad de que Doohan explore un v\u00ednculo con otras marcas y en diferentes categor\u00edas de automovilismo, lo que le permitir\u00eda mantenerse en actividad competitiva y recuperar ritmo de carrera. <b>\u201cLo que me dijeron en el paddock hoy fue que hab\u00eda un posible v\u00ednculo con Toyota, as\u00ed que tal vez alg\u00fan v\u00ednculo con la S\u00faper F\u00f3rmula y un poco de carrera en Jap\u00f3n para que vuelva a estar en forma; simplemente para que Doohan pueda competir\u201d<\/b>, explic\u00f3 en el p\u00f3dcast. A\u00f1adi\u00f3 que el piloto australiano no ha vuelto a subirse a un monoplaza de F1 desde Miami, carrera en la que tuvo que abandonar tras chocar en la primera curva, y que su deseo es regresar a la pista cuanto antes.<\/p>\n<p class=\"paragraph\">La opci\u00f3n de <b>combinar un rol de reserva en Haas con participaciones en la TPC (Testing of Previous Cars) aparece como una alternativa viable para Doohan<\/b>, permiti\u00e9ndole mantenerse activo y disponible en caso de que la escuder\u00eda requiera un reemplazo. Cabe destacar que el australiano de 22 a\u00f1os <a rel=\"noopener noreferrer nofollow\" href=\"https:\/\/www.infobae.com\/deportes\/2025\/07\/17\/sorpresa-en-la-formula-1-jack-doohan-podria-dejar-alpine-para-fichar-en-otra-escuderia\/\" target=\"_blank\" title=\"https:\/\/www.infobae.com\/deportes\/2025\/07\/17\/sorpresa-en-la-formula-1-jack-doohan-podria-dejar-alpine-para-fichar-en-otra-escuderia\/\">tambi\u00e9n fue relacionado con una hipot\u00e9tica salida a <b>Cadillac<\/b><\/a>, escuder\u00eda que debutar\u00e1 en la F\u00f3rmula 1 en 2026. <\/p>\n<p><img alt=\"Doohan no pudo sumar ning\u00fan\" class=\"global-image\" decoding=\"async\" fetchpriority=\"low\" height=\"1080\" loading=\"lazy\" src=\"https:\/\/www.europesays.com\/es\/wp-content\/uploads\/2025\/10\/HUCIXLCXNFCKLHS4J4UV53MOOA.jpg\" width=\"1920\"\/>Doohan no pudo sumar ning\u00fan punto en las siete carreras que compiti\u00f3 en la F1, y su mejor resultado fue un 13\u00b0 puesto (@AlpineF1Team)<\/p>\n<p class=\"paragraph\"><b>\u201cEso tambi\u00e9n se asociar\u00eda con un rol de reserva en Haas y algo de carrera en TPC, lo que lo mantendr\u00eda informado si se necesitara alg\u00fan piloto de reserva y fortalecer\u00eda el grupo de pilotos disponibles all\u00ed. No parece que la puerta se vuelva a abrir en Alpine, y Jack Doohan esperaba una oportunidad para \u00e9l m\u00e1s adelante en esta temporada\u201d<\/b>, puntualiz\u00f3 el periodista. Vale recordar que el australiano cumpli\u00f3 con dicha tarea durante dos a\u00f1os en Alpine antes de que se le diera la chance en una carrera oficial.<\/p>\n<p class=\"paragraph\"><b>Steve Nielsen<\/b>, flamante director de Alpine, <a rel=\"noopener noreferrer nofollow\" href=\"https:\/\/www.infobae.com\/deportes\/2025\/10\/03\/el-nuevo-jefe-de-franco-colapinto-en-alpine-hablo-sobre-su-futuro-en-el-equipo-tuvo-un-comienzo-dificil-pero-se-ha-equilibrado\/\" target=\"_blank\" title=\"https:\/\/www.infobae.com\/deportes\/2025\/10\/03\/el-nuevo-jefe-de-franco-colapinto-en-alpine-hablo-sobre-su-futuro-en-el-equipo-tuvo-un-comienzo-dificil-pero-se-ha-equilibrado\/\">hizo alusi\u00f3n a la situaci\u00f3n de Doohan en el <b>Gran Premio de Singapur<\/b><\/a>, donde Colapinto complet\u00f3 una notable actuaci\u00f3n. \u201c<b>Jack sigue formando parte de nuestro programa<\/b>. Corri\u00f3 para nosotros en las primeras carreras de la temporada. Hicimos un cambio. Franco ahora est\u00e1 en el coche. Evaluamos constantemente nuestras opciones. <b>Como dije al principio, tomaremos decisiones cuando sea necesario<\/b>, pero no puedo darte ninguna informaci\u00f3n sobre si volver\u00e1 a correr o cu\u00e1ndo lo har\u00e1\u201d, explic\u00f3 en la rueda de prensa.<\/p>\n<p class=\"paragraph\">Pese a que desde Alpine todav\u00eda no oficializan la estad\u00eda de Colapinto de cara a la temporada 2026, <b>todo est\u00e1 encaminado para que el piloto argentino siga al mando del monoplaza<\/b>. Briatore, asesor ejecutivo, dej\u00f3 entrever que la decisi\u00f3n final se dar\u00eda entre octubre y noviembre. La pr\u00f3xima carrera de la F1 ser\u00e1 en COTA, en el marco del <b>Gran Premio de los Estados Unidos<\/b>. <\/p>\n","protected":false},"excerpt":{"rendered":"Jack Doohan, junto a su entorno, est\u00e1n evaluando opciones fuera de Alpine (REUTERS\/Manon Cruz) La temporada 2025 de&hellip;\n","protected":false},"author":2,"featured_media":159895,"comment_status":"","ping_status":"","sticky":false,"template":"","format":"standard","meta":{"footnotes":""},"categories":[270],"tags":[168,25,24,406,306,271,272,3019,23,3020,167,3021],"class_list":{"0":"post-159894","1":"post","2":"type-post","3":"status-publish","4":"format-standard","5":"has-post-thumbnail","7":"category-formula-1","8":"tag-deportes","9":"tag-es","10":"tag-espana","11":"tag-europe","12":"tag-f1","13":"tag-formula-1","14":"tag-formula1","15":"tag-motor-racing","16":"tag-spain","17":"tag-sport","18":"tag-sports","19":"tag-stavelot"},"share_on_mastodon":{"url":"","error":""},"_links":{"self":[{"href":"https:\/\/www.europesays.com\/es\/wp-json\/wp\/v2\/posts\/159894","targetHints":{"allow":["GET"]}}],"collection":[{"href":"https:\/\/www.europesays.com\/es\/wp-json\/wp\/v2\/posts"}],"about":[{"href":"https:\/\/www.europesays.com\/es\/wp-json\/wp\/v2\/types\/post"}],"author":[{"embeddable":true,"href":"https:\/\/www.europesays.com\/es\/wp-json\/wp\/v2\/users\/2"}],"replies":[{"embeddable":true,"href":"https:\/\/www.europesays.com\/es\/wp-json\/wp\/v2\/comments?post=159894"}],"version-history":[{"count":0,"href":"https:\/\/www.europesays.com\/es\/wp-json\/wp\/v2\/posts\/159894\/revisions"}],"wp:featuredmedia":[{"embeddable":true,"href":"https:\/\/www.europesays.com\/es\/wp-json\/wp\/v2\/media\/159895"}],"wp:attachment":[{"href":"https:\/\/www.europesays.com\/es\/wp-json\/wp\/v2\/media?parent=159894"}],"wp:term":[{"taxonomy":"category","embeddable":true,"href":"https:\/\/www.europesays.com\/es\/wp-json\/wp\/v2\/categories?post=159894"},{"taxonomy":"post_tag","embeddable":true,"href":"https:\/\/www.europesays.com\/es\/wp-json\/wp\/v2\/tags?post=159894"}],"curies":[{"name":"wp","href":"https:\/\/api.w.org\/{rel}","templated":true}]}}