{"id":159897,"date":"2025-10-06T19:51:17","date_gmt":"2025-10-06T19:51:17","guid":{"rendered":"https:\/\/www.europesays.com\/es\/159897\/"},"modified":"2025-10-06T19:51:17","modified_gmt":"2025-10-06T19:51:17","slug":"confianza-y-alegria-en-el-cd-barco-tras-la-primera-victoria","status":"publish","type":"post","link":"https:\/\/www.europesays.com\/es\/159897\/","title":{"rendered":"Confianza y alegr\u00eda en el CD Barco tras la primera victoria"},"content":{"rendered":"<p>El Centro de Deportes<strong> Barco sum\u00f3 su primera victoria de la temporada al imponerse por 0-1 al Juventud de Cambados<\/strong>. Son los primeros puntos del curso para el equipo dirigido por Lino Est\u00e9vez, que gana confianza y afronta con alegr\u00eda la semana, ya con la vista puesta en el duelo del pr\u00f3ximo domingo ante el C\u00e9ltiga, donde esperan sumar los primeros puntos tambi\u00e9n como locales.<\/p>\n<p>El <strong>\u00fanico gol del partido lo marc\u00f3 Miguel Freir\u00eda en el minuto 55,<\/strong> tras una buena primera parte y antes de un tramo final en el que el Barco pudo incluso ampliar la ventaja en el marcador. Fue un buen encuentro del conjunto barquense, tanto con bal\u00f3n como sobre todo sin \u00e9l, confirmando las buenas sensaciones de las \u00faltimas semanas pese a que los resultados no hab\u00edan acompa\u00f1ado.<\/p>\n<p><img loading=\"lazy\" decoding=\"async\" width=\"700\" height=\"393\" alt=\"somoscomarca_cdviana889\" src=\"https:\/\/www.europesays.com\/es\/wp-content\/uploads\/2025\/10\/2025093021242752686.jpg\" class=\"lazyload\" \/><\/p>\n<p>Resto de marcadores<\/p>\n<p>En la Primera Auton\u00f3mica,<strong> festival goleador del C\u00f3rgomo de Iv\u00e1n Gonz\u00e1lez, que venci\u00f3 0-4 al Broll\u00f3n.<\/strong> Se trata del tercer triunfo en cinco partidos para el equipo, que se coloca en la parte alta de la tabla y se perfila como uno de los favoritos de la categor\u00eda.<\/p>\n<p><img loading=\"lazy\" decoding=\"async\" width=\"700\" height=\"393\" alt=\"somoscomarca_cdviana891\" src=\"https:\/\/www.europesays.com\/es\/wp-content\/uploads\/2025\/10\/2025093021242823607.jpg\" class=\"lazyload\" \/><\/p>\n<p>Tremendo golazo de cabeza de Marcos que ponia el 1.1 en el marcador<\/p>\n<p>En la Segunda Futgal llegaron las malas noticias. El<strong> CD R\u00faa encaj\u00f3 una dur\u00edsima derrota por 9-1 ante el Arenteiro B <\/strong>y cae a la \u00faltima posici\u00f3n de la tabla. El <strong>Viana, hasta ahora invicto, perdi\u00f3 frente a otro aspirante al t\u00edtulo<\/strong>, el Rayo 21.<\/p>\n<p><img loading=\"lazy\" decoding=\"async\" width=\"700\" height=\"393\" alt=\"somoscomarca_cdviana869\" src=\"https:\/\/www.europesays.com\/es\/wp-content\/uploads\/2025\/10\/2025093021243335583.jpg\" class=\"lazyload\" \/><\/p>\n<p>El guardameta del Viana nada puede hacer ante el bal\u00f3n imparable que se mete hasta el fondo de la red<\/p>\n<p>En Tercera, <strong>el Trives rescat\u00f3 un empate a tres goles ante el Ourense CF B<\/strong> en un duelo resuelto en los \u00faltimos minutos. Por su parte, <strong>el Barco B sigue con su buena din\u00e1mica y gole\u00f3 6-1 al Palm\u00e9s.<\/strong><\/p>\n<p><img loading=\"lazy\" decoding=\"async\" width=\"700\" height=\"322\" alt=\"somoscomarca_cdviana867\" src=\"https:\/\/www.europesays.com\/es\/wp-content\/uploads\/2025\/10\/2025093021243269538.jpg\" class=\"lazyload\" \/><\/p>\n<p>Doble tropiezo<\/p>\n<p>En f\u00fatbol sala, <strong>doble tropiezo. El Pizarras Los Tres Cu\u00f1ados perdi\u00f3 por la m\u00ednima (1-2)<\/strong> ante el Bai\u00f1a en Calabagueiros, mientras que el <strong>Vianari\u00f1o cay\u00f3 con claridad (2-7) frente al Ribeira, <\/strong>pese a haberse adelantado en el marcador.<\/p>\n<p><img loading=\"lazy\" decoding=\"async\" width=\"700\" height=\"393\" alt=\"somoscomarca_viana_vianari\u00f1o921\" src=\"https:\/\/www.europesays.com\/es\/wp-content\/uploads\/2025\/10\/2025093021242048131.jpg\" class=\"lazyload\" \/><\/p>\n<p>Esta es la jugada del primer gol del partido, lo marc\u00f3 el capit\u00e1n del Vianari\u00f1o<\/p>\n<p>Para el t\u00e9cnico del Vianari\u00f1o, <strong>Xocas Miranda,<\/strong> la tristeza por la derrota \u2013ante su exequipo, adem\u00e1s- contrast\u00f3 con la <strong>satisfacci\u00f3n tras ser elegido como mejor entrenador de la Preferente Sur de la pasada campa\u00f1a,<\/strong> en la que consigui\u00f3 el ascenso con el Vianari\u00f1o. Xocas destaca que el reconocimiento es para todo el equipo.<\/p>\n<p><img loading=\"lazy\" decoding=\"async\" width=\"700\" height=\"393\" alt=\"somoscomarca_viana_vianari\u00f1o924\" src=\"https:\/\/www.europesays.com\/es\/wp-content\/uploads\/2025\/10\/2025093021242130611.jpg\" class=\"lazyload\" \/><\/p>\n<p>Xocas Miranda\u00a0mejor entrenador de la Preferente Sur de la pasada campa\u00f1a<\/p>\n","protected":false},"excerpt":{"rendered":"El Centro de Deportes Barco sum\u00f3 su primera victoria de la temporada al imponerse por 0-1 al Juventud&hellip;\n","protected":false},"author":2,"featured_media":159898,"comment_status":"","ping_status":"","sticky":false,"template":"","format":"standard","meta":{"footnotes":""},"categories":[268],"tags":[517,47506,47504,47502,47503,47505,634,168,25,24,280,282,281,23,167,47501,47507],"class_list":{"0":"post-159897","1":"post","2":"type-post","3":"status-publish","4":"format-standard","5":"has-post-thumbnail","7":"category-futbol","8":"tag-actualidad","9":"tag-cd-barco","10":"tag-cd-corgomo","11":"tag-cd-rua","12":"tag-cd-trives","13":"tag-cd-viana","14":"tag-deporte","15":"tag-deportes","16":"tag-es","17":"tag-espana","18":"tag-football","19":"tag-futbol","20":"tag-soccer","21":"tag-spain","22":"tag-sports","23":"tag-tres-cunados","24":"tag-vianarino"},"share_on_mastodon":{"url":"","error":""},"_links":{"self":[{"href":"https:\/\/www.europesays.com\/es\/wp-json\/wp\/v2\/posts\/159897","targetHints":{"allow":["GET"]}}],"collection":[{"href":"https:\/\/www.europesays.com\/es\/wp-json\/wp\/v2\/posts"}],"about":[{"href":"https:\/\/www.europesays.com\/es\/wp-json\/wp\/v2\/types\/post"}],"author":[{"embeddable":true,"href":"https:\/\/www.europesays.com\/es\/wp-json\/wp\/v2\/users\/2"}],"replies":[{"embeddable":true,"href":"https:\/\/www.europesays.com\/es\/wp-json\/wp\/v2\/comments?post=159897"}],"version-history":[{"count":0,"href":"https:\/\/www.europesays.com\/es\/wp-json\/wp\/v2\/posts\/159897\/revisions"}],"wp:featuredmedia":[{"embeddable":true,"href":"https:\/\/www.europesays.com\/es\/wp-json\/wp\/v2\/media\/159898"}],"wp:attachment":[{"href":"https:\/\/www.europesays.com\/es\/wp-json\/wp\/v2\/media?parent=159897"}],"wp:term":[{"taxonomy":"category","embeddable":true,"href":"https:\/\/www.europesays.com\/es\/wp-json\/wp\/v2\/categories?post=159897"},{"taxonomy":"post_tag","embeddable":true,"href":"https:\/\/www.europesays.com\/es\/wp-json\/wp\/v2\/tags?post=159897"}],"curies":[{"name":"wp","href":"https:\/\/api.w.org\/{rel}","templated":true}]}}