{"id":159907,"date":"2025-10-06T20:02:11","date_gmt":"2025-10-06T20:02:11","guid":{"rendered":"https:\/\/www.europesays.com\/es\/159907\/"},"modified":"2025-10-06T20:02:11","modified_gmt":"2025-10-06T20:02:11","slug":"la-comunidad-valenciana-se-convertira-en-un-referente-de-ciberseguridad-industrial-alicante-press","status":"publish","type":"post","link":"https:\/\/www.europesays.com\/es\/159907\/","title":{"rendered":"La Comunidad Valenciana se convertir\u00e1 en un referente de ciberseguridad industrial | ALICANTE PRESS"},"content":{"rendered":"<p>El <strong>president de la Generalitat, Carlos Maz\u00f3n<\/strong>, ha anunciado que la <strong>Comunitat Valenciana<\/strong> \u201cva a convertirse en un referente de ciberseguridad industrial\u201d, tras la firma de un <strong>acuerdo de intenciones<\/strong> con la empresa <strong>S2GRUPO<\/strong>, especializada en ciberseguridad, para impulsar un <strong>laboratorio de ciberseguridad aplicado al sector aeroespacial<\/strong>.<\/p>\n<p>El acto ha tenido lugar en la sede de la compa\u00f1\u00eda en Valencia, donde Maz\u00f3n ha rubricado el acuerdo junto al <strong>CEO de S2GRUPO, Jos\u00e9 Rosell<\/strong>, y ha destacado que este proyecto contribuir\u00e1 a posicionar a la Comunitat como \u201cun <strong>Polo de Ciberseguridad Industrial<\/strong>\u201d.<\/p>\n<p>El president ha calificado la iniciativa como \u201c<strong>una apuesta de futuro<\/strong>\u201d que beneficiar\u00e1 a <strong>empresas, universidades, centros de investigaci\u00f3n y a toda la sociedad<\/strong>, y ha explicado que la Generalitat respaldar\u00e1 a S2GRUPO en el desarrollo de un <strong>plan de inversiones<\/strong> destinado a la creaci\u00f3n de un <strong>Centro de Excelencia en Ciberseguridad<\/strong> y al desarrollo del <strong>proyecto Cicer\u00f3n<\/strong> para el sector aeroespacial.<\/p>\n<p>\u00a0<\/p>\n<p>Maz\u00f3n ha subrayado que este proyecto \u201cnace como respuesta a un contexto global en el que la Comunitat Valenciana y Espa\u00f1a tienen la oportunidad de convertirse en <strong>actores clave en la resiliencia aeroespacial europea<\/strong>\u201d. Asimismo, ha defendido que la <strong>ciberseguridad debe ser un eje transversal<\/strong> y una prioridad estrat\u00e9gica tanto para las <strong>pol\u00edticas p\u00fablicas<\/strong> como para las <strong>empresas privadas<\/strong>, y ha puesto en valor su potencial para <strong>impulsar la econom\u00eda y la creaci\u00f3n de empleo de calidad<\/strong>.<\/p>\n<p>En este sentido, ha recordado que el <strong>Consell<\/strong> ha favorecido la <strong>atracci\u00f3n de proyectos estrat\u00e9gicos<\/strong> que en los dos \u00faltimos a\u00f1os se han traducido en <strong>18.000 millones de euros de inversi\u00f3n<\/strong> y la <strong>creaci\u00f3n de 21.600 puestos de trabajo<\/strong> en la Comunitat Valenciana.<\/p>\n<p>\u00a0<\/p>\n<p>Por su parte, <strong>Jos\u00e9 Rosell<\/strong> ha destacado la <strong>proyecci\u00f3n internacional<\/strong> del proyecto y su papel en la consolidaci\u00f3n de la Comunitat como <strong>referente europeo en ciberseguridad industrial<\/strong>. \u201cDesde la colaboraci\u00f3n p\u00fablico-privada, el Polo actuar\u00e1 como tractor para todos los sectores, promoviendo el talento digital, la inversi\u00f3n en I+D+i y el empleo de alto valor a\u00f1adido, avanzando hacia una verdadera <strong>soberan\u00eda digital<\/strong>\u201d, ha afirmado.<\/p>\n<p>Maz\u00f3n ha a\u00f1adido que este acuerdo refuerza la <strong>estrategia del Consell por la innovaci\u00f3n digital<\/strong>, con el objetivo de que la transformaci\u00f3n tecnol\u00f3gica \u201csea una <strong>oportunidad para todos<\/strong>, garantizando seguridad, confianza y protecci\u00f3n para la ciudadan\u00eda\u201d.<\/p>\n<p>\u00a0<\/p>\n<p>El <strong>proyecto Cicer\u00f3n<\/strong> busca <strong>asegurar la cadena de suministro de la industria satelital<\/strong>, mediante el dise\u00f1o y despliegue del <strong>primer Centro de Operaciones de Ciberseguridad Espacial<\/strong>, un espacio que servir\u00e1 tambi\u00e9n para <strong>formar talento especializado<\/strong>, crear <strong>empleo de alta cualificaci\u00f3n<\/strong> y fomentar <strong>programas de becas y pr\u00e1cticas<\/strong> en colaboraci\u00f3n con universidades y centros de investigaci\u00f3n.<\/p>\n<p>Adem\u00e1s, su desarrollo beneficiar\u00e1 tambi\u00e9n a <strong>pymes y aut\u00f3nomos<\/strong>, que podr\u00e1n acceder a <strong>herramientas y servicios de protecci\u00f3n digital<\/strong> para reforzar la seguridad de sus negocios.<\/p>\n<p>\u00a0<\/p>\n<p>Con esta iniciativa, la <strong>Comunitat Valenciana<\/strong> da un paso decisivo hacia su consolidaci\u00f3n como <strong>referente en innovaci\u00f3n, ciberseguridad e industria tecnol\u00f3gica a nivel europeo<\/strong>.<\/p>\n","protected":false},"excerpt":{"rendered":"El president de la Generalitat, Carlos Maz\u00f3n, ha anunciado que la Comunitat Valenciana \u201cva a convertirse en un&hellip;\n","protected":false},"author":2,"featured_media":159908,"comment_status":"","ping_status":"","sticky":false,"template":"","format":"standard","meta":{"footnotes":""},"categories":[80],"tags":[82,7051,95,94,7046,2006,25,24,7048,7044,7047,7043,23,7050,7049,7045],"class_list":{"0":"post-159907","1":"post","2":"type-post","3":"status-publish","4":"format-standard","5":"has-post-thumbnail","7":"category-economia","8":"tag-business","9":"tag-diario-digital","10":"tag-economia","11":"tag-economy","12":"tag-el-campello","13":"tag-elche","14":"tag-es","15":"tag-espana","16":"tag-informacion-alicante","17":"tag-noticias-alicante","18":"tag-periodico-digital","19":"tag-periodicos-alicante","20":"tag-spain","21":"tag-sucesos-alicante","22":"tag-terremoto","23":"tag-tram-alicante"},"share_on_mastodon":{"url":"","error":""},"_links":{"self":[{"href":"https:\/\/www.europesays.com\/es\/wp-json\/wp\/v2\/posts\/159907","targetHints":{"allow":["GET"]}}],"collection":[{"href":"https:\/\/www.europesays.com\/es\/wp-json\/wp\/v2\/posts"}],"about":[{"href":"https:\/\/www.europesays.com\/es\/wp-json\/wp\/v2\/types\/post"}],"author":[{"embeddable":true,"href":"https:\/\/www.europesays.com\/es\/wp-json\/wp\/v2\/users\/2"}],"replies":[{"embeddable":true,"href":"https:\/\/www.europesays.com\/es\/wp-json\/wp\/v2\/comments?post=159907"}],"version-history":[{"count":0,"href":"https:\/\/www.europesays.com\/es\/wp-json\/wp\/v2\/posts\/159907\/revisions"}],"wp:featuredmedia":[{"embeddable":true,"href":"https:\/\/www.europesays.com\/es\/wp-json\/wp\/v2\/media\/159908"}],"wp:attachment":[{"href":"https:\/\/www.europesays.com\/es\/wp-json\/wp\/v2\/media?parent=159907"}],"wp:term":[{"taxonomy":"category","embeddable":true,"href":"https:\/\/www.europesays.com\/es\/wp-json\/wp\/v2\/categories?post=159907"},{"taxonomy":"post_tag","embeddable":true,"href":"https:\/\/www.europesays.com\/es\/wp-json\/wp\/v2\/tags?post=159907"}],"curies":[{"name":"wp","href":"https:\/\/api.w.org\/{rel}","templated":true}]}}