{"id":159909,"date":"2025-10-06T20:03:08","date_gmt":"2025-10-06T20:03:08","guid":{"rendered":"https:\/\/www.europesays.com\/es\/159909\/"},"modified":"2025-10-06T20:03:08","modified_gmt":"2025-10-06T20:03:08","slug":"macron-da-dos-dias-a-lecornu-para-recomponer-una-coalicion-de-gobierno","status":"publish","type":"post","link":"https:\/\/www.europesays.com\/es\/159909\/","title":{"rendered":"Macron da dos d\u00edas a Lecornu para recomponer una coalici\u00f3n de Gobierno"},"content":{"rendered":"<p><strong>El primer ministro franc\u00e9s, S\u00e9bastien Lecornu, ha presentado su dimisi\u00f3n <\/strong>pocas horas despu\u00e9s de desvelar su propuesta de Gobierno. Horas despu\u00e9s el presidente Macron ha pedido a Lecornu que intente recomponer una coalici\u00f3n de Gobierno el mi\u00e9rcoles. El historiador franc\u00e9s, <strong>Beno\u00eet Pellistrandi, <\/strong>asegura en el informativo &#8217;24 Horas de RNE&#8217;: \u00abAunque S\u00e9bastien Lecornu pueda formar un nuevo gobierno,<strong> la autoridad del presidente le censurar\u00eda la semana que viene\u00bb.<\/strong><\/p>\n<p>El historiador se\u00f1ala: \u00abSi Macron no quiere dimitir, <strong>la \u00fanica opci\u00f3n es que haya elecciones legislativas con el enorme riesgo de que gobierne la extrema derecha\u00bb<\/strong>. Para el presidente franc\u00e9s ser\u00eda un \u00abfracaso hist\u00f3rico\u00bb, concluye.<\/p>\n","protected":false},"excerpt":{"rendered":"El primer ministro franc\u00e9s, S\u00e9bastien Lecornu, ha presentado su dimisi\u00f3n pocas horas despu\u00e9s de desvelar su propuesta de&hellip;\n","protected":false},"author":2,"featured_media":159910,"comment_status":"","ping_status":"","sticky":false,"template":"","format":"standard","meta":{"footnotes":""},"categories":[42],"tags":[11980,17,18,13,14,11,61,62,63,64,19,20,47509,9,10,15,16,133,1448,1986,1987,12,21,22,65,66,67],"class_list":{"0":"post-159909","1":"post","2":"type-post","3":"status-publish","4":"format-standard","5":"has-post-thumbnail","7":"category-internacional","8":"tag-24-horas","9":"tag-breaking-news","10":"tag-breakingnews","11":"tag-featured-news","12":"tag-featurednews","13":"tag-headlines","14":"tag-internacional","15":"tag-international","16":"tag-international-news","17":"tag-internationalnews","18":"tag-latest-news","19":"tag-latestnews","20":"tag-macron-da-dos-dias-a-lecornu-para-recomponer-una-coalicion-de-gobierno","21":"tag-news","22":"tag-noticias","23":"tag-noticias-destacadas","24":"tag-noticiasdestacadas","25":"tag-online","26":"tag-radio","27":"tag-rne","28":"tag-rtve-play","29":"tag-titulares","30":"tag-ultimas-noticias","31":"tag-ultimasnoticias","32":"tag-world","33":"tag-world-news","34":"tag-worldnews"},"share_on_mastodon":{"url":"","error":""},"_links":{"self":[{"href":"https:\/\/www.europesays.com\/es\/wp-json\/wp\/v2\/posts\/159909","targetHints":{"allow":["GET"]}}],"collection":[{"href":"https:\/\/www.europesays.com\/es\/wp-json\/wp\/v2\/posts"}],"about":[{"href":"https:\/\/www.europesays.com\/es\/wp-json\/wp\/v2\/types\/post"}],"author":[{"embeddable":true,"href":"https:\/\/www.europesays.com\/es\/wp-json\/wp\/v2\/users\/2"}],"replies":[{"embeddable":true,"href":"https:\/\/www.europesays.com\/es\/wp-json\/wp\/v2\/comments?post=159909"}],"version-history":[{"count":0,"href":"https:\/\/www.europesays.com\/es\/wp-json\/wp\/v2\/posts\/159909\/revisions"}],"wp:featuredmedia":[{"embeddable":true,"href":"https:\/\/www.europesays.com\/es\/wp-json\/wp\/v2\/media\/159910"}],"wp:attachment":[{"href":"https:\/\/www.europesays.com\/es\/wp-json\/wp\/v2\/media?parent=159909"}],"wp:term":[{"taxonomy":"category","embeddable":true,"href":"https:\/\/www.europesays.com\/es\/wp-json\/wp\/v2\/categories?post=159909"},{"taxonomy":"post_tag","embeddable":true,"href":"https:\/\/www.europesays.com\/es\/wp-json\/wp\/v2\/tags?post=159909"}],"curies":[{"name":"wp","href":"https:\/\/api.w.org\/{rel}","templated":true}]}}