{"id":159913,"date":"2025-10-06T20:05:13","date_gmt":"2025-10-06T20:05:13","guid":{"rendered":"https:\/\/www.europesays.com\/es\/159913\/"},"modified":"2025-10-06T20:05:13","modified_gmt":"2025-10-06T20:05:13","slug":"begona-gomez-renuncia-tambien-a-asistir-a-la-audiencia-que-deja-toda-la-causa-en-manos-del-jurado-tribunales","status":"publish","type":"post","link":"https:\/\/www.europesays.com\/es\/159913\/","title":{"rendered":"Bego\u00f1a G\u00f3mez renuncia tambi\u00e9n a asistir a la audiencia que deja toda la causa en manos del jurado | Tribunales"},"content":{"rendered":"<p class=\"loc\">Madrid<\/p>\n<p>El juez que investiga a Bego\u00f1a G\u00f3mez celebra la audiencia para transformar a la ley del jurado la pieza principal que trata de esclarecer si ella y el empresario, Carlos Barrab\u00e9s, usaron la c\u00e1tedra que compartieron en la Universidad Complutense como rampa de lanzamiento para sus carreras profesionales. <\/p>\n<p>La Fiscal\u00eda Europea investiga dos contratos p\u00fablicos concedidos a las empresas de Barrab\u00e9s que le reportaron m\u00e1s de 8 millones de euros despu\u00e9s de que entrara de profesor en la c\u00e1tedra de Transformaci\u00f3n Social Competitiva. <\/p>\n<p>Tal y como ocurri\u00f3 el pasado 27 de septiembre, los tres investigados han renunciado a acudir a la llamada de Juan Carlos Peinado y han dejado su defensa en manos de sus abogados. Junto a G\u00f3mez y Barrab\u00e9s est\u00e1 tambi\u00e9n investigada la asesora Cristina \u00c1lvarez. Una circular de la Fiscal\u00eda establece que en este tr\u00e1mite no es \u201cindispensable\u201d la presencia del investigado. <\/p>\n<p>Peinado cita tambi\u00e9n a la Universidad Complutense<\/p>\n<p>A diferencia de lo que hizo en la pieza separada en la que investiga un presunto delito de malversaci\u00f3n, esta vez Juan Carlos Peinado ha llamado al supuesto perjudicado por el delito cometido por la mujer del Presidente del Gobierno. La Universidad Complutense tendr\u00e1 que comparecer esta tarde en la audiencia que ha convocado el instructor para transformar la investigaci\u00f3n de la pieza principal en la que investiga la c\u00e1tedra que G\u00f3mez codirig\u00eda a la ley del jurado. <\/p>\n<p>Entiende Peinado que se est\u00e1 investigando un delito de apropiaci\u00f3n indebida de marca, porque supuestamente, Bego\u00f1a G\u00f3mez inscribi\u00f3 a su nombre el software de sostenibilidad que distintas empresas elaboraron para esta formaci\u00f3n. La semana pasada, cuando convoc\u00f3 a las partes a las que investiga tambi\u00e9n por un presunto delito de malversaci\u00f3n, no llam\u00f3 al perjudicado por ese delito, tal y como establece la ley.<\/p>\n","protected":false},"excerpt":{"rendered":"Madrid El juez que investiga a Bego\u00f1a G\u00f3mez celebra la audiencia para transformar a la ley del jurado&hellip;\n","protected":false},"author":2,"featured_media":159914,"comment_status":"","ping_status":"","sticky":false,"template":"","format":"standard","meta":{"footnotes":""},"categories":[5],"tags":[35846,17,18,10109,25,24,35847,13,14,11,19,20,35848,9,10,15,16,22254,35849,526,23,12,21,22],"class_list":{"0":"post-159913","1":"post","2":"type-post","3":"status-publish","4":"format-standard","5":"has-post-thumbnail","7":"category-titulares","8":"tag-atelier-couture-bridal","9":"tag-breaking-news","10":"tag-breakingnews","11":"tag-celebrity","12":"tag-es","13":"tag-espana","14":"tag-famous","15":"tag-featured-news","16":"tag-featurednews","17":"tag-headlines","18":"tag-latest-news","19":"tag-latestnews","20":"tag-madrid-fashion-week","21":"tag-news","22":"tag-noticias","23":"tag-noticias-destacadas","24":"tag-noticiasdestacadas","25":"tag-personality","26":"tag-santa-isabel-palace","27":"tag-show","28":"tag-spain","29":"tag-titulares","30":"tag-ultimas-noticias","31":"tag-ultimasnoticias"},"share_on_mastodon":{"url":"","error":""},"_links":{"self":[{"href":"https:\/\/www.europesays.com\/es\/wp-json\/wp\/v2\/posts\/159913","targetHints":{"allow":["GET"]}}],"collection":[{"href":"https:\/\/www.europesays.com\/es\/wp-json\/wp\/v2\/posts"}],"about":[{"href":"https:\/\/www.europesays.com\/es\/wp-json\/wp\/v2\/types\/post"}],"author":[{"embeddable":true,"href":"https:\/\/www.europesays.com\/es\/wp-json\/wp\/v2\/users\/2"}],"replies":[{"embeddable":true,"href":"https:\/\/www.europesays.com\/es\/wp-json\/wp\/v2\/comments?post=159913"}],"version-history":[{"count":0,"href":"https:\/\/www.europesays.com\/es\/wp-json\/wp\/v2\/posts\/159913\/revisions"}],"wp:featuredmedia":[{"embeddable":true,"href":"https:\/\/www.europesays.com\/es\/wp-json\/wp\/v2\/media\/159914"}],"wp:attachment":[{"href":"https:\/\/www.europesays.com\/es\/wp-json\/wp\/v2\/media?parent=159913"}],"wp:term":[{"taxonomy":"category","embeddable":true,"href":"https:\/\/www.europesays.com\/es\/wp-json\/wp\/v2\/categories?post=159913"},{"taxonomy":"post_tag","embeddable":true,"href":"https:\/\/www.europesays.com\/es\/wp-json\/wp\/v2\/tags?post=159913"}],"curies":[{"name":"wp","href":"https:\/\/api.w.org\/{rel}","templated":true}]}}