{"id":159917,"date":"2025-10-06T20:08:08","date_gmt":"2025-10-06T20:08:08","guid":{"rendered":"https:\/\/www.europesays.com\/es\/159917\/"},"modified":"2025-10-06T20:08:08","modified_gmt":"2025-10-06T20:08:08","slug":"donald-trump-celebrara-su-cumpleanos-80-con-una-funcion-de-ufc-en-la-casa-blanca","status":"publish","type":"post","link":"https:\/\/www.europesays.com\/es\/159917\/","title":{"rendered":"Donald Trump celebrar\u00e1 su cumplea\u00f1os 80 con una funci\u00f3n de UFC en la Casa Blanca"},"content":{"rendered":"\n<p class=\"p_0\">El presidente de los Estados Unidos, <b>Donald Trump<\/b>, confirm\u00f3 durante un discurso p\u00fablico la fecha para la funci\u00f3n especial de <a href=\"https:\/\/vanguardia.com.mx\/deportes\/jon-jones-anuncia-su-retiro-definitivo-de-la-ufc-y-deja-su-titulo-a-tom-aspinall-JN16399198\" rel=\"nofollow noopener\" target=\"_blank\"><b>UFC<\/b> <\/a>que conmemorar\u00e1 el <b>250 aniversario de la Independencia de Estados Unidos<\/b>. Contra lo esperado, el evento no se realizar\u00e1 el 4 de julio, sino el <b>14 de junio de 2026<\/b>, coincidiendo con el <b>cumplea\u00f1os n\u00famero 80 del mandatario<\/b>.<\/p>\n<p class=\"p_1\">La decisi\u00f3n sorprendi\u00f3 a la audiencia que asisti\u00f3 al acto, pues desde que Trump hab\u00eda adelantado sus intenciones de llevar el oct\u00e1gono de la empresa de artes marciales mixtas a los jardines de la <b>Casa Blanca<\/b>, se pensaba que ser\u00eda parte del festejo del D\u00eda de la Independencia. Sin embargo, la velada se adelantar\u00e1 casi un mes.<\/p>\n<p class=\"p_2\"><b>TE PUEDE INTERESAR: <\/b><a href=\"https:\/\/vanguardia.com.mx\/deportes\/futbol\/chivas-remonta-y-vence-2-1-a-pumas-en-ciudad-universitaria-con-gol-agonico-de-daniel-aguirre-AK17597456\" rel=\"nofollow noopener\" target=\"_blank\">Chivas remonta y vence 2-1 a Pumas en Ciudad Universitaria con gol ag\u00f3nico de Daniel Aguirre<\/a><\/p>\n<p class=\"p_3\">El anuncio fue recibido con entusiasmo por los seguidores de la <b>UFC<\/b>, especialmente despu\u00e9s de que el propio <b>Dana White<\/b>, director ejecutivo de la organizaci\u00f3n, hab\u00eda mencionado la posibilidad de realizar la cartelera en junio. Seg\u00fan fuentes cercanas al evento, Trump particip\u00f3 directamente en la elecci\u00f3n de la fecha, lo que refuerza su inter\u00e9s personal en el proyecto.<\/p>\n<p class=\"p_4\">Hasta el momento, no se han dado a conocer los nombres de los peleadores que encabezar\u00e1n la funci\u00f3n. No obstante, <b>Conor McGregor<\/b> y <b>Jon Jones<\/b> han insinuado en redes sociales que podr\u00edan regresar al oct\u00e1gono en esa ocasi\u00f3n, lo que elevar\u00eda el inter\u00e9s del p\u00fablico en una cita que ya se perfila como una de las m\u00e1s medi\u00e1ticas del calendario deportivo.<\/p>\n<p class=\"p_5\">De acuerdo con informaci\u00f3n publicada por <b>The MMA Fighting<\/b>, la <b>Casa Blanca<\/b> contar\u00e1 con un presupuesto espec\u00edfico para la realizaci\u00f3n del evento. Entre los gastos contemplados figura una factura estimada en <b>700 mil d\u00f3lares<\/b> destinada a reparar el c\u00e9sped del recinto tras el espect\u00e1culo.<\/p>\n<p class=\"p_6\">La idea de organizar una funci\u00f3n de <b>UFC<\/b> en la sede presidencial parti\u00f3 del propio Donald Trump. En un principio, muchos pensaron que se trataba de una ocurrencia m\u00e1s del mandatario, pero con el paso de las semanas, el proyecto tom\u00f3 forma. <b>Dana White<\/b> reconoci\u00f3 que la propuesta lo tom\u00f3 por sorpresa, aunque confirm\u00f3 que la planificaci\u00f3n avanza con el objetivo de concretar la velada el pr\u00f3ximo verano.<\/p>\n<p class=\"p_7\">En una entrevista con <b>CBS<\/b> en agosto pasado, el CEO de la UFC se\u00f1al\u00f3 que se reunir\u00eda con Trump para afinar detalles y conocer sus expectativas sobre el evento. Se prev\u00e9 que la funci\u00f3n movilice un amplio operativo de seguridad, debido a la magnitud del acontecimiento y al simbolismo que representa celebrar el aniversario de la independencia estadounidense en el coraz\u00f3n pol\u00edtico del pa\u00eds.<\/p>\n","protected":false},"excerpt":{"rendered":"El presidente de los Estados Unidos, Donald Trump, confirm\u00f3 durante un discurso p\u00fablico la fecha para la funci\u00f3n&hellip;\n","protected":false},"author":2,"featured_media":159918,"comment_status":"","ping_status":"","sticky":false,"template":"","format":"standard","meta":{"footnotes":""},"categories":[276],"tags":[47510,168,25,24,23,167,343],"class_list":{"0":"post-159917","1":"post","2":"type-post","3":"status-publish","4":"format-standard","5":"has-post-thumbnail","7":"category-ufc","8":"tag-corin-zuniga","9":"tag-deportes","10":"tag-es","11":"tag-espana","12":"tag-spain","13":"tag-sports","14":"tag-ufc"},"share_on_mastodon":{"url":"","error":""},"_links":{"self":[{"href":"https:\/\/www.europesays.com\/es\/wp-json\/wp\/v2\/posts\/159917","targetHints":{"allow":["GET"]}}],"collection":[{"href":"https:\/\/www.europesays.com\/es\/wp-json\/wp\/v2\/posts"}],"about":[{"href":"https:\/\/www.europesays.com\/es\/wp-json\/wp\/v2\/types\/post"}],"author":[{"embeddable":true,"href":"https:\/\/www.europesays.com\/es\/wp-json\/wp\/v2\/users\/2"}],"replies":[{"embeddable":true,"href":"https:\/\/www.europesays.com\/es\/wp-json\/wp\/v2\/comments?post=159917"}],"version-history":[{"count":0,"href":"https:\/\/www.europesays.com\/es\/wp-json\/wp\/v2\/posts\/159917\/revisions"}],"wp:featuredmedia":[{"embeddable":true,"href":"https:\/\/www.europesays.com\/es\/wp-json\/wp\/v2\/media\/159918"}],"wp:attachment":[{"href":"https:\/\/www.europesays.com\/es\/wp-json\/wp\/v2\/media?parent=159917"}],"wp:term":[{"taxonomy":"category","embeddable":true,"href":"https:\/\/www.europesays.com\/es\/wp-json\/wp\/v2\/categories?post=159917"},{"taxonomy":"post_tag","embeddable":true,"href":"https:\/\/www.europesays.com\/es\/wp-json\/wp\/v2\/tags?post=159917"}],"curies":[{"name":"wp","href":"https:\/\/api.w.org\/{rel}","templated":true}]}}