{"id":159927,"date":"2025-10-06T20:22:07","date_gmt":"2025-10-06T20:22:07","guid":{"rendered":"https:\/\/www.europesays.com\/es\/159927\/"},"modified":"2025-10-06T20:22:07","modified_gmt":"2025-10-06T20:22:07","slug":"un-organoide-renal-desvela-la-causa-genetica-de-la-enfermedad-renal-cronica-mediada-por-apol1","status":"publish","type":"post","link":"https:\/\/www.europesays.com\/es\/159927\/","title":{"rendered":"Un organoide renal desvela la causa gen\u00e9tica de la enfermedad renal cr\u00f3nica mediada por APOL1"},"content":{"rendered":"<p>Las causas de la enfermedad renal mediada por APOL1 (ERMA) actualmente no se comprenden bien y se carece de tratamiento, por lo que un equipo de la Universidad de Leiden (Pa\u00edses Bajos) ha generado c\u00e9lulas madre a partir de biopsias de piel de pacientes con ERMA y las convirtieron en estructuras microsc\u00f3picas conocidas como organoides renales, que pueden modelar aspectos de la funci\u00f3n renal humana para poder investigar al respecto. <b>Su trabajo se publica en &#8216;Stem Cell Reports&#8217;<\/b>.<\/p>\n<p>En profundidad<\/p>\n<p>La enfermedad renal cr\u00f3nica (ERC) afecta a m\u00e1s de 700 millones de personas en todo el mundo y est\u00e1 causada por factores gen\u00e9ticos y ambientales, as\u00ed como por afecciones m\u00e9dicas preexistentes. Los factores de riesgo gen\u00e9ticos conocidos para la ERC incluyen mutaciones en el gen APOL1.<b> Estas son poco frecuentes en la mayor\u00eda de las poblaciones, pero dos variantes de riesgo est\u00e1n presentes en hasta el 13% de las personas de origen africano occidental y otro 38% posee una copia (portadores)<\/b>.<\/p>\n<p>En este trabajo, Siebe Spijker y su equipo de la Universidad de Leiden describen como en algunos de estos organoides, las mutaciones de APOL1 se corrigieron mediante ingenier\u00eda gen\u00e9tica. As\u00ed, a trav\u00e9s de un panel de pruebas de laboratorio, los investigadores descubrieron que<b> las mutaciones de APOL1 afectan el funcionamiento adecuado de las mitocondrias, necesarias para la respiraci\u00f3n y la producci\u00f3n de energ\u00eda en el ri\u00f1\u00f3n<\/b>.<\/p>\n<p>M\u00e1s detalles<\/p>\n<p>Un tipo de c\u00e9lula llamada podocito, esencial para la funci\u00f3n de filtrado del ri\u00f1\u00f3n, se vio particularmente afectado por las mutaciones de APOL1, ya que estos podocitos son las c\u00e9lulas que producen la mayor cantidad de prote\u00edna APOL1 en los ri\u00f1ones. <b>Estos efectos negativos se presentan principalmente cuando las c\u00e9lulas se ven estresadas por prote\u00ednas inflamatorias<\/b>. Este hallazgo podr\u00eda explicar por qu\u00e9 la inflamaci\u00f3n en el cuerpo, por ejemplo, por infecciones v\u00edricas o enfermedades autoinmunes, a menudo desencadena la aparici\u00f3n de DMAE en los pacientes.<\/p>\n<p>A tener en cuenta<\/p>\n<p>\u00abAnticipamos que este modelo de organoides de ri\u00f1\u00f3n humano har\u00e1 avanzar nuestra comprensi\u00f3n de la ERMA y acelerar\u00e1 el descubrimiento de f\u00e1rmacos, <b>en particular dado que APOL1 no se expresa de forma end\u00f3gena en roedores<\/b>\u00ab, a\u00f1ade Spijker.<\/p>\n<p>As\u00ed, esta investigaci\u00f3n muestra que el APOL1<b> mutante afecta la funci\u00f3n mitocondrial en los podocitos y puede abrir caminos para dise\u00f1ar tratamientos espec\u00edficos para pacientes con ERMA<\/b>.<\/p>\n<p>WhatsApp<a href=\"https:\/\/api.whatsapp.com\/send?text=https:\/\/www.eleconomista.es\/salud-bienestar\/enfermedades\/noticias\/13580532\/10\/25\/un-organoide-renal-desvela-la-causa-genetica-de-la-enfermedad-renal-cronica-mediada-por-apol1.html?utm_source%3Dwhatsapp%26utm_medium%3Dshare_button&amp;id=1648118629957_whatsapp\" target=\"_blank\" data-action=\"share\/whatsapp\/share\" aria-label=\"Compartir en Whatsapp\" rel=\"nofollow noopener\"><\/a>Facebook<a id=\"fb-share\" href=\"#\" target=\"_blank\" rel=\"noopener noreferrer\" aria-label=\"Compartir en Facebook\"><\/a>Twitter<a href=\"https:\/\/twitter.com\/share?text=Un+organoide+renal+desvela+la+causa+gen%C3%A9tica+de+la+enfermedad+renal+cr%C3%B3nica+mediada+por+APOL1&amp;url=https:\/\/www.eleconomista.es\/salud-bienestar\/enfermedades\/noticias\/13580532\/10\/25\/un-organoide-renal-desvela-la-causa-genetica-de-la-enfermedad-renal-cronica-mediada-por-apol1.html&amp;via=elEconomistaes&amp;id=1648118839245_twitter\" target=\"_blank\" aria-label=\"Compartir en Twitter\" rel=\"nofollow noopener\"><\/a>Linkedin<a href=\"https:\/\/linkedin.com\/share?text=https:\/\/www.eleconomista.es\/salud-bienestar\/enfermedades\/noticias\/13580532\/10\/25\/un-organoide-renal-desvela-la-causa-genetica-de-la-enfermedad-renal-cronica-mediada-por-apol1.html&amp;via=elEconomistaes\" target=\"_blank\" aria-label=\"Compartir en linkedin\" rel=\"nofollow noopener\"><\/a>Beloud<a href=\"https:\/\/beloud.com\/share?text=Un+organoide+renal+desvela+la+causa+gen%C3%A9tica+de+la+enfermedad+renal+cr%C3%B3nica+mediada+por+APOL1&amp;url=https:\/\/www.eleconomista.es\/salud-bienestar\/enfermedades\/noticias\/13580532\/10\/25\/un-organoide-renal-desvela-la-causa-genetica-de-la-enfermedad-renal-cronica-mediada-por-apol1.html&amp;via=elEconomistaes&amp;id=1648118839245_beloud\" target=\"_blank\" aria-label=\"Compartir en beloud\" rel=\"nofollow noopener\"><\/a>Bluesky<a href=\"https:\/\/bsky.app\/intent\/compose?text=https:\/\/bsky.app\/intent\/compose?text=https:\/\/www.eleconomista.es\/salud-bienestar\/enfermedades\/noticias\/13580532\/10\/25\/un-organoide-renal-desvela-la-causa-genetica-de-la-enfermedad-renal-cronica-mediada-por-apol1.html&amp;url=https:\/\/www.eleconomista.es\/salud-bienestar\/enfermedades\/noticias\/13580532\/10\/25\/un-organoide-renal-desvela-la-causa-genetica-de-la-enfermedad-renal-cronica-mediada-por-apol1.html&amp;via=elEconomistaes&amp;id=1648118839245_bluesky\" target=\"_blank\" aria-label=\"Compartir en bluesky\" rel=\"nofollow noopener\"><\/a><\/p>\n<p><script async src=\"https:\/\/platform.twitter.com\/widgets.js\" charset=\"utf-8\"><\/script><\/p>\n","protected":false},"excerpt":{"rendered":"Las causas de la enfermedad renal mediada por APOL1 (ERMA) actualmente no se comprenden bien y se carece&hellip;\n","protected":false},"author":2,"featured_media":159928,"comment_status":"","ping_status":"","sticky":false,"template":"","format":"standard","meta":{"footnotes":""},"categories":[92],"tags":[25,24,165,166,4134,23],"class_list":{"0":"post-159927","1":"post","2":"type-post","3":"status-publish","4":"format-standard","5":"has-post-thumbnail","7":"category-salud","8":"tag-es","9":"tag-espana","10":"tag-health","11":"tag-salud","12":"tag-salud-bienestar","13":"tag-spain"},"share_on_mastodon":{"url":"","error":""},"_links":{"self":[{"href":"https:\/\/www.europesays.com\/es\/wp-json\/wp\/v2\/posts\/159927","targetHints":{"allow":["GET"]}}],"collection":[{"href":"https:\/\/www.europesays.com\/es\/wp-json\/wp\/v2\/posts"}],"about":[{"href":"https:\/\/www.europesays.com\/es\/wp-json\/wp\/v2\/types\/post"}],"author":[{"embeddable":true,"href":"https:\/\/www.europesays.com\/es\/wp-json\/wp\/v2\/users\/2"}],"replies":[{"embeddable":true,"href":"https:\/\/www.europesays.com\/es\/wp-json\/wp\/v2\/comments?post=159927"}],"version-history":[{"count":0,"href":"https:\/\/www.europesays.com\/es\/wp-json\/wp\/v2\/posts\/159927\/revisions"}],"wp:featuredmedia":[{"embeddable":true,"href":"https:\/\/www.europesays.com\/es\/wp-json\/wp\/v2\/media\/159928"}],"wp:attachment":[{"href":"https:\/\/www.europesays.com\/es\/wp-json\/wp\/v2\/media?parent=159927"}],"wp:term":[{"taxonomy":"category","embeddable":true,"href":"https:\/\/www.europesays.com\/es\/wp-json\/wp\/v2\/categories?post=159927"},{"taxonomy":"post_tag","embeddable":true,"href":"https:\/\/www.europesays.com\/es\/wp-json\/wp\/v2\/tags?post=159927"}],"curies":[{"name":"wp","href":"https:\/\/api.w.org\/{rel}","templated":true}]}}