{"id":159942,"date":"2025-10-06T20:36:35","date_gmt":"2025-10-06T20:36:35","guid":{"rendered":"https:\/\/www.europesays.com\/es\/159942\/"},"modified":"2025-10-06T20:36:35","modified_gmt":"2025-10-06T20:36:35","slug":"el-lointek-gernika-se-arma-de-ambicion-y-pasion","status":"publish","type":"post","link":"https:\/\/www.europesays.com\/es\/159942\/","title":{"rendered":"El Lointek Gernika se arma de \u201cambici\u00f3n y pasi\u00f3n\u201d"},"content":{"rendered":"<p>\n        El <a href=\"https:\/\/www.deia.eus\/tags\/lointek-gernika\/\" title=\"Lointek Gernika Bizkaia\" class=\"link copy\" rel=\"nofollow noopener\" target=\"_blank\">Lointek Gernika Bizkaia<\/a> se encamina hacia su<strong> trig\u00e9simo aniversario sorteando todas las dificultades sin abandonar su ambici\u00f3n y su esp\u00edritu competitivo<\/strong>. <strong>Diez de esos a\u00f1os los ha cubierto con el patrocinio de Lointek, que es ahora el principal sustento de un club que no quiere abandonar sus ra\u00edces para mantenerse como principal referente del baloncesto femenino de <\/strong><a href=\"https:\/\/www.deia.eus\/tags\/bizkaia\/\" title=\"Bizkaia\" class=\"link copy\" rel=\"nofollow noopener\" target=\"_blank\"><strong>Bizkaia<\/strong><\/a><strong> <\/strong>sin descuidar el deporte inclusivo y la cantera, tal como se\u00f1al\u00f3 <a href=\"https:\/\/www.deia.eus\/tags\/leixuri-arrizabalaga\/\" title=\"Leixuri Arrizabalaga\" class=\"link copy\" rel=\"nofollow noopener\" target=\"_blank\">Leixuri Arrizabalaga<\/a>, diputada de Euskera, Cultura y Deportes, que lo calific\u00f3 como <strong>\u201calgo m\u00e1s que un equipo porque hab\u00e9is formado desde lo local una familia unida, fuerte y competitiva, con ilusi\u00f3n y compromiso. Sois un ejemplo a seguir para nuestras ni\u00f1as\u201d.<\/strong>\n<\/p>\n<blockquote class=\"twitter-tweet\" data-lang=\"es\">\n<p lang=\"eu\" dir=\"ltr\">\ud83d\udea8\ud83d\udea8\ud83d\udea8AMAIERA\/FINAL\ud83d\udea8\ud83d\udea8\ud83d\udea8<\/p>\n<p>ESUKAL KOPAREN TXAPELDUNAK GARA \u203c\ufe0f<\/p>\n<p>Kutxabank Araski 50<br \/>Lointek Gernika Bizkaia 58<a href=\"https:\/\/twitter.com\/hashtag\/GutarikoBat?src=hash&amp;ref_src=twsrc%5Etfw\" rel=\"nofollow noopener\" target=\"_blank\">#GutarikoBat<\/a>\ud83d\udc9c <a href=\"https:\/\/t.co\/VlMHgy9tNW\" rel=\"nofollow\">pic.twitter.com\/VlMHgy9tNW<\/a><\/p>\n<p>\u2014 Lointek Gernika Bizkaia (@GKesb) <a href=\"https:\/\/twitter.com\/GKesb\/status\/1972274214398005471?ref_src=twsrc%5Etfw\" rel=\"nofollow noopener\" target=\"_blank\">28 de septiembre de 2025<\/a><\/p><\/blockquote>\n<p class=\"article-body__text \">\n        <strong>Javier Loro\u00f1o, CEO y m\u00e1ximo responsable de Lointek, pidi\u00f3 al equipo \u201cambici\u00f3n y pasi\u00f3n\u201d en busca de mantener los objetivos deportivos de todos estos a\u00f1os que han sido prologados por <\/strong><a href=\"https:\/\/www.deia.eus\/baloncesto\/2025\/09\/29\/lointek-gernika-gana-euskal-kopa-10141579.html\" title=\"el triunfo en la Euskal Kopa el pasado domingo en Durango\" class=\"link copy\" rel=\"nofollow noopener\" target=\"_blank\">el triunfo en la Euskal Kopa el pasado domingo en Durango<\/a>. <strong>\u201cEn estos diez a\u00f1os hemos visto c\u00f3mo ha crecido el deporte femenino de alta competici\u00f3n y la Liga Femenina en todos sus aspectos. En este contexto, se suele decir que el que no crece retrocede y ah\u00ed es donde debemos poner el acento, en intentar seguir mejorando\u201d<\/strong>, a\u00f1adi\u00f3.\n<\/p>\n<p class=\"article-body__text \">\n        Lucas Fern\u00e1ndez y la plantilla tomaron nota de esta ambici\u00f3n que se le reclama, pero el entrenador quiso ser prudente sobre todo porque ahora mismo solo puede disponer de nueve jugadoras del primer equipo. <strong>\u201cTodas est\u00e1n realizando un gran trabajo y estamos muy contentos\u201d, asegur\u00f3 el t\u00e9cnico del Lointek Gernika, que est\u00e1 peinando \u201cun mercado que ahora mismo est\u00e1 muy complicado\u201d.<\/strong> Las <strong>dos estadounidenses fichadas en verano, Cameron Williams y Taylor Jones, han dejado el equipo por sendas lesiones y el club quiere encontrar al menos un refuerzo para afrontar una temporada que ser\u00e1 muy exigente por el doble compromiso de la Liga Femenina y la Eurocup.<\/strong> Adem\u00e1s, <strong>la canterana Naia Zubiaga fue operada ayer de sus problemas en el hombro y no podr\u00e1 estar con el equipo hasta dentro de algunas semanas.<\/strong>\n<\/p>\n<p class=\"article-body__text \">\n        <strong>\u201cTomo las palabras que ha dicho Loro\u00f1o, pero esa ambici\u00f3n nos viene desde fuera. Siempre aspiras a mejorar lo del a\u00f1o anterior, pero lo que nosotras queremos es dar nuestro m\u00e1ximo cada d\u00eda y ser competitivas siempre porque eso es lo que nos va a hacer ganar partidos. No me atrevo a hablar de posiciones porque ya henos visto otros a\u00f1os que algunos equipos han sufrido para compaginar las dos competiciones y la liga ha subido un escal\u00f3n de nivel<\/strong>\u201d, a\u00f1adi\u00f3 el t\u00e9cnico del Lointek Gernika.\n<\/p>\n<p class=\"article-body__text \">\n        <strong>Lucas Fern\u00e1ndez se mostr\u00f3 satisfecho de lo que tiene entre manos esta campa\u00f1a porque \u201chemos podido compaginar el factor humano y de la calidad deportiva y tenemos una versatilidad que nos permite tener m\u00e1s herramientas y nos ha hecho afrontar este primer periodo competitivo con m\u00e1s garant\u00eda<\/strong>s\u201d. La Euskal Kopa permiti\u00f3 al conjunto granate \u201cmedirnos con rivales de nuestra altura en la Liga Femenina y acabamos muy contentas con el resultado, no solo por el hecho de lograr un t\u00edtulo que siempre motiva\u201d.\n<\/p>\n<p>  <strong>Estreno en maloste<\/strong><\/p>\n<p class=\"article-body__text \">\n        <strong> La competici\u00f3n arrancar\u00e1 el pr\u00f3ximo s\u00e1bado ante el Estudiantes en Maloste, donde el equipo gernikarra quiere recuperar la fortaleza que perdi\u00f3 la pasada temporada<\/strong>. Ane Olaeta, Esther Castedo, \u00c1ngela Salvadores, Joy Adams, Laura Westerik, Sarah Polleros, Esther Matarranz, Emily Bessoir y Masa Jankovic son, de momento, las encargadas de lanzar una temporada en la que llegar a la Copa y al play-off y hacerlo bien en la Eurocup, siempre que se pueda, son objetivos habituales desde hace unos a\u00f1os.\n<\/p>\n<p>            <script async src=\"https:\/\/platform.twitter.com\/widgets.js\" charset=\"utf-8\"><\/script><\/p>\n","protected":false},"excerpt":{"rendered":"El Lointek Gernika Bizkaia se encamina hacia su trig\u00e9simo aniversario sorteando todas las dificultades sin abandonar su ambici\u00f3n&hellip;\n","protected":false},"author":2,"featured_media":159943,"comment_status":"","ping_status":"","sticky":false,"template":"","format":"standard","meta":{"footnotes":""},"categories":[269],"tags":[5882,299,298,168,25,24,3705,9276,13511,23,167],"class_list":{"0":"post-159942","1":"post","2":"type-post","3":"status-publish","4":"format-standard","5":"has-post-thumbnail","7":"category-baloncesto","8":"tag-ambicion","9":"tag-baloncesto","10":"tag-basketball","11":"tag-deportes","12":"tag-es","13":"tag-espana","14":"tag-gernika","15":"tag-lointek","16":"tag-pasion","17":"tag-spain","18":"tag-sports"},"share_on_mastodon":{"url":"","error":""},"_links":{"self":[{"href":"https:\/\/www.europesays.com\/es\/wp-json\/wp\/v2\/posts\/159942","targetHints":{"allow":["GET"]}}],"collection":[{"href":"https:\/\/www.europesays.com\/es\/wp-json\/wp\/v2\/posts"}],"about":[{"href":"https:\/\/www.europesays.com\/es\/wp-json\/wp\/v2\/types\/post"}],"author":[{"embeddable":true,"href":"https:\/\/www.europesays.com\/es\/wp-json\/wp\/v2\/users\/2"}],"replies":[{"embeddable":true,"href":"https:\/\/www.europesays.com\/es\/wp-json\/wp\/v2\/comments?post=159942"}],"version-history":[{"count":0,"href":"https:\/\/www.europesays.com\/es\/wp-json\/wp\/v2\/posts\/159942\/revisions"}],"wp:featuredmedia":[{"embeddable":true,"href":"https:\/\/www.europesays.com\/es\/wp-json\/wp\/v2\/media\/159943"}],"wp:attachment":[{"href":"https:\/\/www.europesays.com\/es\/wp-json\/wp\/v2\/media?parent=159942"}],"wp:term":[{"taxonomy":"category","embeddable":true,"href":"https:\/\/www.europesays.com\/es\/wp-json\/wp\/v2\/categories?post=159942"},{"taxonomy":"post_tag","embeddable":true,"href":"https:\/\/www.europesays.com\/es\/wp-json\/wp\/v2\/tags?post=159942"}],"curies":[{"name":"wp","href":"https:\/\/api.w.org\/{rel}","templated":true}]}}