{"id":159950,"date":"2025-10-06T20:48:17","date_gmt":"2025-10-06T20:48:17","guid":{"rendered":"https:\/\/www.europesays.com\/es\/159950\/"},"modified":"2025-10-06T20:48:17","modified_gmt":"2025-10-06T20:48:17","slug":"fitch-retoma-la-cobertura-a-ohla-y-revisa-al-alza-su-rating","status":"publish","type":"post","link":"https:\/\/www.europesays.com\/es\/159950\/","title":{"rendered":"Fitch retoma la cobertura a OHLA y revisa al alza su rating"},"content":{"rendered":"<p><b>Fitch <\/b>ha anunciado que ha restablecido su cobertura sobre <a href=\"https:\/\/www.eleconomista.es\/mercados-cotizaciones\/noticias\/13542269\/09\/25\/ohla-ofrece-un-potencial-del-33-como-la-nueva-estrategia-de-la-cartera-agresiva.html\" rel=\"nofollow noopener\" target=\"_blank\"><b>OHLA <\/b><\/a>y ha asignado a la constructora un rating de B- con perspectiva estable para la compa\u00f1\u00eda, as\u00ed como una nota B a la filial <b>OHL Operaciones<\/b>. La calificaci\u00f3n principal se sustenta en el s\u00f3lido perfil de negocio de OHLA y la mejora de su estructura financiera tras la recapitalizaci\u00f3n, <b>si bien la nota asignada \u00abse ve limitada por su flexibilidad financiera<\/b>, especialmente dada la volatilidad de sus necesidades de capital circulante\u00bb.<\/p>\n<p>\u00abEste hecho constituye un respaldo a la estrategia de disciplina financiera que el Grupo viene desarrollando en los \u00faltimos a\u00f1os\u00bb, ha incidido la compa\u00f1\u00eda. La compa\u00f1\u00eda presidida por <b>Luis Amodio<\/b> considera que la agencia internacional de calificaci\u00f3n crediticia supone \u00abuna revisi\u00f3n al alza de su rating corporativo\u00bb.<\/p>\n<p>En cualquier caso, el anuncio de la casa de an\u00e1lisis actualiza <a href=\"https:\/\/www.eleconomista.es\/infraestructuras-servicios\/noticias\/13426378\/06\/25\/moodys-baja-la-calificacion-crediticia-de-ohla-a-pesar-de-completar-la-ampliacion-de-capital-de-50-millones.html\" rel=\"nofollow noopener\" target=\"_blank\"><b>el ofrecido por Moody&#8217;s en verano<\/b><\/a>, cuando rebaj\u00f3 la calificaci\u00f3n crediticia de la empresa hasta &#8216;Caa1&#8217; desde el anterior &#8216;B3&#8217; (nota equivalente al rating que ahora da Fitch). El motivo, seg\u00fan Moody&#8217;s, fue la \u00abd\u00e9bil y vulnerable\u00bb liquidez que considera que tiene la compa\u00f1\u00eda.<\/p>\n<p>\u00abFitch destaca, entre los principales factores que sustentan su decisi\u00f3n, <b>el proceso de desapalancamiento acometido por el grupo en los \u00faltimos a\u00f1os<\/b>, as\u00ed como el s\u00f3lido perfil de negocio, que se sit\u00faa entre los principales contratistas internacionales del sector de la construcci\u00f3n\u00bb, afirma OHLA.<\/p>\n<p>OHLA \u00abha llevado a cabo una profunda transformaci\u00f3n financiera orientada al fortalecimiento de su estructura de capital\u00bb y en este sentido \u00abha cancelado m\u00e1s de 534 millones de euros de deuda\u00bb y <b>ha reducido su ratio de apalancamiento de 11,2 veces a 2,2 veces<\/b>. Tambi\u00e9n \u00aba m\u00e1s que duplicado su resultado bruto de explotaci\u00f3n (ebitda) y ha alcanzado una cifra r\u00e9cord de cartera de proyectos a cierre de 2024\u00bb, recuerdan desde la cotizada.<\/p>\n<p>Previsi\u00f3n de ingresos<\/p>\n<p>En su nota, <b>Fitch presupone que OHLA terminar\u00e1 2025 con unos ingresos de aproximadamente 3.700 millones de euros (no incluye la actividad generada por Servicios)<\/b>, con un crecimiento anual de un d\u00edgito medio en 2026-2028. El margen EBITDA de la empresa ser\u00e1 del 3,5% entre 2025 y 2026 y aumentar\u00e1 al 4% en 2028. Considera estas cifras sin tener en cuenta posibles desinversiones como las de Inges\u00e1n y Canalejas, que siguen en el mercado.<\/p>\n<p>WhatsApp<a href=\"https:\/\/api.whatsapp.com\/send?text=https:\/\/www.eleconomista.es\/capital-riesgo\/noticias\/13580367\/10\/25\/fitch-retoma-la-cobertura-a-ohla-y-asigna-un-b-a-su-rating.html?utm_source%3Dwhatsapp%26utm_medium%3Dshare_button&amp;id=1648118629957_whatsapp\" target=\"_blank\" data-action=\"share\/whatsapp\/share\" aria-label=\"Compartir en Whatsapp\" rel=\"nofollow noopener\"><\/a>Facebook<a id=\"fb-share\" href=\"#\" target=\"_blank\" rel=\"noopener noreferrer\" aria-label=\"Compartir en Facebook\"><\/a>Twitter<a href=\"https:\/\/twitter.com\/share?text=Fitch+retoma+la+cobertura+a+OHLA+y+revisa+al+alza+su+rating&amp;url=https:\/\/www.eleconomista.es\/capital-riesgo\/noticias\/13580367\/10\/25\/fitch-retoma-la-cobertura-a-ohla-y-asigna-un-b-a-su-rating.html&amp;via=elEconomistaes&amp;id=1648118839245_twitter\" target=\"_blank\" aria-label=\"Compartir en Twitter\" rel=\"nofollow noopener\"><\/a>Linkedin<a href=\"https:\/\/linkedin.com\/share?text=https:\/\/www.eleconomista.es\/capital-riesgo\/noticias\/13580367\/10\/25\/fitch-retoma-la-cobertura-a-ohla-y-asigna-un-b-a-su-rating.html&amp;via=elEconomistaes\" target=\"_blank\" aria-label=\"Compartir en linkedin\" rel=\"nofollow noopener\"><\/a>Beloud<a href=\"https:\/\/beloud.com\/share?text=Fitch+retoma+la+cobertura+a+OHLA+y+revisa+al+alza+su+rating&amp;url=https:\/\/www.eleconomista.es\/capital-riesgo\/noticias\/13580367\/10\/25\/fitch-retoma-la-cobertura-a-ohla-y-asigna-un-b-a-su-rating.html&amp;via=elEconomistaes&amp;id=1648118839245_beloud\" target=\"_blank\" aria-label=\"Compartir en beloud\" rel=\"nofollow noopener\"><\/a>Bluesky<a href=\"https:\/\/bsky.app\/intent\/compose?text=https:\/\/bsky.app\/intent\/compose?text=https:\/\/www.eleconomista.es\/capital-riesgo\/noticias\/13580367\/10\/25\/fitch-retoma-la-cobertura-a-ohla-y-asigna-un-b-a-su-rating.html&amp;url=https:\/\/www.eleconomista.es\/capital-riesgo\/noticias\/13580367\/10\/25\/fitch-retoma-la-cobertura-a-ohla-y-asigna-un-b-a-su-rating.html&amp;via=elEconomistaes&amp;id=1648118839245_bluesky\" target=\"_blank\" aria-label=\"Compartir en bluesky\" rel=\"nofollow noopener\"><\/a><\/p>\n<p><script async src=\"https:\/\/platform.twitter.com\/widgets.js\" charset=\"utf-8\"><\/script><\/p>\n","protected":false},"excerpt":{"rendered":"Fitch ha anunciado que ha restablecido su cobertura sobre OHLA y ha asignado a la constructora un rating&hellip;\n","protected":false},"author":2,"featured_media":159951,"comment_status":"","ping_status":"","sticky":false,"template":"","format":"standard","meta":{"footnotes":""},"categories":[80],"tags":[82,3803,95,94,25,24,23],"class_list":{"0":"post-159950","1":"post","2":"type-post","3":"status-publish","4":"format-standard","5":"has-post-thumbnail","7":"category-economia","8":"tag-business","9":"tag-capital-riesgo","10":"tag-economia","11":"tag-economy","12":"tag-es","13":"tag-espana","14":"tag-spain"},"share_on_mastodon":{"url":"","error":""},"_links":{"self":[{"href":"https:\/\/www.europesays.com\/es\/wp-json\/wp\/v2\/posts\/159950","targetHints":{"allow":["GET"]}}],"collection":[{"href":"https:\/\/www.europesays.com\/es\/wp-json\/wp\/v2\/posts"}],"about":[{"href":"https:\/\/www.europesays.com\/es\/wp-json\/wp\/v2\/types\/post"}],"author":[{"embeddable":true,"href":"https:\/\/www.europesays.com\/es\/wp-json\/wp\/v2\/users\/2"}],"replies":[{"embeddable":true,"href":"https:\/\/www.europesays.com\/es\/wp-json\/wp\/v2\/comments?post=159950"}],"version-history":[{"count":0,"href":"https:\/\/www.europesays.com\/es\/wp-json\/wp\/v2\/posts\/159950\/revisions"}],"wp:featuredmedia":[{"embeddable":true,"href":"https:\/\/www.europesays.com\/es\/wp-json\/wp\/v2\/media\/159951"}],"wp:attachment":[{"href":"https:\/\/www.europesays.com\/es\/wp-json\/wp\/v2\/media?parent=159950"}],"wp:term":[{"taxonomy":"category","embeddable":true,"href":"https:\/\/www.europesays.com\/es\/wp-json\/wp\/v2\/categories?post=159950"},{"taxonomy":"post_tag","embeddable":true,"href":"https:\/\/www.europesays.com\/es\/wp-json\/wp\/v2\/tags?post=159950"}],"curies":[{"name":"wp","href":"https:\/\/api.w.org\/{rel}","templated":true}]}}