{"id":159952,"date":"2025-10-06T20:49:08","date_gmt":"2025-10-06T20:49:08","guid":{"rendered":"https:\/\/www.europesays.com\/es\/159952\/"},"modified":"2025-10-06T20:49:08","modified_gmt":"2025-10-06T20:49:08","slug":"leon-xiv-como-maria-debemos-aprender-a-confiar-el-tiempo-de-dios-es-perfecto","status":"publish","type":"post","link":"https:\/\/www.europesays.com\/es\/159952\/","title":{"rendered":"Le\u00f3n XIV: Como Mar\u00eda, debemos aprender a confiar. El tiempo de Dios es perfecto"},"content":{"rendered":"<p>Al visitar la \u00abDomus Australia\u00bb, el Papa dijo que celebraba las V\u00edsperas con motivo de la festividad de Nuestra Se\u00f1ora del Rosario: \u00abEn verdad, esta devoci\u00f3n a Nuestra Sant\u00edsima Madre ocupa un lugar especial en mi coraz\u00f3n\u00bb.<\/p>\n<p><b>Bianca Fraccalvieri &#8211; Vatican News<\/b><\/p>\n<p>En la v\u00edspera de la festividad de la Sant\u00edsima Virgen del Rosario, Le\u00f3n XIV presidi\u00f3 las V\u00edsperas de hoy, 6 de octubre, en la \u00abDomus Australia\u00bb, una casa de vacaciones religiosas en el centro de Roma, que acoge principalmente a peregrinos y turistas australianos -o de habla inglesa- que visitan la capital.\u00a0<\/p>\n<p>Domus Australia, ubicada cerca de la estaci\u00f3n Termini, es un edificio hist\u00f3rico con antiguas reliquias romanas. Originalmente una casa para los Padres Maristas, fue adquirida por la Arquidi\u00f3cesis de S\u00eddney con el apoyo de otras di\u00f3cesis australianas a finales de la d\u00e9cada del 2000. Fue inaugurada por Benedicto XVI en 2011.\u00a0<\/p>\n<p>Al entrar en la iglesia, el Papa se detuvo en adoraci\u00f3n al Sant\u00edsimo Sacramento. Para darle la bienvenida, el coro londinense \u00abThe Gradualia Consort\u00bb cant\u00f3 el himno \u00abTu es Petrus\u00bb.\u00a0<\/p>\n<p>    <img decoding=\"async\" src=\"data:image\/gif;base64,R0lGODlhAQABAIAAAAAAAP\/\/\/yH5BAEAAAAALAAAAAABAAEAAAIBRAA7\" data-original=\"https:\/\/www.vaticannews.va\/content\/dam\/vaticannews\/agenzie\/images\/srv\/2025\/10\/06\/2025-10-06-celebrazione-dei-vespri-presso-la-domus-australia\/1759767084871.jpg\/_jcr_content\/renditions\/cq5dam.thumbnail.cropped.750.422.jpeg\" alt=\"Entrada del papa a la capilla de la Domus Australia\" title=\"Entrada del papa a la capilla de la Domus Australia\"\/><\/p>\n<p>\n   Entrada del papa a la capilla de la Domus Australia \u00a0 (@Vatican Media)\n  <\/p>\n<p>En su homil\u00eda, Le\u00f3n XIV expres\u00f3 su alegr\u00eda por celebrar las V\u00edsperas. \u00abDe hecho, esta devoci\u00f3n a Nuestra Sant\u00edsima Madre ocupa un lugar especial en mi coraz\u00f3n, por lo que tambi\u00e9n me complace compartir esta ocasi\u00f3n con la comunidad australiana presente en esta solemne bendici\u00f3n de la imagen restaurada de Nuestra Se\u00f1ora de Pompeya. Espero que esta imagen, donada a esta capilla hace muchas d\u00e9cadas por el futuro San Bartolo Longo, inspire a\u00fan m\u00e1s devoci\u00f3n hacia ella entre los residentes de la Domus y quienes la visitan como peregrinos, as\u00ed como entre los miembros de la comunidad local\u00bb.<\/p>\n<p>    <img decoding=\"async\" src=\"data:image\/gif;base64,R0lGODlhAQABAIAAAAAAAP\/\/\/yH5BAEAAAAALAAAAAABAAEAAAIBRAA7\" data-original=\"https:\/\/www.vaticannews.va\/content\/dam\/vaticannews\/agenzie\/images\/srv\/2025\/10\/06\/2025-10-06-celebrazione-dei-vespri-presso-la-domus-australia\/1759768287513.jpg\/_jcr_content\/renditions\/cq5dam.thumbnail.cropped.750.422.jpeg\" alt=\"Celebraci\u00f3n de las V\u00edsperas en la capilla de la Domuns Australia\" title=\"Celebraci\u00f3n de las V\u00edsperas en la capilla de la Domuns Australia\"\/><\/p>\n<p>\n   Celebraci\u00f3n de las V\u00edsperas en la capilla de la Domuns Australia \u00a0 (@Vatican Media)\n  <\/p>\n<p>En este A\u00f1o Jubilar dedicado a la virtud teologal de la Esperanza, observ\u00f3 el Pont\u00edfice, Mar\u00eda encarn\u00f3 esta virtud mediante su confianza en que Dios cumplir\u00eda sus promesas. Esta esperanza, a su vez, le dio la fuerza y \u200b\u200bel coraje para dedicar voluntariamente su vida al Evangelio y abandonarse por completo a la voluntad de Dios. \u00abSe dice a menudo que la Encarnaci\u00f3n tuvo lugar primero en el coraz\u00f3n de Mar\u00eda, antes de ocurrir en su seno. Esto subraya su fidelidad diaria a Dios\u00bb, declar\u00f3 el Papa.<\/p>\n<blockquote>\n<p>\u201cDios nunca llega tarde; debemos aprender a confiar, aunque requiera paciencia y perseverancia. El tiempo de Dios siempre es perfecto.\u201d<\/p>\n<\/blockquote>\n<p>Dios siempre viene a salvarnos y liberarnos, a\u00f1adi\u00f3 Le\u00f3n. \u00abNo vino simplemente a redimirnos de la esclavitud del pecado, sino a liberar nuestros corazones para que le digamos &#8216;s\u00ed&#8217;, como lo hizo nuestra Sant\u00edsima Madre\u00bb.\u00a0\u00a0<\/p>\n<p>Mientras cantamos el Magn\u00edficat, el Pont\u00edfice nos invit\u00f3 a reflexionar sobre c\u00f3mo Mar\u00eda, la verdadera Hija de Si\u00f3n, se alegr\u00f3 en Dios, su Salvador, porque vio las gracias que le fueron concedidas y c\u00f3mo Dios fue siempre fiel a Abraham y a su descendencia.<\/p>\n<p>\u00abAl venerar a Nuestra Se\u00f1ora de Pompeya en la Domus Australia, rezo para que tambi\u00e9n ustedes sean fortalecidos por el Esp\u00edritu Santo en su propio servicio al Se\u00f1or y a su Iglesia, y que d\u00e9 mucho fruto, fruto que perdure\u00bb, concluy\u00f3.<\/p>\n<p>Al final de las V\u00edsperas, el Papa bendijo la imagen de Nuestra Se\u00f1ora de Pompeya, una copia donada a los Padres Maristas por el Beato Bartolo Longo a finales del siglo XIX y restaurada pocos d\u00edas antes de su elecci\u00f3n el 8 de mayo. La imagen, un \u00f3leo con corona y estrellas doradas, se encuentra en la Iglesia de Santa Mar\u00eda del Rosario de Pompeya y San Pedro Chanel, anexa a la Domus.\u00a0\u00a0<\/p>\n<p>    <img decoding=\"async\" src=\"data:image\/gif;base64,R0lGODlhAQABAIAAAAAAAP\/\/\/yH5BAEAAAAALAAAAAABAAEAAAIBRAA7\" data-original=\"https:\/\/www.vaticannews.va\/content\/dam\/vaticannews\/agenzie\/images\/srv\/2025\/10\/06\/2025-10-06-celebrazione-dei-vespri-presso-la-domus-australia\/1759767087690.jpg\/_jcr_content\/renditions\/cq5dam.thumbnail.cropped.750.422.jpeg\" alt=\"Un momento de la celebraci\u00f3n de las V\u00edperas por el Papa Le\u00f3n XIV\" title=\"Un momento de la celebraci\u00f3n de las V\u00edperas por el Papa Le\u00f3n XIV\"\/><\/p>\n<p>\n   Un momento de la celebraci\u00f3n de las V\u00edperas por el Papa Le\u00f3n XIV \u00a0 (@Vatican Media)\n  <\/p>\n<p>Visita \u00abDomus Australia\u00bb <\/p>\n<p>En el altar de la iglesia se conservan las reliquias de San Pedro Chanel, protom\u00e1rtir y patrono de Ocean\u00eda, misionero marista franc\u00e9s fallecido en 1841 en la isla de Futuna, en la Polinesia Francesa, beatificado por Le\u00f3n XIII en 1889 y canonizado por P\u00edo XII en 1954.\u00a0\u00a0<\/p>\n<p>El altar de la iglesia tambi\u00e9n contiene las reliquias de otros santos: Santa Mar\u00eda de la Cruz MacKillop, la primera santa de Australia, San Andr\u00e9s Dung-Lac, sacerdote y compa\u00f1eros m\u00e1rtires vietnamitas, Santa Mar\u00eda Goretti, San Hugo de Lincoln y San P\u00edo V.\u00a0<\/p>\n<p>En la iglesia, hay una pintura que representa al cardenal vietnamita Fran\u00e7ois-Xavier Nguy\u00ean Van Thu\u00e1n (1928-2002) arrodillado en el momento de la consagraci\u00f3n mientras celebraba la misa en la prisi\u00f3n vietnamita donde estuvo preso durante trece a\u00f1os (de 1975 a 1988), nueve de los cuales pas\u00f3 en aislamiento. La iglesia tambi\u00e9n exhibe retratos de Santo Tom\u00e1s Moro, San Juan Enrique Newman, San Juan Pablo II y Santa Teresa de Calcuta.\u00a0<\/p>\n<p>La misa se celebra diariamente en ingl\u00e9s. La Domus tambi\u00e9n es un centro de m\u00fasica sacra. La adoraci\u00f3n eucar\u00edstica se realiza diariamente a las 17:00 h.<\/p>\n<p>    <img decoding=\"async\" src=\"data:image\/gif;base64,R0lGODlhAQABAIAAAAAAAP\/\/\/yH5BAEAAAAALAAAAAABAAEAAAIBRAA7\" data-original=\"https:\/\/www.vaticannews.va\/content\/dam\/vaticannews\/agenzie\/images\/srv\/2025\/10\/06\/2025-10-06-celebrazione-dei-vespri-presso-la-domus-australia\/1759768290389.jpg\/_jcr_content\/renditions\/cq5dam.thumbnail.cropped.750.422.jpeg\" alt=\"V\u00edperas en la Domus Australia\" title=\"V\u00edperas en la Domus Australia\"\/><\/p>\n<p>\n   V\u00edperas en la Domus Australia \u00a0 (@Vatican Media)\n  <\/p>\n","protected":false},"excerpt":{"rendered":"Al visitar la \u00abDomus Australia\u00bb, el Papa dijo que celebraba las V\u00edsperas con motivo de la festividad de&hellip;\n","protected":false},"author":2,"featured_media":159953,"comment_status":"","ping_status":"","sticky":false,"template":"","format":"standard","meta":{"footnotes":""},"categories":[42],"tags":[17,18,13,14,11,61,62,63,64,19,20,9,10,15,16,400,438,3847,12,21,22,22259,65,66,67],"class_list":{"0":"post-159952","1":"post","2":"type-post","3":"status-publish","4":"format-standard","5":"has-post-thumbnail","7":"category-internacional","8":"tag-breaking-news","9":"tag-breakingnews","10":"tag-featured-news","11":"tag-featurednews","12":"tag-headlines","13":"tag-internacional","14":"tag-international","15":"tag-international-news","16":"tag-internationalnews","17":"tag-latest-news","18":"tag-latestnews","19":"tag-news","20":"tag-noticias","21":"tag-noticias-destacadas","22":"tag-noticiasdestacadas","23":"tag-papa-leon-xiv","24":"tag-roma","25":"tag-rosario","26":"tag-titulares","27":"tag-ultimas-noticias","28":"tag-ultimasnoticias","29":"tag-virgen-maria","30":"tag-world","31":"tag-world-news","32":"tag-worldnews"},"share_on_mastodon":{"url":"","error":""},"_links":{"self":[{"href":"https:\/\/www.europesays.com\/es\/wp-json\/wp\/v2\/posts\/159952","targetHints":{"allow":["GET"]}}],"collection":[{"href":"https:\/\/www.europesays.com\/es\/wp-json\/wp\/v2\/posts"}],"about":[{"href":"https:\/\/www.europesays.com\/es\/wp-json\/wp\/v2\/types\/post"}],"author":[{"embeddable":true,"href":"https:\/\/www.europesays.com\/es\/wp-json\/wp\/v2\/users\/2"}],"replies":[{"embeddable":true,"href":"https:\/\/www.europesays.com\/es\/wp-json\/wp\/v2\/comments?post=159952"}],"version-history":[{"count":0,"href":"https:\/\/www.europesays.com\/es\/wp-json\/wp\/v2\/posts\/159952\/revisions"}],"wp:featuredmedia":[{"embeddable":true,"href":"https:\/\/www.europesays.com\/es\/wp-json\/wp\/v2\/media\/159953"}],"wp:attachment":[{"href":"https:\/\/www.europesays.com\/es\/wp-json\/wp\/v2\/media?parent=159952"}],"wp:term":[{"taxonomy":"category","embeddable":true,"href":"https:\/\/www.europesays.com\/es\/wp-json\/wp\/v2\/categories?post=159952"},{"taxonomy":"post_tag","embeddable":true,"href":"https:\/\/www.europesays.com\/es\/wp-json\/wp\/v2\/tags?post=159952"}],"curies":[{"name":"wp","href":"https:\/\/api.w.org\/{rel}","templated":true}]}}